{"id":48956,"date":"2025-10-17T21:57:59","date_gmt":"2025-10-17T21:57:59","guid":{"rendered":"https:\/\/historiografija.hr\/?p=48956"},"modified":"2025-10-17T21:57:59","modified_gmt":"2025-10-17T21:57:59","slug":"serija-popularnih-predavanja-nevena-budaka-hrvatski-vladari-sto-znamo-o-njima-i-sto-nam-danas-znace","status":"publish","type":"post","link":"https:\/\/historiografija.hr\/?p=48956","title":{"rendered":"Serija popularnih predavanja Nevena Budaka &#8220;Hrvatski vladari &#8211; \u0161to znamo o njima i \u0161to nam danas zna\u010de?&#8221;"},"content":{"rendered":"\n<p>Serija popularnih predavanja Nevena Budaka &#8220;Hrvatski vladari &#8211; \u0161to znamo o njima i \u0161to nam danas zna\u010de?&#8221;, koja po\u010dinje 20. listopada 2025. godine, odr\u017eavat \u0107e se u Centru kulture Dubrava u Zagrebu (Dubrava 51a) ponedjeljkom u 19 sati.<\/p>\n\n\n\n<hr class=\"wp-block-separator has-alpha-channel-opacity\"\/>\n\n\n\n<p>Pet ponedjeljaka u listopadu i studenome u Maloj dvorani Kulturnog centra svaki put u 19 sati rezervirali smo za najzanimljivije pri\u010de i najintrigantnija pitanja hrvatske srednjovjekovne povijesti.<br><br>Naime, u godini obilje\u017eavanja 1100. obljetnice Hrvatskog Kraljevstva Centar kulture Dubrava u suradnji s XII. gimnazijom organizira program \u201cHrvatski vladari \u2013 \u0161to znamo o njima i \u0161to nam danas zna\u010de?\u201d. Osim popularnih predavanja ponajboljeg hrvatskog povjesni\u010dara Nevena Budaka o Trpimiru, Tomislavu, Kre\u0161imiru i Zvonimiru, pra\u0107enog razgovorom u koji se publika mo\u017ee slobodno uklju\u010diti, gledatelje o\u010dekuju i male zabavne aktivnosti poput kviza i kri\u017ealjke, a svemu se pridru\u017euju i u\u010denici XII. gimnazije, \u010diji \u0107e debatni klub raspravljati o hrvatskim vladarima.<br><br>Program se odr\u017eava 20. i 27. listopada te 3, 10. i 24. studenog 2025. u 19 sati. Ulaz je slobodan!<br><br>Financira Ministarstvo kulture i medija Republike Hrvatske.<\/p>\n\n\n\n<hr class=\"wp-block-separator has-alpha-channel-opacity\"\/>\n\n\n\n<p>Izvor:<\/p>\n\n\n\n<figure class=\"wp-block-embed is-type-wp-embed is-provider-centar-kulture-dubrava wp-block-embed-centar-kulture-dubrava\"><div class=\"wp-block-embed__wrapper\">\n<blockquote class=\"wp-embedded-content\" data-secret=\"psf5YivXpm\"><a href=\"https:\/\/ck-dubrava.hr\/2025\/10\/13\/neven-budak-hrvatski-vladari\/\">Neven Budak &#8211; Hrvatski vladari<\/a><\/blockquote><iframe loading=\"lazy\" class=\"wp-embedded-content\" sandbox=\"allow-scripts\" security=\"restricted\" style=\"position: absolute; visibility: hidden;\" title=\"&#8220;Neven Budak &#8211; Hrvatski vladari&#8221; &#8212; Centar kulture Dubrava\" src=\"https:\/\/ck-dubrava.hr\/2025\/10\/13\/neven-budak-hrvatski-vladari\/embed\/#?secret=h2BU4Zask0#?secret=psf5YivXpm\" data-secret=\"psf5YivXpm\" width=\"600\" height=\"338\" frameborder=\"0\" marginwidth=\"0\" marginheight=\"0\" scrolling=\"no\"><\/iframe>\n<\/div><\/figure>\n\n\n\n<hr class=\"wp-block-separator has-alpha-channel-opacity\"\/>\n","protected":false},"excerpt":{"rendered":"","protected":false},"author":2,"featured_media":48957,"comment_status":"open","ping_status":"open","sticky":false,"template":"","format":"standard","meta":{"_acf_changed":false,"jetpack_post_was_ever_published":false,"_jetpack_newsletter_access":"","_jetpack_dont_email_post_to_subs":false,"_jetpack_newsletter_tier_id":0,"_jetpack_memberships_contains_paywalled_content":false,"_jetpack_memberships_contains_paid_content":false,"footnotes":"","jetpack_publicize_message":"","jetpack_publicize_feature_enabled":true,"jetpack_social_post_already_shared":true,"jetpack_social_options":{"image_generator_settings":{"template":"highway","default_image_id":0,"font":"","enabled":false},"version":2}},"categories":[3],"tags":[],"class_list":["post-48956","post","type-post","status-publish","format-standard","has-post-thumbnail","hentry","category-novosti"],"acf":{"facebook_opis":""},"jetpack_publicize_connections":[],"jetpack_featured_media_url":"https:\/\/i0.wp.com\/historiografija.hr\/wp-content\/uploads\/2025\/10\/101.jpg?fit=720%2C360&ssl=1","jetpack_sharing_enabled":true,"jetpack-related-posts":[],"_links":{"self":[{"href":"https:\/\/historiografija.hr\/index.php?rest_route=\/wp\/v2\/posts\/48956","targetHints":{"allow":["GET"]}}],"collection":[{"href":"https:\/\/historiografija.hr\/index.php?rest_route=\/wp\/v2\/posts"}],"about":[{"href":"https:\/\/historiografija.hr\/index.php?rest_route=\/wp\/v2\/types\/post"}],"author":[{"embeddable":true,"href":"https:\/\/historiografija.hr\/index.php?rest_route=\/wp\/v2\/users\/2"}],"replies":[{"embeddable":true,"href":"https:\/\/historiografija.hr\/index.php?rest_route=%2Fwp%2Fv2%2Fcomments&post=48956"}],"version-history":[{"count":1,"href":"https:\/\/historiografija.hr\/index.php?rest_route=\/wp\/v2\/posts\/48956\/revisions"}],"predecessor-version":[{"id":48958,"href":"https:\/\/historiografija.hr\/index.php?rest_route=\/wp\/v2\/posts\/48956\/revisions\/48958"}],"wp:featuredmedia":[{"embeddable":true,"href":"https:\/\/historiografija.hr\/index.php?rest_route=\/wp\/v2\/media\/48957"}],"wp:attachment":[{"href":"https:\/\/historiografija.hr\/index.php?rest_route=%2Fwp%2Fv2%2Fmedia&parent=48956"}],"wp:term":[{"taxonomy":"category","embeddable":true,"href":"https:\/\/historiografija.hr\/index.php?rest_route=%2Fwp%2Fv2%2Fcategories&post=48956"},{"taxonomy":"post_tag","embeddable":true,"href":"https:\/\/historiografija.hr\/index.php?rest_route=%2Fwp%2Fv2%2Ftags&post=48956"}],"curies":[{"name":"wp","href":"https:\/\/api.w.org\/{rel}","templated":true}]}}