{"id":48952,"date":"2025-10-17T21:44:37","date_gmt":"2025-10-17T21:44:37","guid":{"rendered":"https:\/\/historiografija.hr\/?p=48952"},"modified":"2025-10-17T21:45:18","modified_gmt":"2025-10-17T21:45:18","slug":"okrugli-stol-slika-koju-imamo-jedni-o-drugima-ii-hrvatsko-madarski-odnosi-od-1790-do-1918","status":"publish","type":"post","link":"https:\/\/historiografija.hr\/?p=48952","title":{"rendered":"Okrugli stol \u201eSlika koju imamo jedni o drugima II.: Hrvatsko-ma\u0111arski odnosi od 1790. do 1918.\u201c"},"content":{"rendered":"\n<p>U ponedjeljak, 20. listopada 2025. godine u 17 sati odr\u017eat \u0107e se u Institutu Liszt Zagreb (A. Cesarca 10) &nbsp;nastavak okruglog stola povjesni\u010dara \u201eSlika koju imamo jedni o drugima II.: Hrvatsko-ma\u0111arski odnosi od 1790. do 1918.\u201d<\/p>\n\n\n\n<p>Kako su Hrvati i Ma\u0111ari vidjeli jedni druge kroz povijest?<\/p>\n\n\n\n<p>Koji su doga\u0111aji, mitovi i predrasude oblikovali me\u0111usobnu sliku dvaju naroda?<\/p>\n\n\n\n<p>Pozivamo vas na okrugli stol povjesni\u010dara koji \u0107e poku\u0161ati odgovoriti upravo na ta pitanja!<\/p>\n\n\n\n<p>Sudjeluju: G\u00e1bor Zsigmond (glavni ravnatelj, Ma\u0111arski nacionalni muzej), Dinko \u0160ok\u010devi\u0107 (vi\u0161i znanstveni suradnik, ELTE HTK Institut za povijest), \u017deljko Holjevac (ravnatelj, Institut Ivo Pilar) i Branko Ostajmer (vi\u0161i znanstveni suradnik, Hrvatski institut za povijest), a razgovor moderira dr. Anna Mladenovics, ravnateljica Instituta Liszt.<\/p>\n\n\n\n<p>Bit \u0107e osigurano simultano prevo\u0111enje na hrvatski i ma\u0111arski jezik.<\/p>\n\n\n\n<p>Ljubazno Vas molimo da pozivnicu proslijedite svojim \u010dlanovima te potvrdite dolazak do 19. listopada putem linka: <\/p>\n\n\n\n<p><a href=\"https:\/\/forms.gle\/3m1xCdU8gZxXiuf89\">https:\/\/forms.gle\/3m1xCdU8gZxXiuf89<\/a><\/p>\n\n\n\n<p>Institut Liszt \u2013 Ma\u0111arski kulturni centar, Zagreb<\/p>\n\n\n\n<hr class=\"wp-block-separator has-alpha-channel-opacity\"\/>\n\n\n\n<p>Izvor:<\/p>\n\n\n\n<p><a href=\"https:\/\/www.facebook.com\/institutlisztzagreb\">https:\/\/www.facebook.com\/institutlisztzagreb<\/a><\/p>\n\n\n\n<hr class=\"wp-block-separator has-alpha-channel-opacity\"\/>\n\n\n\n<figure class=\"wp-block-embed is-type-wp-embed is-provider-historiografija-hr wp-block-embed-historiografija-hr\"><div class=\"wp-block-embed__wrapper\">\n<blockquote class=\"wp-embedded-content\" data-secret=\"5N6kmKNBOz\"><a href=\"https:\/\/historiografija.hr\/?p=46003\">Okrugli stol \u201eSlika koju imamo jedni o drugima \u2013 Okrugli stol povjesni\u010dara o hrvatsko-ma\u0111arskim odnosima\u201c<\/a><\/blockquote><iframe loading=\"lazy\" class=\"wp-embedded-content\" sandbox=\"allow-scripts\" security=\"restricted\" style=\"position: absolute; visibility: hidden;\" title=\"&#8220;Okrugli stol \u201eSlika koju imamo jedni o drugima \u2013 Okrugli stol povjesni\u010dara o hrvatsko-ma\u0111arskim odnosima\u201c&#8221; &#8212; Historiografija.hr\" src=\"https:\/\/historiografija.hr\/?p=46003&#038;embed=true#?secret=YyjYOk2vDq#?secret=5N6kmKNBOz\" data-secret=\"5N6kmKNBOz\" width=\"600\" height=\"338\" frameborder=\"0\" marginwidth=\"0\" marginheight=\"0\" scrolling=\"no\"><\/iframe>\n<\/div><\/figure>\n\n\n\n<hr class=\"wp-block-separator has-alpha-channel-opacity\"\/>\n","protected":false},"excerpt":{"rendered":"","protected":false},"author":2,"featured_media":48953,"comment_status":"open","ping_status":"open","sticky":false,"template":"","format":"standard","meta":{"_acf_changed":false,"jetpack_post_was_ever_published":false,"_jetpack_newsletter_access":"","_jetpack_dont_email_post_to_subs":false,"_jetpack_newsletter_tier_id":0,"_jetpack_memberships_contains_paywalled_content":false,"_jetpack_memberships_contains_paid_content":false,"footnotes":"","jetpack_publicize_message":"","jetpack_publicize_feature_enabled":true,"jetpack_social_post_already_shared":true,"jetpack_social_options":{"image_generator_settings":{"template":"highway","default_image_id":0,"font":"","enabled":false},"version":2}},"categories":[3],"tags":[],"class_list":["post-48952","post","type-post","status-publish","format-standard","has-post-thumbnail","hentry","category-novosti"],"acf":{"facebook_opis":""},"jetpack_publicize_connections":[],"jetpack_featured_media_url":"https:\/\/i0.wp.com\/historiografija.hr\/wp-content\/uploads\/2025\/10\/Slika_II.jpg?fit=1440%2C1920&ssl=1","jetpack_sharing_enabled":true,"jetpack-related-posts":[],"_links":{"self":[{"href":"https:\/\/historiografija.hr\/index.php?rest_route=\/wp\/v2\/posts\/48952","targetHints":{"allow":["GET"]}}],"collection":[{"href":"https:\/\/historiografija.hr\/index.php?rest_route=\/wp\/v2\/posts"}],"about":[{"href":"https:\/\/historiografija.hr\/index.php?rest_route=\/wp\/v2\/types\/post"}],"author":[{"embeddable":true,"href":"https:\/\/historiografija.hr\/index.php?rest_route=\/wp\/v2\/users\/2"}],"replies":[{"embeddable":true,"href":"https:\/\/historiografija.hr\/index.php?rest_route=%2Fwp%2Fv2%2Fcomments&post=48952"}],"version-history":[{"count":2,"href":"https:\/\/historiografija.hr\/index.php?rest_route=\/wp\/v2\/posts\/48952\/revisions"}],"predecessor-version":[{"id":48955,"href":"https:\/\/historiografija.hr\/index.php?rest_route=\/wp\/v2\/posts\/48952\/revisions\/48955"}],"wp:featuredmedia":[{"embeddable":true,"href":"https:\/\/historiografija.hr\/index.php?rest_route=\/wp\/v2\/media\/48953"}],"wp:attachment":[{"href":"https:\/\/historiografija.hr\/index.php?rest_route=%2Fwp%2Fv2%2Fmedia&parent=48952"}],"wp:term":[{"taxonomy":"category","embeddable":true,"href":"https:\/\/historiografija.hr\/index.php?rest_route=%2Fwp%2Fv2%2Fcategories&post=48952"},{"taxonomy":"post_tag","embeddable":true,"href":"https:\/\/historiografija.hr\/index.php?rest_route=%2Fwp%2Fv2%2Ftags&post=48952"}],"curies":[{"name":"wp","href":"https:\/\/api.w.org\/{rel}","templated":true}]}}