{"id":48944,"date":"2025-10-17T21:31:23","date_gmt":"2025-10-17T21:31:23","guid":{"rendered":"https:\/\/historiografija.hr\/?p=48944"},"modified":"2025-10-21T21:13:25","modified_gmt":"2025-10-21T21:13:25","slug":"preminula-snjeska-knezevic-1938-2025","status":"publish","type":"post","link":"https:\/\/historiografija.hr\/?p=48944","title":{"rendered":"Preminula Snje\u0161ka Kne\u017eevi\u0107 (1938-2025)"},"content":{"rendered":"\n<p>U \u010detvrtak, 16. listopada 2025. u 86. godini preminula je istaknuta povjesni\u010darka umjetnosti Snje\u0161ka Kne\u017eevi\u0107 (1938-2025), autorica brojnih knjiga o povijesti i kulturi grada Zagreba.<\/p>\n\n\n\n<hr class=\"wp-block-separator has-alpha-channel-opacity\"\/>\n\n\n\n<p>Op\u0161irnije:<\/p>\n\n\n\n<p><a href=\"http:\/\/www.dpuh.hr\/\">http:\/\/www.dpuh.hr\/<\/a><\/p>\n\n\n\n<p><a href=\"https:\/\/www.telegram.hr\/kultura\/umrla-je-velika-povjesnicarka-umjetnosti-snjeska-knezevic\">https:\/\/www.telegram.hr\/kultura\/umrla-je-velika-povjesnicarka-umjetnosti-snjeska-knezevic<\/a><\/p>\n\n\n\n<p><a href=\"https:\/\/www.jutarnji.hr\/kultura\/art\/umrla-je-snjeska-knezevic-15633175\">https:\/\/www.jutarnji.hr\/kultura\/art\/umrla-je-snjeska-knezevic-15633175<\/a><\/p>\n\n\n\n<p><a href=\"https:\/\/www.24sata.hr\/news\/umrla-je-snjeska-knezevic-86-1081452\">https:\/\/www.24sata.hr\/news\/umrla-je-snjeska-knezevic-86-1081452<\/a><\/p>\n\n\n\n<p><a href=\"https:\/\/www.arhitekt.hr\/hr\/aktualnosti\/in-memoriam-snjeska-knezevic-(1938---2025),2749.html\">https:\/\/www.arhitekt.hr\/hr\/aktualnosti\/in-memoriam-snjeska-knezevic-(1938&#8212;2025),2749.html<\/a><\/p>\n\n\n\n<p><a href=\"https:\/\/www.ipu.hr\/article\/hr\/2033\/snjeska-knezevic-1938-2025\">https:\/\/www.ipu.hr\/article\/hr\/2033\/snjeska-knezevic-1938-2025<\/a><\/p>\n\n\n\n<p><a href=\"https:\/\/snjeska-knezevic.com\">https:\/\/snjeska-knezevic.com<\/a><\/p>\n\n\n\n<hr class=\"wp-block-separator has-alpha-channel-opacity\"\/>\n","protected":false},"excerpt":{"rendered":"","protected":false},"author":2,"featured_media":48945,"comment_status":"open","ping_status":"open","sticky":false,"template":"","format":"standard","meta":{"_acf_changed":false,"jetpack_post_was_ever_published":false,"_jetpack_newsletter_access":"","_jetpack_dont_email_post_to_subs":false,"_jetpack_newsletter_tier_id":0,"_jetpack_memberships_contains_paywalled_content":false,"_jetpack_memberships_contains_paid_content":false,"footnotes":"","jetpack_publicize_message":"","jetpack_publicize_feature_enabled":true,"jetpack_social_post_already_shared":true,"jetpack_social_options":{"image_generator_settings":{"template":"highway","default_image_id":0,"font":"","enabled":false},"version":2}},"categories":[3,20],"tags":[],"class_list":["post-48944","post","type-post","status-publish","format-standard","has-post-thumbnail","hentry","category-novosti","category-obavijesti-o-smrti-i-nekrolozi"],"acf":{"facebook_opis":""},"jetpack_publicize_connections":[],"jetpack_featured_media_url":"https:\/\/i0.wp.com\/historiografija.hr\/wp-content\/uploads\/2025\/10\/Sandra_Simunovic_Pixsell.webp?fit=622%2C350&ssl=1","jetpack_sharing_enabled":true,"jetpack-related-posts":[],"_links":{"self":[{"href":"https:\/\/historiografija.hr\/index.php?rest_route=\/wp\/v2\/posts\/48944","targetHints":{"allow":["GET"]}}],"collection":[{"href":"https:\/\/historiografija.hr\/index.php?rest_route=\/wp\/v2\/posts"}],"about":[{"href":"https:\/\/historiografija.hr\/index.php?rest_route=\/wp\/v2\/types\/post"}],"author":[{"embeddable":true,"href":"https:\/\/historiografija.hr\/index.php?rest_route=\/wp\/v2\/users\/2"}],"replies":[{"embeddable":true,"href":"https:\/\/historiografija.hr\/index.php?rest_route=%2Fwp%2Fv2%2Fcomments&post=48944"}],"version-history":[{"count":4,"href":"https:\/\/historiografija.hr\/index.php?rest_route=\/wp\/v2\/posts\/48944\/revisions"}],"predecessor-version":[{"id":49043,"href":"https:\/\/historiografija.hr\/index.php?rest_route=\/wp\/v2\/posts\/48944\/revisions\/49043"}],"wp:featuredmedia":[{"embeddable":true,"href":"https:\/\/historiografija.hr\/index.php?rest_route=\/wp\/v2\/media\/48945"}],"wp:attachment":[{"href":"https:\/\/historiografija.hr\/index.php?rest_route=%2Fwp%2Fv2%2Fmedia&parent=48944"}],"wp:term":[{"taxonomy":"category","embeddable":true,"href":"https:\/\/historiografija.hr\/index.php?rest_route=%2Fwp%2Fv2%2Fcategories&post=48944"},{"taxonomy":"post_tag","embeddable":true,"href":"https:\/\/historiografija.hr\/index.php?rest_route=%2Fwp%2Fv2%2Ftags&post=48944"}],"curies":[{"name":"wp","href":"https:\/\/api.w.org\/{rel}","templated":true}]}}