{"id":48941,"date":"2025-10-17T21:16:32","date_gmt":"2025-10-17T21:16:32","guid":{"rendered":"https:\/\/historiografija.hr\/?p=48941"},"modified":"2025-10-17T21:16:32","modified_gmt":"2025-10-17T21:16:32","slug":"predstavljanje-knjige-leksikon-graditelja-arhitekata-i-gradevinskih-inzenjera-iz-ceske-na-prostoru-hrvatske","status":"publish","type":"post","link":"https:\/\/historiografija.hr\/?p=48941","title":{"rendered":"Predstavljanje knjige \u201eLeksikon graditelja, arhitekata i gra\u0111evinskih in\u017eenjera iz \u010ce\u0161ke na prostoru Hrvatske\u201c"},"content":{"rendered":"\n<p>Pozivamo vas na predstavljanje knjige Jasenke Kranj\u010devi\u0107 <em>Leksikon graditelja, arhitekata i gra\u0111evinskih in\u017eenjera iz \u010ce\u0161ke na prostoru Hrvatske<\/em>, koje \u0107e se odr\u017eati u ponedjeljak 20. listopada 2025., u Dru\u0161tvu arhitekata Zagreb, Trg bana Jela\u010di\u0107a 31, s po\u010detkom u 17 sati.<\/p>\n\n\n\n<p>Predstavljanje \u0107e voditi Damir Agi\u010di\u0107, a sudjelovat \u0107e autorica Jasenka Kranj\u010devi\u0107, recenzenti Zlatko Juri\u0107 i Zlatko Kara\u010d, te urednica knjige Suzana Le\u010dek.<\/p>\n\n\n\n<p>Na po\u010detku predstavljanja prisutnima \u0107e se obratiti veleposlanik \u010ce\u0161ke u RH Nj. E. Milan Hovorka i ravnatelj Instituta za turizam Damir Kre\u0161i\u0107.<\/p>\n\n\n\n<hr class=\"wp-block-separator has-alpha-channel-opacity\"\/>\n\n\n\n<p>Izvor:<\/p>\n\n\n\n<figure class=\"wp-block-embed is-type-wp-embed is-provider-srednja-europa wp-block-embed-srednja-europa\"><div class=\"wp-block-embed__wrapper\">\n<blockquote class=\"wp-embedded-content\" data-secret=\"vQUvhvthku\"><a href=\"https:\/\/srednja-europa.hr\/dogadaji\/poziv-na-predstavljanje-knjige-leksikon-graditelja-arhitekata-i-gradevinskih-inzenjera-iz-ceske-na-prostoru-hrvatske\/\">POZIV NA PREDSTAVLJANJE KNJIGE Leksikon graditelja, arhitekata i gra\u0111evinskih in\u017eenjera iz \u010ce\u0161ke na prostoru Hrvatske<\/a><\/blockquote><iframe loading=\"lazy\" class=\"wp-embedded-content\" sandbox=\"allow-scripts\" security=\"restricted\" style=\"position: absolute; visibility: hidden;\" title=\"&#8220;POZIV NA PREDSTAVLJANJE KNJIGE Leksikon graditelja, arhitekata i gra\u0111evinskih in\u017eenjera iz \u010ce\u0161ke na prostoru Hrvatske&#8221; &#8212; Srednja Europa\" src=\"https:\/\/srednja-europa.hr\/dogadaji\/poziv-na-predstavljanje-knjige-leksikon-graditelja-arhitekata-i-gradevinskih-inzenjera-iz-ceske-na-prostoru-hrvatske\/embed\/#?secret=hG7ehrvUHI#?secret=vQUvhvthku\" data-secret=\"vQUvhvthku\" width=\"600\" height=\"338\" frameborder=\"0\" marginwidth=\"0\" marginheight=\"0\" scrolling=\"no\"><\/iframe>\n<\/div><\/figure>\n\n\n\n<hr class=\"wp-block-separator has-alpha-channel-opacity\"\/>\n","protected":false},"excerpt":{"rendered":"","protected":false},"author":2,"featured_media":48942,"comment_status":"open","ping_status":"open","sticky":false,"template":"","format":"standard","meta":{"_acf_changed":false,"jetpack_post_was_ever_published":false,"_jetpack_newsletter_access":"","_jetpack_dont_email_post_to_subs":false,"_jetpack_newsletter_tier_id":0,"_jetpack_memberships_contains_paywalled_content":false,"_jetpack_memberships_contains_paid_content":false,"footnotes":"","jetpack_publicize_message":"","jetpack_publicize_feature_enabled":true,"jetpack_social_post_already_shared":true,"jetpack_social_options":{"image_generator_settings":{"template":"highway","default_image_id":0,"font":"","enabled":false},"version":2}},"categories":[3],"tags":[],"class_list":["post-48941","post","type-post","status-publish","format-standard","has-post-thumbnail","hentry","category-novosti"],"acf":{"facebook_opis":""},"jetpack_publicize_connections":[],"jetpack_featured_media_url":"https:\/\/i0.wp.com\/historiografija.hr\/wp-content\/uploads\/2025\/10\/Leksikon.jpg?fit=940%2C788&ssl=1","jetpack_sharing_enabled":true,"jetpack-related-posts":[],"_links":{"self":[{"href":"https:\/\/historiografija.hr\/index.php?rest_route=\/wp\/v2\/posts\/48941","targetHints":{"allow":["GET"]}}],"collection":[{"href":"https:\/\/historiografija.hr\/index.php?rest_route=\/wp\/v2\/posts"}],"about":[{"href":"https:\/\/historiografija.hr\/index.php?rest_route=\/wp\/v2\/types\/post"}],"author":[{"embeddable":true,"href":"https:\/\/historiografija.hr\/index.php?rest_route=\/wp\/v2\/users\/2"}],"replies":[{"embeddable":true,"href":"https:\/\/historiografija.hr\/index.php?rest_route=%2Fwp%2Fv2%2Fcomments&post=48941"}],"version-history":[{"count":1,"href":"https:\/\/historiografija.hr\/index.php?rest_route=\/wp\/v2\/posts\/48941\/revisions"}],"predecessor-version":[{"id":48943,"href":"https:\/\/historiografija.hr\/index.php?rest_route=\/wp\/v2\/posts\/48941\/revisions\/48943"}],"wp:featuredmedia":[{"embeddable":true,"href":"https:\/\/historiografija.hr\/index.php?rest_route=\/wp\/v2\/media\/48942"}],"wp:attachment":[{"href":"https:\/\/historiografija.hr\/index.php?rest_route=%2Fwp%2Fv2%2Fmedia&parent=48941"}],"wp:term":[{"taxonomy":"category","embeddable":true,"href":"https:\/\/historiografija.hr\/index.php?rest_route=%2Fwp%2Fv2%2Fcategories&post=48941"},{"taxonomy":"post_tag","embeddable":true,"href":"https:\/\/historiografija.hr\/index.php?rest_route=%2Fwp%2Fv2%2Ftags&post=48941"}],"curies":[{"name":"wp","href":"https:\/\/api.w.org\/{rel}","templated":true}]}}