{"id":48934,"date":"2025-10-17T21:09:19","date_gmt":"2025-10-17T21:09:19","guid":{"rendered":"https:\/\/historiografija.hr\/?p=48934"},"modified":"2025-10-17T21:11:41","modified_gmt":"2025-10-17T21:11:41","slug":"sedmi-dani-matije-petra-katancica","status":"publish","type":"post","link":"https:\/\/historiografija.hr\/?p=48934","title":{"rendered":"SEDMI DANI MATIJE PETRA KATAN\u010cI\u0106A"},"content":{"rendered":"\n<p>Valpovo, 16.-18. listopada 2025. \u2013 Centar kulture Matija Petar Katan\u010di\u0107 \/ Memorijalni centar Matije Petra Katan\u010di\u0107a<\/p>\n\n\n\n<hr class=\"wp-block-separator has-alpha-channel-opacity\"\/>\n\n\n\n<p><strong>Matija Petar Katan\u010di\u0107<\/strong> (1750-1825) najistaknutiji je hrvatski erudit s kraja 18. i po\u010detka 19. stolje\u0107a koji je svojim znanstvenim i stru\u010dnim radom pokrivao \u0161iroko polje tada\u0161njih humanisti\u010dkih znanosti. Grad Valpovo i Hrvatski institut za povijest \u2013 Podru\u017enica Slavonski Brod u zajedni\u010dkoj organizaciji ve\u0107 sedmu godinu zaredom organiziraju kulturno-znanstvenu manifestaciju <strong>Dani Matije Petra Katan\u010di\u0107a<\/strong>. Sedmi Katan\u010di\u0107evi dani po\u010dinju 16. listopada (\u010detvrtak) u 11 sati u Centru kulture Matija Petar Katan\u010di\u0107 s plenarnim izlaganjima dr. sc. Dinka \u0160ok\u010devi\u0107a i dr. sc. Roberta Skenderovi\u0107a. Oni \u0107e valpova\u010dku publiku upoznati s Katan\u010di\u0107evim djelovanjem u Budimu i Pe\u0161ti krajem 18. i po\u010detkom 19. stolje\u0107a. Ovogodi\u0161nja manifestacija nastavak je obilje\u017eavanja 200. obljetnice smrti Matije Petra Katan\u010di\u0107a i osmi\u0161ljena je kao vi\u0161ednevni znanstveni skup s nizom izlaganja istaknutih znanstvenika. Izlaganja \u0107e se odr\u017eavati u Memorijalnom i Edukacijskom centru Matije Petra Katan\u010di\u0107a na Trgu kralja Tomislava 12 i 14. Subota je predvi\u0111ena za odr\u017eavanje prijepodnevnog sajma knjiga, a manifestacija zavr\u0161ava sa subotnjim ve\u010dernjim koncertom Tria SERAPHIM u kapeli valpova\u010dkog dvorca.<\/p>\n\n\n\n<hr class=\"wp-block-separator has-alpha-channel-opacity\"\/>\n\n\n\n<figure class=\"wp-block-image size-large\"><img data-recalc-dims=\"1\" loading=\"lazy\" decoding=\"async\" width=\"860\" height=\"608\" data-attachment-id=\"48935\" data-permalink=\"https:\/\/historiografija.hr\/?attachment_id=48935\" data-orig-file=\"https:\/\/i0.wp.com\/historiografija.hr\/wp-content\/uploads\/2025\/10\/deplijan-Dani-MPK-2025.png?fit=1651%2C1167&amp;ssl=1\" data-orig-size=\"1651,1167\" data-comments-opened=\"1\" data-image-meta=\"{&quot;aperture&quot;:&quot;0&quot;,&quot;credit&quot;:&quot;&quot;,&quot;camera&quot;:&quot;&quot;,&quot;caption&quot;:&quot;&quot;,&quot;created_timestamp&quot;:&quot;0&quot;,&quot;copyright&quot;:&quot;&quot;,&quot;focal_length&quot;:&quot;0&quot;,&quot;iso&quot;:&quot;0&quot;,&quot;shutter_speed&quot;:&quot;0&quot;,&quot;title&quot;:&quot;&quot;,&quot;orientation&quot;:&quot;0&quot;}\" data-image-title=\"deplijan-Dani-MPK-2025\" data-image-description=\"\" data-image-caption=\"\" data-large-file=\"https:\/\/i0.wp.com\/historiografija.hr\/wp-content\/uploads\/2025\/10\/deplijan-Dani-MPK-2025.png?fit=860%2C608&amp;ssl=1\" src=\"https:\/\/i0.wp.com\/historiografija.hr\/wp-content\/uploads\/2025\/10\/deplijan-Dani-MPK-2025.png?resize=860%2C608&#038;ssl=1\" alt=\"\" class=\"wp-image-48935\" srcset=\"https:\/\/i0.wp.com\/historiografija.hr\/wp-content\/uploads\/2025\/10\/deplijan-Dani-MPK-2025.png?resize=1024%2C724&amp;ssl=1 1024w, https:\/\/i0.wp.com\/historiografija.hr\/wp-content\/uploads\/2025\/10\/deplijan-Dani-MPK-2025.png?resize=300%2C212&amp;ssl=1 300w, https:\/\/i0.wp.com\/historiografija.hr\/wp-content\/uploads\/2025\/10\/deplijan-Dani-MPK-2025.png?resize=768%2C543&amp;ssl=1 768w, https:\/\/i0.wp.com\/historiografija.hr\/wp-content\/uploads\/2025\/10\/deplijan-Dani-MPK-2025.png?resize=1536%2C1086&amp;ssl=1 1536w, https:\/\/i0.wp.com\/historiografija.hr\/wp-content\/uploads\/2025\/10\/deplijan-Dani-MPK-2025.png?w=1651&amp;ssl=1 1651w\" sizes=\"auto, (max-width: 860px) 100vw, 860px\" \/><\/figure>\n\n\n\n<figure class=\"wp-block-image size-large\"><img data-recalc-dims=\"1\" loading=\"lazy\" decoding=\"async\" width=\"860\" height=\"608\" data-attachment-id=\"48938\" data-permalink=\"https:\/\/historiografija.hr\/?attachment_id=48938\" data-orig-file=\"https:\/\/i0.wp.com\/historiografija.hr\/wp-content\/uploads\/2025\/10\/deplijan-Dani-MPK-2025__2.png?fit=1608%2C1137&amp;ssl=1\" data-orig-size=\"1608,1137\" data-comments-opened=\"1\" data-image-meta=\"{&quot;aperture&quot;:&quot;0&quot;,&quot;credit&quot;:&quot;&quot;,&quot;camera&quot;:&quot;&quot;,&quot;caption&quot;:&quot;&quot;,&quot;created_timestamp&quot;:&quot;0&quot;,&quot;copyright&quot;:&quot;&quot;,&quot;focal_length&quot;:&quot;0&quot;,&quot;iso&quot;:&quot;0&quot;,&quot;shutter_speed&quot;:&quot;0&quot;,&quot;title&quot;:&quot;&quot;,&quot;orientation&quot;:&quot;0&quot;}\" data-image-title=\"deplijan-Dani-MPK-2025__2\" data-image-description=\"\" data-image-caption=\"\" data-large-file=\"https:\/\/i0.wp.com\/historiografija.hr\/wp-content\/uploads\/2025\/10\/deplijan-Dani-MPK-2025__2.png?fit=860%2C608&amp;ssl=1\" src=\"https:\/\/i0.wp.com\/historiografija.hr\/wp-content\/uploads\/2025\/10\/deplijan-Dani-MPK-2025__2.png?resize=860%2C608&#038;ssl=1\" alt=\"\" class=\"wp-image-48938\" srcset=\"https:\/\/i0.wp.com\/historiografija.hr\/wp-content\/uploads\/2025\/10\/deplijan-Dani-MPK-2025__2.png?resize=1024%2C724&amp;ssl=1 1024w, https:\/\/i0.wp.com\/historiografija.hr\/wp-content\/uploads\/2025\/10\/deplijan-Dani-MPK-2025__2.png?resize=300%2C212&amp;ssl=1 300w, https:\/\/i0.wp.com\/historiografija.hr\/wp-content\/uploads\/2025\/10\/deplijan-Dani-MPK-2025__2.png?resize=768%2C543&amp;ssl=1 768w, https:\/\/i0.wp.com\/historiografija.hr\/wp-content\/uploads\/2025\/10\/deplijan-Dani-MPK-2025__2.png?resize=1536%2C1086&amp;ssl=1 1536w, https:\/\/i0.wp.com\/historiografija.hr\/wp-content\/uploads\/2025\/10\/deplijan-Dani-MPK-2025__2.png?w=1608&amp;ssl=1 1608w\" sizes=\"auto, (max-width: 860px) 100vw, 860px\" \/><\/figure>\n\n\n\n<hr class=\"wp-block-separator has-alpha-channel-opacity\"\/>\n\n\n\n<p>Izvor:<\/p>\n\n\n\n<figure class=\"wp-block-embed is-type-wp-embed is-provider-hrvatski-institut-za-povijest wp-block-embed-hrvatski-institut-za-povijest\"><div class=\"wp-block-embed__wrapper\">\n<blockquote class=\"wp-embedded-content\" data-secret=\"7dhpV7aspT\"><a href=\"https:\/\/hipsb.hr\/sedmi-dani-matije-petra-katancica\/\">SEDMI DANI MATIJE PETRA KATAN\u010cI\u0106A<\/a><\/blockquote><iframe loading=\"lazy\" class=\"wp-embedded-content\" sandbox=\"allow-scripts\" security=\"restricted\" style=\"position: absolute; visibility: hidden;\" title=\"&#8220;SEDMI DANI MATIJE PETRA KATAN\u010cI\u0106A&#8221; &#8212; Hrvatski institut za povijest\" src=\"https:\/\/hipsb.hr\/sedmi-dani-matije-petra-katancica\/embed\/#?secret=7dhpV7aspT\" data-secret=\"7dhpV7aspT\" width=\"600\" height=\"338\" frameborder=\"0\" marginwidth=\"0\" marginheight=\"0\" scrolling=\"no\"><\/iframe>\n<\/div><\/figure>\n\n\n\n<hr class=\"wp-block-separator has-alpha-channel-opacity\"\/>\n","protected":false},"excerpt":{"rendered":"","protected":false},"author":2,"featured_media":48935,"comment_status":"open","ping_status":"open","sticky":false,"template":"","format":"standard","meta":{"_acf_changed":false,"jetpack_post_was_ever_published":false,"_jetpack_newsletter_access":"","_jetpack_dont_email_post_to_subs":false,"_jetpack_newsletter_tier_id":0,"_jetpack_memberships_contains_paywalled_content":false,"_jetpack_memberships_contains_paid_content":false,"footnotes":"","jetpack_publicize_message":"","jetpack_publicize_feature_enabled":true,"jetpack_social_post_already_shared":true,"jetpack_social_options":{"image_generator_settings":{"template":"highway","default_image_id":0,"font":"","enabled":false},"version":2}},"categories":[3],"tags":[],"class_list":["post-48934","post","type-post","status-publish","format-standard","has-post-thumbnail","hentry","category-novosti"],"acf":{"facebook_opis":""},"jetpack_publicize_connections":[],"jetpack_featured_media_url":"https:\/\/i0.wp.com\/historiografija.hr\/wp-content\/uploads\/2025\/10\/deplijan-Dani-MPK-2025.png?fit=1651%2C1167&ssl=1","jetpack_sharing_enabled":true,"jetpack-related-posts":[],"_links":{"self":[{"href":"https:\/\/historiografija.hr\/index.php?rest_route=\/wp\/v2\/posts\/48934","targetHints":{"allow":["GET"]}}],"collection":[{"href":"https:\/\/historiografija.hr\/index.php?rest_route=\/wp\/v2\/posts"}],"about":[{"href":"https:\/\/historiografija.hr\/index.php?rest_route=\/wp\/v2\/types\/post"}],"author":[{"embeddable":true,"href":"https:\/\/historiografija.hr\/index.php?rest_route=\/wp\/v2\/users\/2"}],"replies":[{"embeddable":true,"href":"https:\/\/historiografija.hr\/index.php?rest_route=%2Fwp%2Fv2%2Fcomments&post=48934"}],"version-history":[{"count":4,"href":"https:\/\/historiografija.hr\/index.php?rest_route=\/wp\/v2\/posts\/48934\/revisions"}],"predecessor-version":[{"id":48940,"href":"https:\/\/historiografija.hr\/index.php?rest_route=\/wp\/v2\/posts\/48934\/revisions\/48940"}],"wp:featuredmedia":[{"embeddable":true,"href":"https:\/\/historiografija.hr\/index.php?rest_route=\/wp\/v2\/media\/48935"}],"wp:attachment":[{"href":"https:\/\/historiografija.hr\/index.php?rest_route=%2Fwp%2Fv2%2Fmedia&parent=48934"}],"wp:term":[{"taxonomy":"category","embeddable":true,"href":"https:\/\/historiografija.hr\/index.php?rest_route=%2Fwp%2Fv2%2Fcategories&post=48934"},{"taxonomy":"post_tag","embeddable":true,"href":"https:\/\/historiografija.hr\/index.php?rest_route=%2Fwp%2Fv2%2Ftags&post=48934"}],"curies":[{"name":"wp","href":"https:\/\/api.w.org\/{rel}","templated":true}]}}