{"id":48907,"date":"2025-10-15T22:13:13","date_gmt":"2025-10-15T22:13:13","guid":{"rendered":"https:\/\/historiografija.hr\/?p=48907"},"modified":"2025-10-15T22:13:47","modified_gmt":"2025-10-15T22:13:47","slug":"predavanje-hannesa-granditsa-ustanak-1875-kao-pocetak-velike-istocne-krize-o-cemu-se-danas-raspravlja-u-sarajevu","status":"publish","type":"post","link":"https:\/\/historiografija.hr\/?p=48907","title":{"rendered":"Predavanje Hannesa Granditsa \u201eUstanak 1875. kao po\u010detak Velike isto\u010dne krize: o \u010demu se danas raspravlja?\u201c u Sarajevu"},"content":{"rendered":"\n<p>Akademija nauka i umjetnosti Bosne i Hercegovine organizira predavanje Hannesa Granditsa <strong>Ustanak 1875. kao po\u010detak Velike isto\u010dne krize: o \u010demu se danas raspravlja?<\/strong><\/p>\n\n\n\n<p>Povodom 150. godi\u0161njice, ovo predavanje \u0107e se fokusirati na prirodu ustanka 1875. godine. O \u010demu se danas raspravlja u istra\u017eivanju ustanka? Kakvu ulogu jo\u0161 uvijek igraju teze Milorada Ekme\u010di\u0107a? Da li je ustanak bio socijalna revolucija ili je imao nacionalne i politi\u010dke ideje? Je li Osmansko carstvo posljednjih decenija vladavine u Bosni i Hercegovini bilo u ekonomskoj i socijalnoj krizi?&nbsp;Kakvi su bili rezultati reformi u drugoj polovici 19. stolje\u0107a i \u0161ta je dovelo do izbijanja ustanka 1875. godine? &nbsp;Kako se mo\u017ee objasniti drama izbijanja nasilja u to vrijeme i kakvu su ulogu u tom kontekstu imali odnosi izme\u0111u Habsbur\u0161ke monarhije i Osmanskog carstva, na primjer u vezi s naporima za rje\u0161avanje duboke izbjegli\u010dke krize koja je proiza\u0161la iz ustanka? &nbsp;Da li je Habsbur\u0161ka monarhija od po\u010detka ustanka imala za cilj stvoriti uvjete za okupaciju Bosne i Hercegovine? Koji su se globalni interesi velikih sila prelamali u ustanku 1875. godine?<\/p>\n\n\n\n<p><strong>Hannes Grandits<\/strong> je profesor na Univerzitetu Humboldt u Berlinu, gdje predaje historiju jugoisto\u010dne i srednje Evrope sa posebnim interesom za evropske komparativne i globalne perspektive. Doktorirao je na Univerzitetu Karl Franzens u Grazu (Austrija) 1996. sa temom <em>Familie im kroatischen Dorf \u2013 Zum Wandel des Alltagslebens im Turopolje und an der Save (18. &#8211; 20. Jhdt.)<\/em> i habilitirao 2006. na istom Univerzitetu sa temom <em>Macht und Lojalit\u00e4t in der sp\u00e4tosmanischen Gesellschaft. Das Beispiel der multikonfessionellen Herzegowina<\/em> (ova je knjiga prevedena na bosanski jezik i pod naslovom <em>Multikonfesionalna Hercegovina. Vlast i lojalnost u kasnoosmanskom dru\u0161tvu<\/em> objavljena 2014. u izdanju Instituta za istoriju u Sarajevu). Udru\u017eenje za modernu historiju je prevelo i objavilo i knjigu i <em>Kraj osmanske vladavine u Bosni. Suprotstavljena djelovanja i imperijalna prisvajanja.<\/em><\/p>\n\n\n\n<p>Predavanje \u0107e biti u \u010detvrtak, 16. oktobra 2025. u 12.00 sati u Akademiji nauka i umjetnosti Bosne i Hercegovine, Ul. Bistrik 7, Sarajevo, a mo\u0107i \u0107e se pratiti i online na zvani\u010dnom youtube kanalu ANUBIH <a href=\"https:\/\/www.youtube.com\/live\/HtbfJMiBFpc\">https:\/\/www.youtube.com\/live\/HtbfJMiBFpc <\/a><\/p>\n\n\n\n<figure class=\"wp-block-image size-full\"><img data-recalc-dims=\"1\" loading=\"lazy\" decoding=\"async\" width=\"450\" height=\"636\" data-attachment-id=\"48908\" data-permalink=\"https:\/\/historiografija.hr\/?attachment_id=48908\" data-orig-file=\"https:\/\/i0.wp.com\/historiografija.hr\/wp-content\/uploads\/2025\/10\/Hannes-Grandits-plakat.jpg?fit=450%2C636&amp;ssl=1\" data-orig-size=\"450,636\" data-comments-opened=\"1\" data-image-meta=\"{&quot;aperture&quot;:&quot;0&quot;,&quot;credit&quot;:&quot;&quot;,&quot;camera&quot;:&quot;&quot;,&quot;caption&quot;:&quot;&quot;,&quot;created_timestamp&quot;:&quot;0&quot;,&quot;copyright&quot;:&quot;&quot;,&quot;focal_length&quot;:&quot;0&quot;,&quot;iso&quot;:&quot;0&quot;,&quot;shutter_speed&quot;:&quot;0&quot;,&quot;title&quot;:&quot;&quot;,&quot;orientation&quot;:&quot;0&quot;}\" data-image-title=\"Hannes-Grandits-plakat\" data-image-description=\"\" data-image-caption=\"\" data-large-file=\"https:\/\/i0.wp.com\/historiografija.hr\/wp-content\/uploads\/2025\/10\/Hannes-Grandits-plakat.jpg?fit=450%2C636&amp;ssl=1\" src=\"https:\/\/i0.wp.com\/historiografija.hr\/wp-content\/uploads\/2025\/10\/Hannes-Grandits-plakat.jpg?resize=450%2C636&#038;ssl=1\" alt=\"\" class=\"wp-image-48908\" srcset=\"https:\/\/i0.wp.com\/historiografija.hr\/wp-content\/uploads\/2025\/10\/Hannes-Grandits-plakat.jpg?w=450&amp;ssl=1 450w, https:\/\/i0.wp.com\/historiografija.hr\/wp-content\/uploads\/2025\/10\/Hannes-Grandits-plakat.jpg?resize=212%2C300&amp;ssl=1 212w\" sizes=\"auto, (max-width: 450px) 100vw, 450px\" \/><\/figure>\n\n\n\n<hr class=\"wp-block-separator has-alpha-channel-opacity\"\/>\n\n\n\n<p>Preneseno s portala <strong>Historiografija.ba<\/strong>:<\/p>\n\n\n\n<p><a href=\"https:\/\/historiografija.ba\/historija-u-javnosti\/dogadjaji\/ustanak-1875-kao-pocetak-velike-istocne-krize\">https:\/\/historiografija.ba\/historija-u-javnosti\/dogadjaji\/ustanak-1875-kao-pocetak-velike-istocne-krize<\/a><\/p>\n\n\n\n<hr class=\"wp-block-separator has-alpha-channel-opacity\"\/>\n\n\n\n<p><\/p>\n","protected":false},"excerpt":{"rendered":"","protected":false},"author":2,"featured_media":48908,"comment_status":"open","ping_status":"open","sticky":false,"template":"","format":"standard","meta":{"_acf_changed":false,"jetpack_post_was_ever_published":false,"_jetpack_newsletter_access":"","_jetpack_dont_email_post_to_subs":false,"_jetpack_newsletter_tier_id":0,"_jetpack_memberships_contains_paywalled_content":false,"_jetpack_memberships_contains_paid_content":false,"footnotes":"","jetpack_publicize_message":"","jetpack_publicize_feature_enabled":true,"jetpack_social_post_already_shared":true,"jetpack_social_options":{"image_generator_settings":{"template":"highway","default_image_id":0,"font":"","enabled":false},"version":2}},"categories":[3],"tags":[],"class_list":["post-48907","post","type-post","status-publish","format-standard","has-post-thumbnail","hentry","category-novosti"],"acf":{"facebook_opis":""},"jetpack_publicize_connections":[],"jetpack_featured_media_url":"https:\/\/i0.wp.com\/historiografija.hr\/wp-content\/uploads\/2025\/10\/Hannes-Grandits-plakat.jpg?fit=450%2C636&ssl=1","jetpack_sharing_enabled":true,"jetpack-related-posts":[],"_links":{"self":[{"href":"https:\/\/historiografija.hr\/index.php?rest_route=\/wp\/v2\/posts\/48907","targetHints":{"allow":["GET"]}}],"collection":[{"href":"https:\/\/historiografija.hr\/index.php?rest_route=\/wp\/v2\/posts"}],"about":[{"href":"https:\/\/historiografija.hr\/index.php?rest_route=\/wp\/v2\/types\/post"}],"author":[{"embeddable":true,"href":"https:\/\/historiografija.hr\/index.php?rest_route=\/wp\/v2\/users\/2"}],"replies":[{"embeddable":true,"href":"https:\/\/historiografija.hr\/index.php?rest_route=%2Fwp%2Fv2%2Fcomments&post=48907"}],"version-history":[{"count":2,"href":"https:\/\/historiografija.hr\/index.php?rest_route=\/wp\/v2\/posts\/48907\/revisions"}],"predecessor-version":[{"id":48910,"href":"https:\/\/historiografija.hr\/index.php?rest_route=\/wp\/v2\/posts\/48907\/revisions\/48910"}],"wp:featuredmedia":[{"embeddable":true,"href":"https:\/\/historiografija.hr\/index.php?rest_route=\/wp\/v2\/media\/48908"}],"wp:attachment":[{"href":"https:\/\/historiografija.hr\/index.php?rest_route=%2Fwp%2Fv2%2Fmedia&parent=48907"}],"wp:term":[{"taxonomy":"category","embeddable":true,"href":"https:\/\/historiografija.hr\/index.php?rest_route=%2Fwp%2Fv2%2Fcategories&post=48907"},{"taxonomy":"post_tag","embeddable":true,"href":"https:\/\/historiografija.hr\/index.php?rest_route=%2Fwp%2Fv2%2Ftags&post=48907"}],"curies":[{"name":"wp","href":"https:\/\/api.w.org\/{rel}","templated":true}]}}