{"id":48897,"date":"2025-10-15T21:44:00","date_gmt":"2025-10-15T21:44:00","guid":{"rendered":"https:\/\/historiografija.hr\/?p=48897"},"modified":"2025-10-15T21:56:54","modified_gmt":"2025-10-15T21:56:54","slug":"ciklus-tribina-u-lavirintu-od-devedesetih-do-danas-fasizacija-i-nemoc-otpora","status":"publish","type":"post","link":"https:\/\/historiografija.hr\/?p=48897","title":{"rendered":"Ciklus tribina \u201eU lavirintu\u201c \u2013 \u201eOd devedesetih do danas: fa\u0161izacija i (ne)mo\u0107 otpora\u201c"},"content":{"rendered":"\n<p>Muzej devedesetih u sklopu ciklusa tribina \u201eU lavirintu\u201c organizira tribinu \u201eOd devedesetih do danas \u2014 fa\u0161izacija i (ne)mo\u0107 otpora\u201c.<\/p>\n\n\n\n<p>Da li i dalje \u017eivimo u \u201edugim devedesetim\u201c ili su ovo nove pojave koje prate globalne trendove?<\/p>\n\n\n\n<p>Kako se fa\u0161isti\u010dke i autoritarne tendencije sve jasnije ispoljavaju kroz javni prostor, medije i kulturu?<\/p>\n\n\n\n<p>I \u2014 postoji li prostor za otpor?<\/p>\n\n\n\n<p>O ovim temama razgovaraju:<\/p>\n\n\n\n<p>Dubravka Stojanovi\u0107, istori\u010darka<\/p>\n\n\n\n<p>Igor \u0160tiks, pisac<\/p>\n\n\n\n<p>Stevan Filipovi\u0107, filmski reditelj<\/p>\n\n\n\n<p>Hrvoje Klasi\u0107, povjesni\u010dar<\/p>\n\n\n\n<p>Tribina \u0107e se odr\u017eati u petak, 17. oktobar 2025. u 19.00 sati u Muzeju 90-ih, Ul. Kneza Milo\u0161a 3 (na spratu), Beograd.<\/p>\n\n\n\n<hr class=\"wp-block-separator has-alpha-channel-opacity\"\/>\n\n\n\n<p>Izvori i dodatne obavijesti:<\/p>\n\n\n\n<p><a href=\"https:\/\/historiografija.ba\/historija-u-javnosti\/dogadjaji\/da-li-i-dalje-zivimo-u-dugim-devedesetim\">https:\/\/historiografija.ba\/historija-u-javnosti\/dogadjaji\/da-li-i-dalje-zivimo-u-dugim-devedesetim<\/a><\/p>\n\n\n\n<p><a href=\"https:\/\/lookerweekly.com\/izlozbe\/muzej-devedesetih\">https:\/\/lookerweekly.com\/izlozbe\/muzej-devedesetih<\/a><\/p>\n\n\n\n<p><a href=\"https:\/\/www.facebook.com\/events\/24673721252321889\">https:\/\/www.facebook.com\/events\/24673721252321889<\/a><\/p>\n\n\n\n<figure class=\"wp-block-embed is-type-wp-embed is-provider-museum-90 wp-block-embed-museum-90\"><div class=\"wp-block-embed__wrapper\">\n<blockquote class=\"wp-embedded-content\" data-secret=\"kA6CfpoI1H\"><a href=\"https:\/\/museum90.com\/\">Glavna<\/a><\/blockquote><iframe loading=\"lazy\" class=\"wp-embedded-content\" sandbox=\"allow-scripts\" security=\"restricted\" style=\"position: absolute; visibility: hidden;\" title=\"&#132;Glavna&#147; &#8212; Museum90\" src=\"https:\/\/museum90.com\/embed\/#?secret=jECCSC6Mwj#?secret=kA6CfpoI1H\" data-secret=\"kA6CfpoI1H\" width=\"600\" height=\"338\" frameborder=\"0\" marginwidth=\"0\" marginheight=\"0\" scrolling=\"no\"><\/iframe>\n<\/div><\/figure>\n\n\n\n<hr class=\"wp-block-separator has-alpha-channel-opacity\"\/>\n","protected":false},"excerpt":{"rendered":"","protected":false},"author":2,"featured_media":48898,"comment_status":"open","ping_status":"open","sticky":false,"template":"","format":"standard","meta":{"_acf_changed":false,"jetpack_post_was_ever_published":false,"_jetpack_newsletter_access":"","_jetpack_dont_email_post_to_subs":false,"_jetpack_newsletter_tier_id":0,"_jetpack_memberships_contains_paywalled_content":false,"_jetpack_memberships_contains_paid_content":false,"footnotes":"","jetpack_publicize_message":"","jetpack_publicize_feature_enabled":true,"jetpack_social_post_already_shared":true,"jetpack_social_options":{"image_generator_settings":{"template":"highway","default_image_id":0,"font":"","enabled":false},"version":2}},"categories":[3],"tags":[],"class_list":["post-48897","post","type-post","status-publish","format-standard","has-post-thumbnail","hentry","category-novosti"],"acf":{"facebook_opis":""},"jetpack_publicize_connections":[],"jetpack_featured_media_url":"https:\/\/i0.wp.com\/historiografija.hr\/wp-content\/uploads\/2025\/10\/Ciklus-tribina.jpg?fit=2048%2C1152&ssl=1","jetpack_sharing_enabled":true,"jetpack-related-posts":[],"_links":{"self":[{"href":"https:\/\/historiografija.hr\/index.php?rest_route=\/wp\/v2\/posts\/48897","targetHints":{"allow":["GET"]}}],"collection":[{"href":"https:\/\/historiografija.hr\/index.php?rest_route=\/wp\/v2\/posts"}],"about":[{"href":"https:\/\/historiografija.hr\/index.php?rest_route=\/wp\/v2\/types\/post"}],"author":[{"embeddable":true,"href":"https:\/\/historiografija.hr\/index.php?rest_route=\/wp\/v2\/users\/2"}],"replies":[{"embeddable":true,"href":"https:\/\/historiografija.hr\/index.php?rest_route=%2Fwp%2Fv2%2Fcomments&post=48897"}],"version-history":[{"count":1,"href":"https:\/\/historiografija.hr\/index.php?rest_route=\/wp\/v2\/posts\/48897\/revisions"}],"predecessor-version":[{"id":48899,"href":"https:\/\/historiografija.hr\/index.php?rest_route=\/wp\/v2\/posts\/48897\/revisions\/48899"}],"wp:featuredmedia":[{"embeddable":true,"href":"https:\/\/historiografija.hr\/index.php?rest_route=\/wp\/v2\/media\/48898"}],"wp:attachment":[{"href":"https:\/\/historiografija.hr\/index.php?rest_route=%2Fwp%2Fv2%2Fmedia&parent=48897"}],"wp:term":[{"taxonomy":"category","embeddable":true,"href":"https:\/\/historiografija.hr\/index.php?rest_route=%2Fwp%2Fv2%2Fcategories&post=48897"},{"taxonomy":"post_tag","embeddable":true,"href":"https:\/\/historiografija.hr\/index.php?rest_route=%2Fwp%2Fv2%2Ftags&post=48897"}],"curies":[{"name":"wp","href":"https:\/\/api.w.org\/{rel}","templated":true}]}}