{"id":48893,"date":"2025-10-15T21:45:48","date_gmt":"2025-10-15T21:45:48","guid":{"rendered":"https:\/\/historiografija.hr\/?p=48893"},"modified":"2025-10-15T21:59:30","modified_gmt":"2025-10-15T21:59:30","slug":"panel-diskusija-devedesete-od-nepristajanja-do-otpora-na-cetinju","status":"publish","type":"post","link":"https:\/\/historiografija.hr\/?p=48893","title":{"rendered":"Panel-diskusija \u201cDevedesete: od nepristajanja do otpora\u201d na Cetinju"},"content":{"rendered":"\n<p>U petak, 17. oktobra 2025. u 13.00, tokom panel diskusije \u201cDevedesete: od nepristajanja do otpora\u201d, koja \u0107e se odr\u017eati u Centru za kulturu Prijestonice Cetinje, razgovaramo o 90-im, ulozi akademske i umjetni\u010dke zajednice i medija u oblikovanju i o\u010duvanju kriti\u010dkog mi\u0161ljenja i demokratskih vrijednosti, dometima gra\u0111anskog otpora i srodnim temama.<\/p>\n\n\n\n<p>Sa nama \u0107e biti:<\/p>\n\n\n\n<p>Filip Kuzman, istori\u010dar i rukovodilac Istorijskog muzeja Crne Gore<\/p>\n\n\n\n<p>dr Sanja Radovi\u0107, istori\u010darka \/ Inicijativa Muzej 90-ih<\/p>\n\n\n\n<p>Jelena Lela Milo\u0161evi\u0107, direktorka Centra za kulturu Prijestonice Cetinje<\/p>\n\n\n\n<p>Jasna Tatar An\u0111eli\u0107, profesorka na Filolo\u0161kom fakultetu Univerziteta Crne Gore<\/p>\n\n\n\n<p>Zoran Radulovi\u0107, novinar nedjeljnika Monitor<\/p>\n\n\n\n<p>Moderatorka: Zvezdana Kova\u010d, direktorka za strategiju i komunikacije Centra za gra\u0111ansko obrazovanje<\/p>\n\n\n\n<hr class=\"wp-block-separator has-alpha-channel-opacity\"\/>\n\n\n\n<figure class=\"wp-block-image size-large is-resized\"><img data-recalc-dims=\"1\" loading=\"lazy\" decoding=\"async\" width=\"819\" height=\"1024\" data-attachment-id=\"48894\" data-permalink=\"https:\/\/historiografija.hr\/?attachment_id=48894\" data-orig-file=\"https:\/\/i0.wp.com\/historiografija.hr\/wp-content\/uploads\/2025\/10\/Devedesete.jpg?fit=1350%2C1687&amp;ssl=1\" data-orig-size=\"1350,1687\" data-comments-opened=\"1\" data-image-meta=\"{&quot;aperture&quot;:&quot;0&quot;,&quot;credit&quot;:&quot;&quot;,&quot;camera&quot;:&quot;&quot;,&quot;caption&quot;:&quot;&quot;,&quot;created_timestamp&quot;:&quot;0&quot;,&quot;copyright&quot;:&quot;&quot;,&quot;focal_length&quot;:&quot;0&quot;,&quot;iso&quot;:&quot;0&quot;,&quot;shutter_speed&quot;:&quot;0&quot;,&quot;title&quot;:&quot;&quot;,&quot;orientation&quot;:&quot;0&quot;}\" data-image-title=\"Devedesete\" data-image-description=\"\" data-image-caption=\"\" data-large-file=\"https:\/\/i0.wp.com\/historiografija.hr\/wp-content\/uploads\/2025\/10\/Devedesete.jpg?fit=819%2C1024&amp;ssl=1\" src=\"https:\/\/i0.wp.com\/historiografija.hr\/wp-content\/uploads\/2025\/10\/Devedesete.jpg?resize=819%2C1024&#038;ssl=1\" alt=\"\" class=\"wp-image-48894\" style=\"width:890px;height:auto\" srcset=\"https:\/\/i0.wp.com\/historiografija.hr\/wp-content\/uploads\/2025\/10\/Devedesete.jpg?resize=819%2C1024&amp;ssl=1 819w, https:\/\/i0.wp.com\/historiografija.hr\/wp-content\/uploads\/2025\/10\/Devedesete.jpg?resize=240%2C300&amp;ssl=1 240w, https:\/\/i0.wp.com\/historiografija.hr\/wp-content\/uploads\/2025\/10\/Devedesete.jpg?resize=768%2C960&amp;ssl=1 768w, https:\/\/i0.wp.com\/historiografija.hr\/wp-content\/uploads\/2025\/10\/Devedesete.jpg?resize=1229%2C1536&amp;ssl=1 1229w, https:\/\/i0.wp.com\/historiografija.hr\/wp-content\/uploads\/2025\/10\/Devedesete.jpg?w=1350&amp;ssl=1 1350w\" sizes=\"auto, (max-width: 819px) 100vw, 819px\" \/><\/figure>\n\n\n\n<hr class=\"wp-block-separator has-alpha-channel-opacity\"\/>\n\n\n\n<p>Izvor:<\/p>\n\n\n\n<p><a href=\"https:\/\/www.facebook.com\/cgo.cce\">https:\/\/www.facebook.com\/cgo.cce<\/a><\/p>\n\n\n\n<hr class=\"wp-block-separator has-alpha-channel-opacity\"\/>\n","protected":false},"excerpt":{"rendered":"","protected":false},"author":2,"featured_media":48894,"comment_status":"open","ping_status":"open","sticky":false,"template":"","format":"standard","meta":{"_acf_changed":false,"jetpack_post_was_ever_published":false,"_jetpack_newsletter_access":"","_jetpack_dont_email_post_to_subs":false,"_jetpack_newsletter_tier_id":0,"_jetpack_memberships_contains_paywalled_content":false,"_jetpack_memberships_contains_paid_content":false,"footnotes":"","jetpack_publicize_message":"","jetpack_publicize_feature_enabled":true,"jetpack_social_post_already_shared":true,"jetpack_social_options":{"image_generator_settings":{"template":"highway","default_image_id":0,"font":"","enabled":false},"version":2}},"categories":[3],"tags":[],"class_list":["post-48893","post","type-post","status-publish","format-standard","has-post-thumbnail","hentry","category-novosti"],"acf":{"facebook_opis":""},"jetpack_publicize_connections":[],"jetpack_featured_media_url":"https:\/\/i0.wp.com\/historiografija.hr\/wp-content\/uploads\/2025\/10\/Devedesete.jpg?fit=1350%2C1687&ssl=1","jetpack_sharing_enabled":true,"jetpack-related-posts":[],"_links":{"self":[{"href":"https:\/\/historiografija.hr\/index.php?rest_route=\/wp\/v2\/posts\/48893","targetHints":{"allow":["GET"]}}],"collection":[{"href":"https:\/\/historiografija.hr\/index.php?rest_route=\/wp\/v2\/posts"}],"about":[{"href":"https:\/\/historiografija.hr\/index.php?rest_route=\/wp\/v2\/types\/post"}],"author":[{"embeddable":true,"href":"https:\/\/historiografija.hr\/index.php?rest_route=\/wp\/v2\/users\/2"}],"replies":[{"embeddable":true,"href":"https:\/\/historiografija.hr\/index.php?rest_route=%2Fwp%2Fv2%2Fcomments&post=48893"}],"version-history":[{"count":3,"href":"https:\/\/historiografija.hr\/index.php?rest_route=\/wp\/v2\/posts\/48893\/revisions"}],"predecessor-version":[{"id":48900,"href":"https:\/\/historiografija.hr\/index.php?rest_route=\/wp\/v2\/posts\/48893\/revisions\/48900"}],"wp:featuredmedia":[{"embeddable":true,"href":"https:\/\/historiografija.hr\/index.php?rest_route=\/wp\/v2\/media\/48894"}],"wp:attachment":[{"href":"https:\/\/historiografija.hr\/index.php?rest_route=%2Fwp%2Fv2%2Fmedia&parent=48893"}],"wp:term":[{"taxonomy":"category","embeddable":true,"href":"https:\/\/historiografija.hr\/index.php?rest_route=%2Fwp%2Fv2%2Fcategories&post=48893"},{"taxonomy":"post_tag","embeddable":true,"href":"https:\/\/historiografija.hr\/index.php?rest_route=%2Fwp%2Fv2%2Ftags&post=48893"}],"curies":[{"name":"wp","href":"https:\/\/api.w.org\/{rel}","templated":true}]}}