{"id":48839,"date":"2025-10-13T20:03:02","date_gmt":"2025-10-13T20:03:02","guid":{"rendered":"https:\/\/historiografija.hr\/?p=48839"},"modified":"2025-10-13T20:04:00","modified_gmt":"2025-10-13T20:04:00","slug":"bb-petra-hamer-the-aestheticisation-and-memorialisation-of-the-1992-atrocities-committed-in-the-municipality-of-prijedor-bosnia-and-herzegovina","status":"publish","type":"post","link":"https:\/\/historiografija.hr\/?p=48839","title":{"rendered":"BB: Petra Hamer &#8211; The Aestheticisation and Memorialisation of the 1992 Atrocities Committed in the Municipality of Prijedor, Bosnia and Herzegovina"},"content":{"rendered":"\n<p>This lecture explores the aestheticisation and memorialisation of the 1992 atrocities committed in Prijedor, Bosnia and Herzegovina. Drawing on artworks that confront ethnic cleansing, it examines how creative practices serve not merely as imaginative products but as responses to historical violence. Through photography, literature, monuments, and other media, these works function as witnesses of past events, commemorative practices, and instruments of memory politics. They offer sensory experiences that mobilise both individual reflection and collective political action, keeping the voices of the silenced present in public memory.<\/p>\n\n\n\n<p><strong>Petra Hamer (1988) <\/strong>is an ethnologist and cultural anthropologist interested in popular music and culture in Southeastern Europe during the 20th and 21st centuries. She holds a PhD from the University of Graz, where she researched the production of popular music by Bosnian and Herzegovinian army artistic units, focusing on the question of national identity construction in a multi-ethnic society. Currently, she works as a postdoctoral researcher on the ERC project DEAGENCY \u2116 101095729, researching the role of the dead in the lives of individuals in contemporary Bosnian and Herzegovinian society, with a focus on mass graves, political changes, and violence.<\/p>\n\n\n\n<p>14.10.2025<\/p>\n\n\n\n<p>13:00 &#8211; 14:00<\/p>\n\n\n\n<p>GITS\/CSEES, SEEHA &amp; S\u00fcdosteuropa-Gesellschaft<\/p>\n\n\n\n<p>SR 111.41 BEETHOVENSTRASSE 8 4. OG 8010 GRAZ<\/p>\n\n\n\n<p><a href=\"https:\/\/suedosteuropa.uni-graz.at\/de\/veranstaltungen\/bb-the-aestheticisation-and-memorialisation-of-the-1992-atrocities-committed-in-prijedor\">https:\/\/suedosteuropa.uni-graz.at\/de\/veranstaltungen\/bb-the-aestheticisation-and-memorialisation-of-the-1992-atrocities-committed-in-prijedor<\/a><\/p>\n\n\n\n<hr class=\"wp-block-separator has-alpha-channel-opacity\"\/>\n\n\n\n<p><strong>Predavanje o memorijalizaciji zlo\u010dina po\u010dinjenih u Prijedoru 1992. godine<\/strong><\/p>\n\n\n\n<p>Na Univerzitetu u Grazu \u0107e Petra Hamer odr\u017eati predavanje The Aestheticisation and Memorialisation of the 1992 Atrocities Committed in the Municipality of Prijedor, Bosnia and Herzegovina<\/p>\n\n\n\n<p>Ovo predavanje istra\u017euje estetizaciju i memorijalizaciju zlo\u010dina po\u010dinjenih 1992. u Prijedoru, u Bosni i Hercegovini. Oslanjaju\u0107i se na umjetni\u010dka djela koja tematiziraju etni\u010dko \u010di\u0161\u0107enje, ispituje se kako kreativne prakse slu\u017ee ne samo kao imaginativni proizvodi ve\u0107 i kao odgovori na povijesno nasilje. Kroz fotografiju, knji\u017eevnost, spomenike i druge medije, ova djela funkcioniraju kao svjedoci pro\u0161lih doga\u0111aja, komemorativne prakse i instrumenti politike sje\u0107anja. Nude &nbsp;iskustva koja mobiliziraju i individualnu refleksiju i kolektivno politi\u010dko djelovanje, odr\u017eavaju\u0107i glasove u\u0161utkanih prisutnima u javnom sje\u0107anju.<\/p>\n\n\n\n<p>Petra Hamer (1988) je etnologinja i kulturna antropologinja koja se bavi popularnom muzikom i kulturom u jugoisto\u010dnoj Evropi tokom 20. i 21. stolje\u0107a. Doktorirala je na Univerzitetu u Grazu, gdje je istra\u017eivala produkciju popularne muzike umjetni\u010dkih jedinica bosanskohercegova\u010dke vojske, fokusiraju\u0107i se na pitanje konstrukcije nacionalnog identiteta u multietni\u010dkom dru\u0161tvu. Trenutno istra\u017euje ulogu mrtvih u \u017eivotima pojedinaca u savremenom bosanskohercegova\u010dkom dru\u0161tvu, s fokusom na masovne grobnice, politi\u010dke promjene i nasilje.<\/p>\n\n\n\n<p>Predavanje \u0107e biti u utorak 14.10.2025, od 13:00 do 14:00 sati u prostorijama GITS\/CSEES, SEEHA &amp; S\u00fcdosteuropa-Gesellschaft, SR 111.41 BEETHOVENSTRASSE 8 4. OG 8010 GRAZ<\/p>\n\n\n\n<p>Izvor:<\/p>\n\n\n\n<p><a href=\"https:\/\/historiografija.ba\/historija-u-javnosti\/dogadjaji\/predavanje-o-memorijalizaciji-zlocina-pocinjenih-u-prijedoru-1992-godine\">https:\/\/historiografija.ba\/historija-u-javnosti\/dogadjaji\/predavanje-o-memorijalizaciji-zlocina-pocinjenih-u-prijedoru-1992-godine<\/a><\/p>\n\n\n\n<hr class=\"wp-block-separator has-alpha-channel-opacity\"\/>\n","protected":false},"excerpt":{"rendered":"","protected":false},"author":2,"featured_media":48843,"comment_status":"open","ping_status":"open","sticky":false,"template":"","format":"standard","meta":{"_acf_changed":false,"jetpack_post_was_ever_published":false,"_jetpack_newsletter_access":"","_jetpack_dont_email_post_to_subs":false,"_jetpack_newsletter_tier_id":0,"_jetpack_memberships_contains_paywalled_content":false,"_jetpack_memberships_contains_paid_content":false,"footnotes":"","jetpack_publicize_message":"","jetpack_publicize_feature_enabled":true,"jetpack_social_post_already_shared":true,"jetpack_social_options":{"image_generator_settings":{"template":"highway","default_image_id":0,"font":"","enabled":false},"version":2}},"categories":[3],"tags":[],"class_list":["post-48839","post","type-post","status-publish","format-standard","has-post-thumbnail","hentry","category-novosti"],"acf":{"facebook_opis":""},"jetpack_publicize_connections":[],"jetpack_featured_media_url":"https:\/\/i0.wp.com\/historiografija.hr\/wp-content\/uploads\/2025\/10\/Hamer_Petra.jpg?fit=1000%2C570&ssl=1","jetpack_sharing_enabled":true,"jetpack-related-posts":[],"_links":{"self":[{"href":"https:\/\/historiografija.hr\/index.php?rest_route=\/wp\/v2\/posts\/48839","targetHints":{"allow":["GET"]}}],"collection":[{"href":"https:\/\/historiografija.hr\/index.php?rest_route=\/wp\/v2\/posts"}],"about":[{"href":"https:\/\/historiografija.hr\/index.php?rest_route=\/wp\/v2\/types\/post"}],"author":[{"embeddable":true,"href":"https:\/\/historiografija.hr\/index.php?rest_route=\/wp\/v2\/users\/2"}],"replies":[{"embeddable":true,"href":"https:\/\/historiografija.hr\/index.php?rest_route=%2Fwp%2Fv2%2Fcomments&post=48839"}],"version-history":[{"count":2,"href":"https:\/\/historiografija.hr\/index.php?rest_route=\/wp\/v2\/posts\/48839\/revisions"}],"predecessor-version":[{"id":48842,"href":"https:\/\/historiografija.hr\/index.php?rest_route=\/wp\/v2\/posts\/48839\/revisions\/48842"}],"wp:featuredmedia":[{"embeddable":true,"href":"https:\/\/historiografija.hr\/index.php?rest_route=\/wp\/v2\/media\/48843"}],"wp:attachment":[{"href":"https:\/\/historiografija.hr\/index.php?rest_route=%2Fwp%2Fv2%2Fmedia&parent=48839"}],"wp:term":[{"taxonomy":"category","embeddable":true,"href":"https:\/\/historiografija.hr\/index.php?rest_route=%2Fwp%2Fv2%2Fcategories&post=48839"},{"taxonomy":"post_tag","embeddable":true,"href":"https:\/\/historiografija.hr\/index.php?rest_route=%2Fwp%2Fv2%2Ftags&post=48839"}],"curies":[{"name":"wp","href":"https:\/\/api.w.org\/{rel}","templated":true}]}}