{"id":48812,"date":"2025-10-10T21:48:48","date_gmt":"2025-10-10T21:48:48","guid":{"rendered":"https:\/\/historiografija.hr\/?p=48812"},"modified":"2025-10-10T21:48:48","modified_gmt":"2025-10-10T21:48:48","slug":"28e-rendez-vous-de-lhistoire-la-france-blois-8-12-oct-2025","status":"publish","type":"post","link":"https:\/\/historiografija.hr\/?p=48812","title":{"rendered":"28e Rendez-vous de l\u2019histoire : \u00ab La France ? \u00bb (Blois, 8 \u2013 12 oct. 2025)"},"content":{"rendered":"\n<p>Od 8. do 12. listopada 2025. u Bloisu u Francuskoj u tijeku je 28. festival povijesti, \u010diji program sadr\u017ei brojna predavanja, okrugle stolove i projekcije filmova, dodjelu nagrada i sajam knjiga. Sredi\u0161nja tema ovogodi\u0161njeg festivala povijesti je Francuska (pod upitnikom).<\/p>\n\n\n\n<hr class=\"wp-block-separator has-alpha-channel-opacity\"\/>\n\n\n\n<p><strong>Les Rendez-vous de l\u2019histoire<\/strong><\/p>\n\n\n\n<p>BLOIS<\/p>\n\n\n\n<hr class=\"wp-block-separator has-alpha-channel-opacity\"\/>\n\n\n\n<p><strong>\u00c0 propos du festival<\/strong><\/p>\n\n\n\n<p>1000 &nbsp;intervenants \/ plus de 600 d\u00e9bats et conf\u00e9rences \/ 150 \u00e9diteurs pr\u00e9sents \/ 300 auteurs en d\u00e9dicace \/ 50 000 festivaliers \/ un salon du livre \/ le cycle cin\u00e9ma \u2013 50 films \/ des caf\u00e9s et des diners historiques \/ des expositions \/ des concerts \/ des spectacles etc.<\/p>\n\n\n\n<hr class=\"wp-block-separator has-alpha-channel-opacity\"\/>\n\n\n\n<p><a href=\"https:\/\/rdv-histoire.com\">https:\/\/rdv-histoire.com<\/a><\/p>\n\n\n\n<hr class=\"wp-block-separator has-alpha-channel-opacity\"\/>\n","protected":false},"excerpt":{"rendered":"","protected":false},"author":2,"featured_media":48813,"comment_status":"open","ping_status":"open","sticky":false,"template":"","format":"standard","meta":{"_acf_changed":false,"jetpack_post_was_ever_published":false,"_jetpack_newsletter_access":"","_jetpack_dont_email_post_to_subs":false,"_jetpack_newsletter_tier_id":0,"_jetpack_memberships_contains_paywalled_content":false,"_jetpack_memberships_contains_paid_content":false,"footnotes":"","jetpack_publicize_message":"","jetpack_publicize_feature_enabled":true,"jetpack_social_post_already_shared":true,"jetpack_social_options":{"image_generator_settings":{"template":"highway","default_image_id":0,"font":"","enabled":false},"version":2}},"categories":[3],"tags":[],"class_list":["post-48812","post","type-post","status-publish","format-standard","has-post-thumbnail","hentry","category-novosti"],"acf":{"facebook_opis":""},"jetpack_publicize_connections":[],"jetpack_featured_media_url":"https:\/\/historiografija.hr\/wp-content\/uploads\/2025\/10\/theme-des-Rendez-vous-de-lhistoire-2025.avif","jetpack_sharing_enabled":true,"jetpack-related-posts":[],"_links":{"self":[{"href":"https:\/\/historiografija.hr\/index.php?rest_route=\/wp\/v2\/posts\/48812","targetHints":{"allow":["GET"]}}],"collection":[{"href":"https:\/\/historiografija.hr\/index.php?rest_route=\/wp\/v2\/posts"}],"about":[{"href":"https:\/\/historiografija.hr\/index.php?rest_route=\/wp\/v2\/types\/post"}],"author":[{"embeddable":true,"href":"https:\/\/historiografija.hr\/index.php?rest_route=\/wp\/v2\/users\/2"}],"replies":[{"embeddable":true,"href":"https:\/\/historiografija.hr\/index.php?rest_route=%2Fwp%2Fv2%2Fcomments&post=48812"}],"version-history":[{"count":1,"href":"https:\/\/historiografija.hr\/index.php?rest_route=\/wp\/v2\/posts\/48812\/revisions"}],"predecessor-version":[{"id":48814,"href":"https:\/\/historiografija.hr\/index.php?rest_route=\/wp\/v2\/posts\/48812\/revisions\/48814"}],"wp:featuredmedia":[{"embeddable":true,"href":"https:\/\/historiografija.hr\/index.php?rest_route=\/wp\/v2\/media\/48813"}],"wp:attachment":[{"href":"https:\/\/historiografija.hr\/index.php?rest_route=%2Fwp%2Fv2%2Fmedia&parent=48812"}],"wp:term":[{"taxonomy":"category","embeddable":true,"href":"https:\/\/historiografija.hr\/index.php?rest_route=%2Fwp%2Fv2%2Fcategories&post=48812"},{"taxonomy":"post_tag","embeddable":true,"href":"https:\/\/historiografija.hr\/index.php?rest_route=%2Fwp%2Fv2%2Ftags&post=48812"}],"curies":[{"name":"wp","href":"https:\/\/api.w.org\/{rel}","templated":true}]}}