{"id":48807,"date":"2025-10-10T21:38:57","date_gmt":"2025-10-10T21:38:57","guid":{"rendered":"https:\/\/historiografija.hr\/?p=48807"},"modified":"2025-10-10T21:39:43","modified_gmt":"2025-10-10T21:39:43","slug":"svecani-simpozij-povodom-800-obljetnice-plemenite-opcine-turopoljske","status":"publish","type":"post","link":"https:\/\/historiografija.hr\/?p=48807","title":{"rendered":"Sve\u010dani simpozij povodom 800. obljetnice Plemenite op\u010dine turopoljske"},"content":{"rendered":"\n<p>U povodu 800. obljetnice Plemenite op\u010dine turopoljske, u \u010detvrtak, 16. listopada 2025. u 16:30 sati u Interpretacijskom centru Muzeja Turopolja u Velikoj Gorici odr\u017eat \u0107e se sve\u010dani simpozij. Simpozij obuhva\u0107a izlaganja uglednih predava\u010da o razli\u010ditim aspektima turopoljske ba\u0161tine, a organiziraju ga Grad Velika Gorica, Plemenita op\u010dina turopoljska, Muzej Turopolja te Zavod za znanstvenoistra\u017eiva\u010dki rad i HAZU Velika Gorica.<\/p>\n\n\n\n<p><strong>Program<\/strong><\/p>\n\n\n\n<ul class=\"wp-block-list\">\n<li>Sve\u010dano otvaranje simpozija<\/li>\n\n\n\n<li>Izlaganje pozvanih predava\u010da:<\/li>\n<\/ul>\n\n\n\n<p>Doc. dr. sc. Valentina Jankovi\u0107 Barbari\u0107:<br><em>Politi\u010dke i dru\u0161tvene prilike u Plemenitoj op\u0107ini Turopolje u prvoj polovici 19. stolje\u0107a temeljem isprava obitelji Josipovi\u0107<\/em><\/p>\n\n\n\n<p>Dr. sc. Kre\u0161imir Regan i Dubravka Latin\u010di\u0107:<br><em>Srednjovjekovne i rano novovjekovne utvrde u Turopolju<\/em><\/p>\n\n\n\n<p>Prof. dr. sc. Dragan Damjanovi\u0107:<br><em>Historicizam u Turopolju<\/em><\/p>\n\n\n\n<p>Dr. sc. \u0160tefka Batini\u0107:<br><em>Stolje\u0107a \u0161kolstva u Turopolju<\/em><\/p>\n\n\n\n<p>Prof. dr. sc. Vjera Katalini\u0107:<br><em>Glazbeni mozaik iz Turopolja<\/em><\/p>\n\n\n\n<p>Dr. sc. Jasenka Kranj\u010devi\u0107:<br><em>Razvoj Turopolja kao turisti\u010dke destinacije<\/em><\/p>\n\n\n\n<hr class=\"wp-block-separator has-alpha-channel-opacity\"\/>\n\n\n\n<figure class=\"wp-block-image size-large\"><img data-recalc-dims=\"1\" loading=\"lazy\" decoding=\"async\" width=\"576\" height=\"1024\" data-attachment-id=\"48808\" data-permalink=\"https:\/\/historiografija.hr\/?attachment_id=48808\" data-orig-file=\"https:\/\/i0.wp.com\/historiografija.hr\/wp-content\/uploads\/2025\/10\/DaniEUBVG2025-Pozivnica.png?fit=1080%2C1920&amp;ssl=1\" data-orig-size=\"1080,1920\" data-comments-opened=\"1\" data-image-meta=\"{&quot;aperture&quot;:&quot;0&quot;,&quot;credit&quot;:&quot;&quot;,&quot;camera&quot;:&quot;&quot;,&quot;caption&quot;:&quot;&quot;,&quot;created_timestamp&quot;:&quot;0&quot;,&quot;copyright&quot;:&quot;&quot;,&quot;focal_length&quot;:&quot;0&quot;,&quot;iso&quot;:&quot;0&quot;,&quot;shutter_speed&quot;:&quot;0&quot;,&quot;title&quot;:&quot;&quot;,&quot;orientation&quot;:&quot;0&quot;}\" data-image-title=\"DaniEUBVG2025-Pozivnica\" data-image-description=\"\" data-image-caption=\"\" data-large-file=\"https:\/\/i0.wp.com\/historiografija.hr\/wp-content\/uploads\/2025\/10\/DaniEUBVG2025-Pozivnica.png?fit=576%2C1024&amp;ssl=1\" src=\"https:\/\/i0.wp.com\/historiografija.hr\/wp-content\/uploads\/2025\/10\/DaniEUBVG2025-Pozivnica.png?resize=576%2C1024&#038;ssl=1\" alt=\"\" class=\"wp-image-48808\" srcset=\"https:\/\/i0.wp.com\/historiografija.hr\/wp-content\/uploads\/2025\/10\/DaniEUBVG2025-Pozivnica.png?resize=576%2C1024&amp;ssl=1 576w, https:\/\/i0.wp.com\/historiografija.hr\/wp-content\/uploads\/2025\/10\/DaniEUBVG2025-Pozivnica.png?resize=169%2C300&amp;ssl=1 169w, https:\/\/i0.wp.com\/historiografija.hr\/wp-content\/uploads\/2025\/10\/DaniEUBVG2025-Pozivnica.png?resize=768%2C1365&amp;ssl=1 768w, https:\/\/i0.wp.com\/historiografija.hr\/wp-content\/uploads\/2025\/10\/DaniEUBVG2025-Pozivnica.png?resize=864%2C1536&amp;ssl=1 864w, https:\/\/i0.wp.com\/historiografija.hr\/wp-content\/uploads\/2025\/10\/DaniEUBVG2025-Pozivnica.png?w=1080&amp;ssl=1 1080w\" sizes=\"auto, (max-width: 576px) 100vw, 576px\" \/><\/figure>\n\n\n\n<hr class=\"wp-block-separator has-alpha-channel-opacity\"\/>\n\n\n\n<p>Izvor:<\/p>\n\n\n\n<figure class=\"wp-block-embed is-type-wp-embed is-provider-hazu wp-block-embed-hazu\"><div class=\"wp-block-embed__wrapper\">\n<blockquote class=\"wp-embedded-content\" data-secret=\"8Yufn45omM\"><a href=\"https:\/\/www.info.hazu.hr\/events\/svecani-simpozij-povodom-800-obljetnice-plemenite-opcine-turopoljske\/\">Sve\u010dani simpozij povodom 800. obljetnice Plemenite op\u010dine turopoljske<\/a><\/blockquote><iframe loading=\"lazy\" class=\"wp-embedded-content\" sandbox=\"allow-scripts\" security=\"restricted\" style=\"position: absolute; visibility: hidden;\" title=\"&#8220;Sve\u010dani simpozij povodom 800. obljetnice Plemenite op\u010dine turopoljske&#8221; &#8212; HAZU\" src=\"https:\/\/www.info.hazu.hr\/events\/svecani-simpozij-povodom-800-obljetnice-plemenite-opcine-turopoljske\/embed\/#?secret=8Yufn45omM\" data-secret=\"8Yufn45omM\" width=\"600\" height=\"338\" frameborder=\"0\" marginwidth=\"0\" marginheight=\"0\" scrolling=\"no\"><\/iframe>\n<\/div><\/figure>\n\n\n\n<hr class=\"wp-block-separator has-alpha-channel-opacity\"\/>\n","protected":false},"excerpt":{"rendered":"","protected":false},"author":2,"featured_media":48808,"comment_status":"open","ping_status":"open","sticky":false,"template":"","format":"standard","meta":{"_acf_changed":false,"jetpack_post_was_ever_published":false,"_jetpack_newsletter_access":"","_jetpack_dont_email_post_to_subs":false,"_jetpack_newsletter_tier_id":0,"_jetpack_memberships_contains_paywalled_content":false,"_jetpack_memberships_contains_paid_content":false,"footnotes":"","jetpack_publicize_message":"","jetpack_publicize_feature_enabled":true,"jetpack_social_post_already_shared":true,"jetpack_social_options":{"image_generator_settings":{"template":"highway","default_image_id":0,"font":"","enabled":false},"version":2}},"categories":[3,9],"tags":[],"class_list":["post-48807","post","type-post","status-publish","format-standard","has-post-thumbnail","hentry","category-novosti","category-skupovi"],"acf":{"facebook_opis":""},"jetpack_publicize_connections":[],"jetpack_featured_media_url":"https:\/\/i0.wp.com\/historiografija.hr\/wp-content\/uploads\/2025\/10\/DaniEUBVG2025-Pozivnica.png?fit=1080%2C1920&ssl=1","jetpack_sharing_enabled":true,"jetpack-related-posts":[],"_links":{"self":[{"href":"https:\/\/historiografija.hr\/index.php?rest_route=\/wp\/v2\/posts\/48807","targetHints":{"allow":["GET"]}}],"collection":[{"href":"https:\/\/historiografija.hr\/index.php?rest_route=\/wp\/v2\/posts"}],"about":[{"href":"https:\/\/historiografija.hr\/index.php?rest_route=\/wp\/v2\/types\/post"}],"author":[{"embeddable":true,"href":"https:\/\/historiografija.hr\/index.php?rest_route=\/wp\/v2\/users\/2"}],"replies":[{"embeddable":true,"href":"https:\/\/historiografija.hr\/index.php?rest_route=%2Fwp%2Fv2%2Fcomments&post=48807"}],"version-history":[{"count":3,"href":"https:\/\/historiografija.hr\/index.php?rest_route=\/wp\/v2\/posts\/48807\/revisions"}],"predecessor-version":[{"id":48811,"href":"https:\/\/historiografija.hr\/index.php?rest_route=\/wp\/v2\/posts\/48807\/revisions\/48811"}],"wp:featuredmedia":[{"embeddable":true,"href":"https:\/\/historiografija.hr\/index.php?rest_route=\/wp\/v2\/media\/48808"}],"wp:attachment":[{"href":"https:\/\/historiografija.hr\/index.php?rest_route=%2Fwp%2Fv2%2Fmedia&parent=48807"}],"wp:term":[{"taxonomy":"category","embeddable":true,"href":"https:\/\/historiografija.hr\/index.php?rest_route=%2Fwp%2Fv2%2Fcategories&post=48807"},{"taxonomy":"post_tag","embeddable":true,"href":"https:\/\/historiografija.hr\/index.php?rest_route=%2Fwp%2Fv2%2Ftags&post=48807"}],"curies":[{"name":"wp","href":"https:\/\/api.w.org\/{rel}","templated":true}]}}