{"id":48803,"date":"2025-10-10T21:32:59","date_gmt":"2025-10-10T21:32:59","guid":{"rendered":"https:\/\/historiografija.hr\/?p=48803"},"modified":"2025-10-10T21:34:38","modified_gmt":"2025-10-10T21:34:38","slug":"predstavljanje-monografije-zeljka-brguljana-na-granici-mora-i-neba-at-the-border-of-sea-and-sky","status":"publish","type":"post","link":"https:\/\/historiografija.hr\/?p=48803","title":{"rendered":"Predstavljanje monografije \u017deljka Brguljana \u201cNa granici mora i neba \/ At the Border of Sea and Sky&#8221; u Splitu"},"content":{"rendered":"\n<p>Hrvatski pomorski muzej Split i Hrvatska bratov\u0161tina Bokeljska mornarica 809<\/p>\n\n\n\n<p>imaju \u010dast pozvati vas na predstavljanje monografije<\/p>\n\n\n\n<p><strong>\u201eNa granici mora i neba \/ At the Border of Sea and Sky\u201c<\/strong><\/p>\n\n\n\n<p><strong>autora \u017deljka Brguljana<\/strong><\/p>\n\n\n\n<p>U \u010detvrtak, 16. listopada 2025. s po\u010detkom u 18 sati<\/p>\n\n\n\n<p>Hrvatski pomorski muzej Split, Tvr\u0111ava Gripe<\/p>\n\n\n\n<p>O knjizi \u0107e uz autora govoriti dr. sc Ivana Mance Cipek i dr. sc. Ita Prani\u010devi\u0107 Borovac te predstavnici nakladnika Timor \u0160atara i Ljubomir Radi\u0107<\/p>\n\n\n\n<hr class=\"wp-block-separator has-alpha-channel-opacity\"\/>\n\n\n\n<p>\u201cNa granici mora i neba \/ At the Border of Sea and Sky&#8221;, naslov je monografije u kojoj je obra\u0111ena bogata zbirka slika brodova iz \u017eupne crkve Ro\u0111enja Bla\u017eene Djevice Marije na Pr\u010danju &#8211; ukupno 40 portreta jedrenjaka, parobroda i flota brodova.<\/p>\n\n\n\n<p>Ve\u0107inom je rije\u010d o zavjetnim slikama, a potom o portretima brodova iz kapetanskih i brodovlasni\u010dkih ku\u0107a, obitelji sa Pr\u010danja, doniranih \u017eupnoj zbirci. Posredstvom ove pomorsko-likovne zbirke, obra\u0111en je segment pomorske povijesti ne samo Pr\u010danja i Boke kotorske nego i cijelog ju\u017enog Jadrana.<\/p>\n\n\n\n<p>Autor knjige je neumorni profesor \u017deljko Brguljan, istaknuti poznavatelj kulturne ba\u0161tine i maritimnog slikarstva Boke kotorske, autor 16 knjiga i preko 100 \u010dlanaka o bokeljskim temama.<\/p>\n\n\n\n<p>Prvo izdanje ove knjige objavljeno je u Perastu 2015. godine i ubrzo je rasprodano. Deset godina kasnije, novo pro\u0161ireno izdanje, u zajedni\u010dkoj nakladi objavljuju Hrvatski pomorski muzej Split, Hrvatska bratov\u0161tina Bokeljska mornarica 809 Zagreb i Ogranak Matice hrvatske u Boki kotorskoj \u2013 Kotor.<\/p>\n\n\n\n<p>Knjiga je prvo predstavljanje imala u Kotoru potom u Dubrovniku, a sada je prigoda za upoznavanje splitske publike sa ovom iznimnom monografijom. &nbsp;O knjizi \u0107e govoriti dr. sc. Ivana Mance Cipek sa Instituta za povijest umjetnosti u Zagrebu i dr. sc. Ita Prani\u010devi\u0107 Borovac sa Umjetni\u010dke akademije Sveu\u010dili\u0161ta u Splitu.<\/p>\n\n\n\n<hr class=\"wp-block-separator has-alpha-channel-opacity\"\/>\n","protected":false},"excerpt":{"rendered":"","protected":false},"author":2,"featured_media":48804,"comment_status":"open","ping_status":"open","sticky":false,"template":"","format":"standard","meta":{"_acf_changed":false,"jetpack_post_was_ever_published":false,"_jetpack_newsletter_access":"","_jetpack_dont_email_post_to_subs":false,"_jetpack_newsletter_tier_id":0,"_jetpack_memberships_contains_paywalled_content":false,"_jetpack_memberships_contains_paid_content":false,"footnotes":"","jetpack_publicize_message":"","jetpack_publicize_feature_enabled":true,"jetpack_social_post_already_shared":true,"jetpack_social_options":{"image_generator_settings":{"template":"highway","default_image_id":0,"font":"","enabled":false},"version":2}},"categories":[3],"tags":[],"class_list":["post-48803","post","type-post","status-publish","format-standard","has-post-thumbnail","hentry","category-novosti"],"acf":{"facebook_opis":""},"jetpack_publicize_connections":[],"jetpack_featured_media_url":"https:\/\/i0.wp.com\/historiografija.hr\/wp-content\/uploads\/2025\/10\/NA-GRANICI-MORA-I-NEBA-POZIVNICA.jpg?fit=1600%2C1600&ssl=1","jetpack_sharing_enabled":true,"jetpack-related-posts":[],"_links":{"self":[{"href":"https:\/\/historiografija.hr\/index.php?rest_route=\/wp\/v2\/posts\/48803","targetHints":{"allow":["GET"]}}],"collection":[{"href":"https:\/\/historiografija.hr\/index.php?rest_route=\/wp\/v2\/posts"}],"about":[{"href":"https:\/\/historiografija.hr\/index.php?rest_route=\/wp\/v2\/types\/post"}],"author":[{"embeddable":true,"href":"https:\/\/historiografija.hr\/index.php?rest_route=\/wp\/v2\/users\/2"}],"replies":[{"embeddable":true,"href":"https:\/\/historiografija.hr\/index.php?rest_route=%2Fwp%2Fv2%2Fcomments&post=48803"}],"version-history":[{"count":2,"href":"https:\/\/historiografija.hr\/index.php?rest_route=\/wp\/v2\/posts\/48803\/revisions"}],"predecessor-version":[{"id":48806,"href":"https:\/\/historiografija.hr\/index.php?rest_route=\/wp\/v2\/posts\/48803\/revisions\/48806"}],"wp:featuredmedia":[{"embeddable":true,"href":"https:\/\/historiografija.hr\/index.php?rest_route=\/wp\/v2\/media\/48804"}],"wp:attachment":[{"href":"https:\/\/historiografija.hr\/index.php?rest_route=%2Fwp%2Fv2%2Fmedia&parent=48803"}],"wp:term":[{"taxonomy":"category","embeddable":true,"href":"https:\/\/historiografija.hr\/index.php?rest_route=%2Fwp%2Fv2%2Fcategories&post=48803"},{"taxonomy":"post_tag","embeddable":true,"href":"https:\/\/historiografija.hr\/index.php?rest_route=%2Fwp%2Fv2%2Ftags&post=48803"}],"curies":[{"name":"wp","href":"https:\/\/api.w.org\/{rel}","templated":true}]}}