{"id":48795,"date":"2025-10-09T17:37:55","date_gmt":"2025-10-09T17:37:55","guid":{"rendered":"https:\/\/historiografija.hr\/?p=48795"},"modified":"2025-10-09T17:38:49","modified_gmt":"2025-10-09T17:38:49","slug":"skriptinar-luis-bunuel-simon-del-desierto-nadrealizam-i-politicnost-avangarde","status":"publish","type":"post","link":"https:\/\/historiografija.hr\/?p=48795","title":{"rendered":"[SKRIPTINAR: Luis Bu\u00f1uel: Sim\u00f3n del desierto \u2013 NADREALIZAM I POLITI\u010cNOST AVANGARDE]"},"content":{"rendered":"\n<p>Draga ekipo,<\/p>\n\n\n\n<p>s veseljem vam predstavljamo prvo izdanje Skriptinara u ovoj akademskoj godini! U Klubu studenata Filozofskog fakulteta, 13. listopada (ponedjeljak) u 19 sati pridru\u017eit \u0107e nam se profesor Nikica Gili\u0107, koji \u0107e nas uvesti u temeljna pitanja avangardnog anga\u017emana i radikalne umjetnosti uz projekciju i dikusiju o Bu\u00f1uelovom filmu \u201e\u0160imun pustinjak\u201c (Sim\u00f3n del desierto) iz 1965. godine.<\/p>\n\n\n\n<p>\u201e\u0160imun pustinjak\u201c pripada Bu\u00f1uelovim kasnijim redateljskim ostvarenjima, ali se izravno nadovezuje na razdoblje povijesnih avangardi. Dakle, nadovezuje se na epohu (temeljno 1920-ih i ranih 1930-ih) kada je umjetnost stupala u direktan odnos s dru\u0161tvom i politikom na poseban na\u010din, sudjeluju\u0107i u revolucijama i poku\u0161avaju\u0107i mijenjati svijet. I nadrealisti i drugi avangardni umjetnici imali su jasnu ambiciju stvoriti novog \u010dovjeka ru\u0161enjem temelja kulture i komunikacije kojom se \u010dovje\u010danstvo slu\u017ei, \u0161to u slu\u010daju \u0161panjolca Bu\u00f1uela, izme\u0111u ostalog, zna\u010di i jak udarac na temelje katoli\u010dke liturgije i vjerovanja.<br><br>Radikalnost Luisa Bu\u00f1uela najbolje se vidi u \u201eAndaluzijskom psu\u201c (Un chien andalou) koji je realiziran u Francuskoj u suradnji s velikim slikarom Dal\u00edjem. Film je danas poznat po naj\u010duvenijoj \u0161okantnoj sceni rezanja oka pri po\u010detku filma, ali i nakon tog prikaza sadr\u017ei bogatstvo motiva i postupaka. \u201eAndaluzijski pas\u201c je kanonsko ostvarenje filma, vizualnih umjetnosti i kulture, prikazivano u kinotekama i muzejima, ali \u201e\u0160imun pustinjak\u201c pokazuje da je, i u kasnijim fazama rada, autor itekako udarao u temelje kulture. S jedne strane \u2013 \u0160imun i njegovi do\u017eivljaji nas mogu podsjetiti na Isusa Krista, a s druge strane rije\u010d je o filmu koji se prikazuje u epohi kada je modernizam zvu\u010dnog filma kroz razne nove valove razmrdavao dru\u0161tvene konvencije.<br><br>Koliko je mogu\u0107e umjetno\u0161\u0107u se boriti za ostvarivanje dru\u0161tvenih ciljeva? Koliko su nadrealisti\u010dki ekscesi uop\u0107e razumljiviji nekoj \u0161iroj publici? Mo\u017eemo li danas primijeniti lekcije avangardnih umjetnika u stvaranju radikalne umjetnosti?<br><br>Podsje\u0107amo da je Skriptinar prostor za kriti\u010dku razmjenu bez hijerarhije izme\u0111u izlaga\u010da_ica i sudionika_ica; radujemo se diskusiji na kojoj \u0107emo svi_e imati priliku odgovoriti na ova i razna druga pitanja!<br><br>Za uvod u diskusiju, a i samu projekciju filma, \u0107e nam se pridru\u017eiti profesor Nikica Gili\u0107! Nikica je redoviti profesor u trajnom izboru, ro\u0111en 1973. u Splitu, gdje je zavr\u0161io srednju \u0161kolu. Upisao je studij komparativne knji\u017eevnosti i engleskog jezika i knji\u017eevnosti na Filozofskom fakultetu u Zagrebu 1992. godine, a diplomirao je 1997., upisav\u0161i potom poslijediplomski studij knji\u017eevnosti. Od 1998. radi na Odsjeku za komparativnu knji\u017eevnost. Magistrirao je 2003. temom \u201eFilmolo\u0161ki aspekti naratologije\u201c, a doktorirao 2005. temom \u201eFilmska genologija i tipologija filmskog izlaganja\u201c.<\/p>\n\n\n\n<p>Nikica nam je pripremio popratne materijale, od pregleda Bu\u00f1uelovog stvarala\u0161tva do teorijskih tekstova, koje mo\u017eete prona\u0107i na linktreeju Plenuma!<br><br>Vidimo se u KSFF-u, ponedjeljak 13.10. u 19:00h!<\/p>\n\n\n\n<hr class=\"wp-block-separator has-alpha-channel-opacity\"\/>\n\n\n\n<figure class=\"wp-block-image size-full is-resized\"><img data-recalc-dims=\"1\" loading=\"lazy\" decoding=\"async\" width=\"636\" height=\"900\" data-attachment-id=\"48796\" data-permalink=\"https:\/\/historiografija.hr\/?attachment_id=48796\" data-orig-file=\"https:\/\/i0.wp.com\/historiografija.hr\/wp-content\/uploads\/2025\/10\/Skriptinar.jpg?fit=636%2C900&amp;ssl=1\" data-orig-size=\"636,900\" data-comments-opened=\"1\" data-image-meta=\"{&quot;aperture&quot;:&quot;0&quot;,&quot;credit&quot;:&quot;&quot;,&quot;camera&quot;:&quot;&quot;,&quot;caption&quot;:&quot;&quot;,&quot;created_timestamp&quot;:&quot;0&quot;,&quot;copyright&quot;:&quot;&quot;,&quot;focal_length&quot;:&quot;0&quot;,&quot;iso&quot;:&quot;0&quot;,&quot;shutter_speed&quot;:&quot;0&quot;,&quot;title&quot;:&quot;&quot;,&quot;orientation&quot;:&quot;0&quot;}\" data-image-title=\"Skriptinar\" data-image-description=\"\" data-image-caption=\"\" data-large-file=\"https:\/\/i0.wp.com\/historiografija.hr\/wp-content\/uploads\/2025\/10\/Skriptinar.jpg?fit=636%2C900&amp;ssl=1\" src=\"https:\/\/i0.wp.com\/historiografija.hr\/wp-content\/uploads\/2025\/10\/Skriptinar.jpg?resize=636%2C900&#038;ssl=1\" alt=\"\" class=\"wp-image-48796\" style=\"width:565px;height:auto\" srcset=\"https:\/\/i0.wp.com\/historiografija.hr\/wp-content\/uploads\/2025\/10\/Skriptinar.jpg?w=636&amp;ssl=1 636w, https:\/\/i0.wp.com\/historiografija.hr\/wp-content\/uploads\/2025\/10\/Skriptinar.jpg?resize=212%2C300&amp;ssl=1 212w\" sizes=\"auto, (max-width: 636px) 100vw, 636px\" \/><\/figure>\n\n\n\n<hr class=\"wp-block-separator has-alpha-channel-opacity\"\/>\n\n\n\n<p>Izvor:<\/p>\n\n\n\n<p><a href=\"https:\/\/www.facebook.com\/events\/1143781341152926\">https:\/\/www.facebook.com\/events\/1143781341152926<\/a><\/p>\n\n\n\n<hr class=\"wp-block-separator has-alpha-channel-opacity\"\/>\n","protected":false},"excerpt":{"rendered":"","protected":false},"author":2,"featured_media":48796,"comment_status":"open","ping_status":"open","sticky":false,"template":"","format":"standard","meta":{"_acf_changed":false,"jetpack_post_was_ever_published":false,"_jetpack_newsletter_access":"","_jetpack_dont_email_post_to_subs":false,"_jetpack_newsletter_tier_id":0,"_jetpack_memberships_contains_paywalled_content":false,"_jetpack_memberships_contains_paid_content":false,"footnotes":"","jetpack_publicize_message":"","jetpack_publicize_feature_enabled":true,"jetpack_social_post_already_shared":true,"jetpack_social_options":{"image_generator_settings":{"template":"highway","default_image_id":0,"font":"","enabled":false},"version":2}},"categories":[13,3],"tags":[],"class_list":["post-48795","post","type-post","status-publish","format-standard","has-post-thumbnail","hentry","category-filmovi-i-serije","category-novosti"],"acf":{"facebook_opis":""},"jetpack_publicize_connections":[],"jetpack_featured_media_url":"https:\/\/i0.wp.com\/historiografija.hr\/wp-content\/uploads\/2025\/10\/Skriptinar.jpg?fit=636%2C900&ssl=1","jetpack_sharing_enabled":true,"jetpack-related-posts":[],"_links":{"self":[{"href":"https:\/\/historiografija.hr\/index.php?rest_route=\/wp\/v2\/posts\/48795","targetHints":{"allow":["GET"]}}],"collection":[{"href":"https:\/\/historiografija.hr\/index.php?rest_route=\/wp\/v2\/posts"}],"about":[{"href":"https:\/\/historiografija.hr\/index.php?rest_route=\/wp\/v2\/types\/post"}],"author":[{"embeddable":true,"href":"https:\/\/historiografija.hr\/index.php?rest_route=\/wp\/v2\/users\/2"}],"replies":[{"embeddable":true,"href":"https:\/\/historiografija.hr\/index.php?rest_route=%2Fwp%2Fv2%2Fcomments&post=48795"}],"version-history":[{"count":3,"href":"https:\/\/historiografija.hr\/index.php?rest_route=\/wp\/v2\/posts\/48795\/revisions"}],"predecessor-version":[{"id":48799,"href":"https:\/\/historiografija.hr\/index.php?rest_route=\/wp\/v2\/posts\/48795\/revisions\/48799"}],"wp:featuredmedia":[{"embeddable":true,"href":"https:\/\/historiografija.hr\/index.php?rest_route=\/wp\/v2\/media\/48796"}],"wp:attachment":[{"href":"https:\/\/historiografija.hr\/index.php?rest_route=%2Fwp%2Fv2%2Fmedia&parent=48795"}],"wp:term":[{"taxonomy":"category","embeddable":true,"href":"https:\/\/historiografija.hr\/index.php?rest_route=%2Fwp%2Fv2%2Fcategories&post=48795"},{"taxonomy":"post_tag","embeddable":true,"href":"https:\/\/historiografija.hr\/index.php?rest_route=%2Fwp%2Fv2%2Ftags&post=48795"}],"curies":[{"name":"wp","href":"https:\/\/api.w.org\/{rel}","templated":true}]}}