{"id":48787,"date":"2025-10-09T16:37:59","date_gmt":"2025-10-09T16:37:59","guid":{"rendered":"https:\/\/historiografija.hr\/?p=48787"},"modified":"2025-10-09T16:37:59","modified_gmt":"2025-10-09T16:37:59","slug":"predstavljanje-knjige-sjecanje-na-studentski-strajk-71-i-hrvatski-snovi-autora-drage-srecka-cutuka","status":"publish","type":"post","link":"https:\/\/historiografija.hr\/?p=48787","title":{"rendered":"Predstavljanje knjige &#8220;Sje\u0107anje na studentski \u0161trajk &#8217;71. i hrvatski snovi&#8221; autora Drage Sre\u0107ka \u0106utuka"},"content":{"rendered":"\n<p>\u010cetvrtak 9. listopada 2025. godine u 18 sati. Galerija \u201eVinko Draganja op\u201d u Dominikanskom samostanu u Splitu, Hrvojeva 2.<\/p>\n\n\n\n<p><strong>OGRANAK MATICE HRVATSKE U SPLITU<\/strong> <strong>I NAKLADA BO\u0160KOVI\u0106 SPLIT<\/strong><\/p>\n\n\n\n<p>ima \u010dast pozvati Vas na predstavljanje knjige<\/p>\n\n\n\n<p><strong><em>SJE\u0106ANJE NA STUDENTSKI \u0160TRAJK \u201971. I HRVATSKI SNOVI<\/em><\/strong><br>autora&nbsp;<em>Drage Sre\u0107ka \u0106utuka<\/em><\/p>\n\n\n\n<p>Predstavljanje \u0107e se odr\u017eati u<\/p>\n\n\n\n<p><strong><em>Galeriji \u201eVinko Draganja op\u201d u Dominikanskom samostanu u Splitu, Hrvojeva 2 (Pazar).<\/em><\/strong><br><em>dana <\/em><strong><em>9. listopada 2025. godine (\u010detvrtak) u 18,00 sati.<\/em><\/strong><\/p>\n\n\n\n<p><strong>O knjizi \u0107e govoriti:<\/strong><br>Vanja Mladina, Neda Mudni\u0107 Ni\u017eeti\u0107 i autor.<br><strong>Voditelj: Zoran Bo\u0161kovi\u0107.<\/strong><\/p>\n\n\n\n<p><strong>Radujemo se Va\u0161em dolasku!<\/strong><\/p>\n\n\n\n<hr class=\"wp-block-separator has-alpha-channel-opacity\"\/>\n\n\n\n<p>Izvor:<\/p>\n\n\n\n<p><a href=\"https:\/\/www.matica.hr\/ogranci\/ogranak-matice-hrvatske-u-splitu\/zbivanja\/4927\">https:\/\/www.matica.hr\/ogranci\/ogranak-matice-hrvatske-u-splitu\/zbivanja\/4927<\/a><\/p>\n\n\n\n<hr class=\"wp-block-separator has-alpha-channel-opacity\"\/>\n\n\n\n<p><strong>Iza\u0161la knjiga Drage \u0106utuka o Hrvatskom prolje\u0107u: Tko je sa suda uklonio dosjee splitskih prolje\u0107ara?<\/strong><\/p>\n\n\n\n<p>Ovih dana, u Splitu je u izdanju Naklade Bo\u0161kovi\u0107 iz tiska iza\u0161la knjiga <strong>\u201cSje\u0107anje na studentski \u0161trajk \u201971. i hrvatski snovi\u201d<\/strong>. Autor knjige je <strong>Drago Sre\u0107ko \u0106utuk,<\/strong> neposredni sudionik studentskog \u0161trajka kao student Pravnog fakulteta.<\/p>\n\n\n\n<p>Knjiga prikazuje dru\u0161tvene okolnosti u kojima se organizira \u0161trajk, slom u Kara\u0111or\u0111evu i posljedice sloma Hrvatskog prolje\u0107a, <a href=\"https:\/\/www.demokrscani.hr\/aktualno\/6465\/\">sudski proces<\/a> \u201csplitskoj \u010detvorci \u201c, rehabilitaciji iz 90-ih, te daje kronolo\u0161ku retrospektivu kasnijih doga\u0111a.<\/p>\n\n\n\n<p>Istodobno, autor provla\u010di svoj \u017eivotni put kroz to vrijeme pa knjiga ima i autobiografski karakter.<\/p>\n\n\n\n<p>U knjizi je objavljeno niz dokumenata, neki i po prvi put.<\/p>\n\n\n\n<p><strong>Gdje su dosjei?<\/strong><\/p>\n\n\n\n<p>Da bi knjiga bila utemeljena \u0161to vi\u0161e na \u010dinjenicama, autor je morao imati uvida u cjelokupni sudski spis sa su\u0111enja \u201c\u010detvorici\u201d te dosjee SDS-a.<\/p>\n\n\n\n<p>Me\u0111utim, ti dokumenti su uni\u0161teni, pa je jedan dio knjige pisan temeljem osobnog sje\u0107anja autora ili kao fikcija.<\/p>\n\n\n\n<p>Svakako, hrvatska javnost i historiografija su dobile knjigu vrijednu \u010ditanja i prou\u010davanja doga\u0111anja na koje autor u knjizi ukazuje, a pred povjesni\u010dare stavljen je izazov istra\u017eiti gdje su i kako nestali dosjei UDB-e o \u201csplitskim prolje\u0107arima\u201d, tko je uni\u0161tio sudski i javnotu\u017eila\u010dki spis sa su\u0111enja \u201csplitskoj \u010detvorici\u201d i kona\u010dno, je li povod za sje\u010du hrvatskih kadrova u Kara\u0111or\u0111evu bio studentski \u0161trajk ili \u201cprijetnja Sovjeta\u201d?<\/p>\n\n\n\n<hr class=\"wp-block-separator has-alpha-channel-opacity\"\/>\n\n\n\n<p>Izvor:<\/p>\n\n\n\n<p><a href=\"https:\/\/narod.hr\/vjera-i-kultura\/izasla-knjiga-drage-cutuka-o-hrvatskom-proljecu-tko-je-sa-suda-uklonio-dosjee-splitskih-proljecara\">https:\/\/narod.hr\/vjera-i-kultura\/izasla-knjiga-drage-cutuka-o-hrvatskom-proljecu-tko-je-sa-suda-uklonio-dosjee-splitskih-proljecara<\/a><\/p>\n\n\n\n<hr class=\"wp-block-separator has-alpha-channel-opacity\"\/>\n","protected":false},"excerpt":{"rendered":"","protected":false},"author":2,"featured_media":48788,"comment_status":"open","ping_status":"open","sticky":false,"template":"","format":"standard","meta":{"_acf_changed":false,"jetpack_post_was_ever_published":false,"_jetpack_newsletter_access":"","_jetpack_dont_email_post_to_subs":false,"_jetpack_newsletter_tier_id":0,"_jetpack_memberships_contains_paywalled_content":false,"_jetpack_memberships_contains_paid_content":false,"footnotes":"","jetpack_publicize_message":"","jetpack_publicize_feature_enabled":true,"jetpack_social_post_already_shared":true,"jetpack_social_options":{"image_generator_settings":{"template":"highway","default_image_id":0,"font":"","enabled":false},"version":2}},"categories":[3],"tags":[],"class_list":["post-48787","post","type-post","status-publish","format-standard","has-post-thumbnail","hentry","category-novosti"],"acf":{"facebook_opis":""},"jetpack_publicize_connections":[],"jetpack_featured_media_url":"https:\/\/i0.wp.com\/historiografija.hr\/wp-content\/uploads\/2025\/10\/Hrvatski_snovi.jpg?fit=680%2C965&ssl=1","jetpack_sharing_enabled":true,"jetpack-related-posts":[],"_links":{"self":[{"href":"https:\/\/historiografija.hr\/index.php?rest_route=\/wp\/v2\/posts\/48787","targetHints":{"allow":["GET"]}}],"collection":[{"href":"https:\/\/historiografija.hr\/index.php?rest_route=\/wp\/v2\/posts"}],"about":[{"href":"https:\/\/historiografija.hr\/index.php?rest_route=\/wp\/v2\/types\/post"}],"author":[{"embeddable":true,"href":"https:\/\/historiografija.hr\/index.php?rest_route=\/wp\/v2\/users\/2"}],"replies":[{"embeddable":true,"href":"https:\/\/historiografija.hr\/index.php?rest_route=%2Fwp%2Fv2%2Fcomments&post=48787"}],"version-history":[{"count":1,"href":"https:\/\/historiografija.hr\/index.php?rest_route=\/wp\/v2\/posts\/48787\/revisions"}],"predecessor-version":[{"id":48789,"href":"https:\/\/historiografija.hr\/index.php?rest_route=\/wp\/v2\/posts\/48787\/revisions\/48789"}],"wp:featuredmedia":[{"embeddable":true,"href":"https:\/\/historiografija.hr\/index.php?rest_route=\/wp\/v2\/media\/48788"}],"wp:attachment":[{"href":"https:\/\/historiografija.hr\/index.php?rest_route=%2Fwp%2Fv2%2Fmedia&parent=48787"}],"wp:term":[{"taxonomy":"category","embeddable":true,"href":"https:\/\/historiografija.hr\/index.php?rest_route=%2Fwp%2Fv2%2Fcategories&post=48787"},{"taxonomy":"post_tag","embeddable":true,"href":"https:\/\/historiografija.hr\/index.php?rest_route=%2Fwp%2Fv2%2Ftags&post=48787"}],"curies":[{"name":"wp","href":"https:\/\/api.w.org\/{rel}","templated":true}]}}