{"id":48781,"date":"2025-10-09T16:18:26","date_gmt":"2025-10-09T16:18:26","guid":{"rendered":"https:\/\/historiografija.hr\/?p=48781"},"modified":"2025-10-09T16:24:59","modified_gmt":"2025-10-09T16:24:59","slug":"the-2025-annual-meeting-of-the-gypsy-lore-society-and-conference-on-romani-studies-i","status":"publish","type":"post","link":"https:\/\/historiografija.hr\/?p=48781","title":{"rendered":"The 2025 Annual Meeting of the Gypsy Lore Society and Conference on Romani Studies"},"content":{"rendered":"\n<p>Na me\u0111unarodnoj znanstvenoj konferenciji \u201eAnnual Meeting of the Gypsy Lore Society and Conference on Romani Studies\u201c odr\u017eanoj od 24. do 26. rujna 2025. u Parizu sudjelovao je dr. sc. Danijel Vojak s temom \u201cForgotten places of mass crimes against Roma in the Independent State of Croatia\u201d.<\/p>\n\n\n\n<p><a href=\"https:\/\/www.pilar.hr\/wp-content\/uploads\/2025\/10\/Preliminary_Programme.pdf\">Program konferencije<\/a> | <a href=\"https:\/\/www.pilar.hr\/wp-content\/uploads\/2025\/10\/Book_of_abstracts.pdf\">Knjiga sa\u017eetaka<\/a><\/p>\n\n\n\n<p><strong>Sudjelovanje dr. sc. Danijela Vojaka<\/strong> na konferenciji dio je aktivnosti u sklopu projekta Zaboravljena mjesta stradanja nepo\u0107udnih: Genocid nad Romima u Nezavisnoj Dr\u017eavi Hrvatskoj: istra\u017eivanje, memorijalizacija, edukacija \u2013 <a href=\"https:\/\/www.pilar.hr\/2024\/04\/projekt-forgot-genromisc-zaboravljena-mjesta-stradanja-nepocudnih-genocid-nad-romima-u-nezavisnoj-drzavi-hrvatskoj-istrazivanje-memorijalizacija-edukacija\/\">FORGOT-GENROMISC<\/a>.<\/p>\n\n\n\n<p><strong>Za vrijeme konferencije<\/strong> Upravni odbor dru\u0161tva Gypsy Lore Society prihvatio je prijedlog Instituta Pilar vezano za organizaciju godi\u0161nje konferencije 2026. u Zagrebu. Partnerske institucije ili suorganizatori konferencije bit \u0107e Filozofski fakultet Sveu\u010dili\u0161ta u Zagrebu i Institut za istra\u017eivanje migracija iz Zagreba. Konferencija \u0107e se odr\u017eati u Zagrebu od 2. do 5. rujna 2026.<\/p>\n\n\n\n<p><strong>Gypsy Lore Society<\/strong> najstarije je dru\u0161tvo za znanstveno prou\u010davanje povijesti, kulture i jezika Roma i izdaje znanstveni \u010dasopis Romani Studies. Vi\u0161e o radu dru\u0161tva: <a href=\"https:\/\/www.gypsyloresociety.org\/home\">https:\/\/www.gypsyloresociety.org\/home<\/a>.<\/p>\n\n\n\n<hr class=\"wp-block-separator has-alpha-channel-opacity\"\/>\n\n\n\n<p>Izvor i dodatne obavijesti:<\/p>\n\n\n\n<figure class=\"wp-block-embed is-type-wp-embed is-provider-institut-dru-tvenih-znanosti-ivo-pilar wp-block-embed-institut-dru-tvenih-znanosti-ivo-pilar\"><div class=\"wp-block-embed__wrapper\">\n<blockquote class=\"wp-embedded-content\" data-secret=\"FULgREd6Pc\"><a href=\"https:\/\/www.pilar.hr\/2025\/10\/dr-sc-danijel-vojak-na-2025-annual-meeting-of-the-gypsy-lore-society-and-conference-on-romani-studies-pariz-24-26-9-2025\/\">Dr. sc. Danijel Vojak na 2025 Annual Meeting of the Gypsy Lore Society and Conference on Romani Studies; Pariz, 24.-26. 9. 2025.<\/a><\/blockquote><iframe loading=\"lazy\" class=\"wp-embedded-content\" sandbox=\"allow-scripts\" security=\"restricted\" style=\"position: absolute; visibility: hidden;\" title=\"&#8220;Dr. sc. Danijel Vojak na 2025 Annual Meeting of the Gypsy Lore Society and Conference on Romani Studies; Pariz, 24.-26. 9. 2025.&#8221; &#8212; Institut dru\u0161tvenih znanosti Ivo Pilar\" src=\"https:\/\/www.pilar.hr\/2025\/10\/dr-sc-danijel-vojak-na-2025-annual-meeting-of-the-gypsy-lore-society-and-conference-on-romani-studies-pariz-24-26-9-2025\/embed\/#?secret=XDmjTaOcK5#?secret=FULgREd6Pc\" data-secret=\"FULgREd6Pc\" width=\"600\" height=\"338\" frameborder=\"0\" marginwidth=\"0\" marginheight=\"0\" scrolling=\"no\"><\/iframe>\n<\/div><\/figure>\n\n\n\n<hr class=\"wp-block-separator has-alpha-channel-opacity\"\/>\n","protected":false},"excerpt":{"rendered":"","protected":false},"author":2,"featured_media":48785,"comment_status":"open","ping_status":"open","sticky":false,"template":"","format":"standard","meta":{"_acf_changed":false,"jetpack_post_was_ever_published":false,"_jetpack_newsletter_access":"","_jetpack_dont_email_post_to_subs":false,"_jetpack_newsletter_tier_id":0,"_jetpack_memberships_contains_paywalled_content":false,"_jetpack_memberships_contains_paid_content":false,"footnotes":"","jetpack_publicize_message":"","jetpack_publicize_feature_enabled":true,"jetpack_social_post_already_shared":true,"jetpack_social_options":{"image_generator_settings":{"template":"highway","default_image_id":0,"font":"","enabled":false},"version":2}},"categories":[3,9],"tags":[],"class_list":["post-48781","post","type-post","status-publish","format-standard","has-post-thumbnail","hentry","category-novosti","category-skupovi"],"acf":{"facebook_opis":""},"jetpack_publicize_connections":[],"jetpack_featured_media_url":"https:\/\/i0.wp.com\/historiografija.hr\/wp-content\/uploads\/2025\/10\/Vojak.jpg?fit=1920%2C1446&ssl=1","jetpack_sharing_enabled":true,"jetpack-related-posts":[],"_links":{"self":[{"href":"https:\/\/historiografija.hr\/index.php?rest_route=\/wp\/v2\/posts\/48781","targetHints":{"allow":["GET"]}}],"collection":[{"href":"https:\/\/historiografija.hr\/index.php?rest_route=\/wp\/v2\/posts"}],"about":[{"href":"https:\/\/historiografija.hr\/index.php?rest_route=\/wp\/v2\/types\/post"}],"author":[{"embeddable":true,"href":"https:\/\/historiografija.hr\/index.php?rest_route=\/wp\/v2\/users\/2"}],"replies":[{"embeddable":true,"href":"https:\/\/historiografija.hr\/index.php?rest_route=%2Fwp%2Fv2%2Fcomments&post=48781"}],"version-history":[{"count":4,"href":"https:\/\/historiografija.hr\/index.php?rest_route=\/wp\/v2\/posts\/48781\/revisions"}],"predecessor-version":[{"id":48786,"href":"https:\/\/historiografija.hr\/index.php?rest_route=\/wp\/v2\/posts\/48781\/revisions\/48786"}],"wp:featuredmedia":[{"embeddable":true,"href":"https:\/\/historiografija.hr\/index.php?rest_route=\/wp\/v2\/media\/48785"}],"wp:attachment":[{"href":"https:\/\/historiografija.hr\/index.php?rest_route=%2Fwp%2Fv2%2Fmedia&parent=48781"}],"wp:term":[{"taxonomy":"category","embeddable":true,"href":"https:\/\/historiografija.hr\/index.php?rest_route=%2Fwp%2Fv2%2Fcategories&post=48781"},{"taxonomy":"post_tag","embeddable":true,"href":"https:\/\/historiografija.hr\/index.php?rest_route=%2Fwp%2Fv2%2Ftags&post=48781"}],"curies":[{"name":"wp","href":"https:\/\/api.w.org\/{rel}","templated":true}]}}