{"id":48778,"date":"2025-10-09T15:54:58","date_gmt":"2025-10-09T15:54:58","guid":{"rendered":"https:\/\/historiografija.hr\/?p=48778"},"modified":"2025-10-09T15:55:20","modified_gmt":"2025-10-09T15:55:20","slug":"promocija-drugog-toma-knjige-cedomira-visnjica-dvadesete-hvala-ti-srbijo-lepa-u-zagrebu","status":"publish","type":"post","link":"https:\/\/historiografija.hr\/?p=48778","title":{"rendered":"Promocija drugog toma knjige \u010cedomira Vi\u0161nji\u0107a \u201eDvadesete: Hvala ti, Srbijo lepa\u201c u Zagrebu"},"content":{"rendered":"\n<p>U Sredi\u0161njoj biblioteci Srba u Hrvatskoj u \u010detvrtak, 9. oktobra 2025, odr\u017eat \u0107e se promocija drugog toma knjige \u201cDvadesete: Hvala ti, Srbijo lepa\u201d na kojoj \u0107e uz autora govoriti Muharem Bazdulj, Tihomir Pono\u0161 i \u0110or\u0111e Mati\u0107.<\/p>\n\n\n\n<hr class=\"wp-block-separator has-alpha-channel-opacity\"\/>\n\n\n\n<p>U okviru programa Razgovori o pro\u0161losti i sada\u0161njosti Sredi\u0161nje biblioteke Srba u Hrvatskoj u Zagrebu, u \u010detvrtak, 9. oktobra, u dvorani biblioteke (Preradovi\u0107eva 18\/1) s po\u010detkom u 17.00 sati odr\u017eat \u0107e se promocija drugog toma knjige \u201eDvadesete: Hvala ti, Srbijo lepa\u201c autora \u010cedomira Vi\u0161nji\u0107a, u izdanju Srpskog narodnog vije\u0107a<\/p>\n\n\n\n<p>Na promociji \u0107e govoriti Muharem Bazdulj, Tihomir Pono\u0161, \u0110or\u0111e Mati\u0107 i autor \u010cedomir Vi\u0161nji\u0107.<\/p>\n\n\n\n<p>Kako je u recenziji napisao Tihomir Pono\u0161, Vi\u0161nji\u0107 u knjizi opisuje i analizira sedam godina rascjepa koji su gotovo neprekidnim pove\u0107anjem politi\u010dkih napetosti, uz neuspje\u0161an poku\u0161aj vlade Radi\u0107a i radikala, na koncu rezultirali slomom parlamentarizma i prakti\u010dno slomom dr\u017eave uvo\u0111enjem diktature kralja Aleksandra.<\/p>\n\n\n\n<p>\u201eRascjepi su brojni: me\u0111unacionalni, unutarnacionalni (kako me\u0111u Srbima tako i me\u0111u Hrvatima), politi\u010dki, ideolo\u0161ki, dru\u0161tveni, ekonomski. Na zavr\u0161noj to\u010dci tih rascjepa je poku\u0161aj ponovnog objedinjavanja kroz diktaturu, a to je trenutak kada ve\u0107ina Srba u Hrvatskoj shva\u0107a (ili mo\u017ee shvatiti) svu kompleksnost svog polo\u017eaja koja se, na izmaku prvog desetlje\u0107a po ujedinjenju, manifestira u polo\u017eaju SDS-a: napu\u0161teni od krune, uglavnom prezreni od stranaka iz Srbije, u funkcioniraju\u0107oj interesnoj koaliciji s HSS-om u kojoj stranka sve vi\u0161e poprima funkciju mnogo mla\u0111eg brata, bez sna\u017enog lidera kakav je bio Pribi\u0107evi\u0107 i u trenutku dvorskog nametanja integralnog jugoslavenstva bez sna\u017enog ideolo\u0161kog oslonca jer je glavna ideja, ujedinjena dr\u017eava, u koju je stranka investirala svoj politi\u010dki kapital i mo\u0107 de facto propala za \u0161to i ona sama ima zasluga\u201c, objasnio je Pono\u0161.<\/p>\n\n\n\n<hr class=\"wp-block-separator has-alpha-channel-opacity\"\/>\n\n\n\n<p>Izvori i dodatne obavijesti:<\/p>\n\n\n\n<p><a href=\"https:\/\/www.portalnovosti.com\/promocija-drugog-toma-dvadesetih-cedomira-visnjica\">https:\/\/www.portalnovosti.com\/promocija-drugog-toma-dvadesetih-cedomira-visnjica<\/a><\/p>\n\n\n\n<figure class=\"wp-block-embed is-type-wp-embed is-provider-sredi-nja-knji-nica-srba-u-rh wp-block-embed-sredi-nja-knji-nica-srba-u-rh\"><div class=\"wp-block-embed__wrapper\">\n<blockquote class=\"wp-embedded-content\" data-secret=\"UOK9hnEWpX\"><a href=\"https:\/\/biblioteka.skd-prosvjeta.hr\/9-10-2025-razgovori-o-proslosti-i-sadasnjosti-dvadesete-knjiga-ii-hvala-ti-srbijo-lepa\/\">9.10. 2025. Razgovori o pro\u0161losti i sada\u0161njosti: DVADESETE, knjiga II &#8211; Hvala ti, Srbijo lepa<\/a><\/blockquote><iframe loading=\"lazy\" class=\"wp-embedded-content\" sandbox=\"allow-scripts\" security=\"restricted\" style=\"position: absolute; visibility: hidden;\" title=\"&#8220;9.10. 2025. Razgovori o pro\u0161losti i sada\u0161njosti: DVADESETE, knjiga II &#8211; Hvala ti, Srbijo lepa&#8221; &#8212; Sredi\u0161nja knji\u017enica Srba u RH\" src=\"https:\/\/biblioteka.skd-prosvjeta.hr\/9-10-2025-razgovori-o-proslosti-i-sadasnjosti-dvadesete-knjiga-ii-hvala-ti-srbijo-lepa\/embed\/#?secret=UOK9hnEWpX\" data-secret=\"UOK9hnEWpX\" width=\"600\" height=\"338\" frameborder=\"0\" marginwidth=\"0\" marginheight=\"0\" scrolling=\"no\"><\/iframe>\n<\/div><\/figure>\n\n\n\n<figure class=\"wp-block-embed is-type-wp-embed is-provider-sredi-nja-knji-nica-srba-u-rh wp-block-embed-sredi-nja-knji-nica-srba-u-rh\"><div class=\"wp-block-embed__wrapper\">\n<blockquote class=\"wp-embedded-content\" data-secret=\"NbaPbVrcFT\"><a href=\"https:\/\/biblioteka.skd-prosvjeta.hr\/cedomir-visnjic-dvadesete-knjiga-ii-hvala-ti-srbijo-lepa\/\">\u010cedomir Vi\u0161nji\u0107 : DVADESETE. knjiga II. Hvala ti, Srbijo lepa<\/a><\/blockquote><iframe loading=\"lazy\" class=\"wp-embedded-content\" sandbox=\"allow-scripts\" security=\"restricted\" style=\"position: absolute; visibility: hidden;\" title=\"&#8220;\u010cedomir Vi\u0161nji\u0107 : DVADESETE. knjiga II. Hvala ti, Srbijo lepa&#8221; &#8212; Sredi\u0161nja knji\u017enica Srba u RH\" src=\"https:\/\/biblioteka.skd-prosvjeta.hr\/cedomir-visnjic-dvadesete-knjiga-ii-hvala-ti-srbijo-lepa\/embed\/#?secret=NbaPbVrcFT\" data-secret=\"NbaPbVrcFT\" width=\"600\" height=\"338\" frameborder=\"0\" marginwidth=\"0\" marginheight=\"0\" scrolling=\"no\"><\/iframe>\n<\/div><\/figure>\n\n\n\n<hr class=\"wp-block-separator has-alpha-channel-opacity\"\/>\n","protected":false},"excerpt":{"rendered":"","protected":false},"author":2,"featured_media":48780,"comment_status":"open","ping_status":"open","sticky":false,"template":"","format":"standard","meta":{"_acf_changed":false,"jetpack_post_was_ever_published":false,"_jetpack_newsletter_access":"","_jetpack_dont_email_post_to_subs":false,"_jetpack_newsletter_tier_id":0,"_jetpack_memberships_contains_paywalled_content":false,"_jetpack_memberships_contains_paid_content":false,"footnotes":"","jetpack_publicize_message":"","jetpack_publicize_feature_enabled":true,"jetpack_social_post_already_shared":true,"jetpack_social_options":{"image_generator_settings":{"template":"highway","default_image_id":0,"font":"","enabled":false},"version":2}},"categories":[3],"tags":[],"class_list":["post-48778","post","type-post","status-publish","format-standard","has-post-thumbnail","hentry","category-novosti"],"acf":{"facebook_opis":""},"jetpack_publicize_connections":[],"jetpack_featured_media_url":"https:\/\/i0.wp.com\/historiografija.hr\/wp-content\/uploads\/2025\/10\/Dvadesete.jpg?fit=653%2C330&ssl=1","jetpack_sharing_enabled":true,"jetpack-related-posts":[],"_links":{"self":[{"href":"https:\/\/historiografija.hr\/index.php?rest_route=\/wp\/v2\/posts\/48778","targetHints":{"allow":["GET"]}}],"collection":[{"href":"https:\/\/historiografija.hr\/index.php?rest_route=\/wp\/v2\/posts"}],"about":[{"href":"https:\/\/historiografija.hr\/index.php?rest_route=\/wp\/v2\/types\/post"}],"author":[{"embeddable":true,"href":"https:\/\/historiografija.hr\/index.php?rest_route=\/wp\/v2\/users\/2"}],"replies":[{"embeddable":true,"href":"https:\/\/historiografija.hr\/index.php?rest_route=%2Fwp%2Fv2%2Fcomments&post=48778"}],"version-history":[{"count":1,"href":"https:\/\/historiografija.hr\/index.php?rest_route=\/wp\/v2\/posts\/48778\/revisions"}],"predecessor-version":[{"id":48779,"href":"https:\/\/historiografija.hr\/index.php?rest_route=\/wp\/v2\/posts\/48778\/revisions\/48779"}],"wp:featuredmedia":[{"embeddable":true,"href":"https:\/\/historiografija.hr\/index.php?rest_route=\/wp\/v2\/media\/48780"}],"wp:attachment":[{"href":"https:\/\/historiografija.hr\/index.php?rest_route=%2Fwp%2Fv2%2Fmedia&parent=48778"}],"wp:term":[{"taxonomy":"category","embeddable":true,"href":"https:\/\/historiografija.hr\/index.php?rest_route=%2Fwp%2Fv2%2Fcategories&post=48778"},{"taxonomy":"post_tag","embeddable":true,"href":"https:\/\/historiografija.hr\/index.php?rest_route=%2Fwp%2Fv2%2Ftags&post=48778"}],"curies":[{"name":"wp","href":"https:\/\/api.w.org\/{rel}","templated":true}]}}