{"id":48774,"date":"2025-10-08T20:11:58","date_gmt":"2025-10-08T20:11:58","guid":{"rendered":"https:\/\/historiografija.hr\/?p=48774"},"modified":"2025-10-08T20:11:58","modified_gmt":"2025-10-08T20:11:58","slug":"muriel-asseburg-der-7-oktober-und-der-krieg-in-gaza-hintergrund-eskalation-folgen","status":"publish","type":"post","link":"https:\/\/historiografija.hr\/?p=48774","title":{"rendered":"Muriel Asseburg, \u201eDer 7. Oktober und der Krieg in Gaza. Hintergrund, Eskalation, Folgen\u201c"},"content":{"rendered":"\n<p>Mit dem Angriff der Hamas auf Israel und Israels Krieg im Gazastreifen ist der Nahostkonflikt in ungekannter Sch\u00e4rfe eskaliert. Muriel Asseburg erkl\u00e4rt im historischen Kontext und mit wohltuender Distanz, was seit dem 7. Oktober 2023 passiert ist, welche Akteure in den Konflikt involviert sind und welche Folgen der Krieg weit \u00fcber Israel und Pal\u00e4stina hinaus hat. Ein Muss f\u00fcr alle, die verstehen wollen, warum der Konflikt immer weiter eskaliert und was die Beteiligten antreibt.<br><br>7. Oktober 2023: Die Bewohner der Kibbuzim und Orte in Grenzn\u00e4he des Gazastreifens sowie die Besucher des Nova-Musikfestivals \u2013 aber auch das israelische Milit\u00e4r \u2013 werden von einem Terrorangriff der Hamas \u00fcberrascht. Mehr als 1100 Menschen werden brutal ermordet, rund 250 Geiseln verschleppt. Israel riegelt daraufhin den Gazastreifen vollst\u00e4ndig ab, startet eine Gro\u00dfoffensive gegen die Hamas und nimmt eine humanit\u00e4re Katastrophe in Kauf. Muriel Asseburg schildert mit viel Empathie die schrecklichen Ereignisse seit dem 7. Oktober, erl\u00e4utert die Vorgeschichte und zeigt, wie der Krieg immer weitere Kreise zieht: vom Westjordanland bis nach Syrien und Irak, \u00fcber den Libanon bis zu den Huthi-Milizen im Jemen und zu direkten Angriffen zwischen Israel und Iran. Sie schildert auch die Bem\u00fchungen der USA, der arabischen Kontaktgruppe und der Internationalen Gerichtsh\u00f6fe in Den Haag, die Gewalt einzud\u00e4mmen. Dabei gelingt es ihr souver\u00e4n, die unterschiedlichen Perspektiven deutlich zu machen und so ein Bild von beeindruckender Tiefensch\u00e4rfe zu zeichnen.<\/p>\n\n\n\n<hr class=\"wp-block-separator has-alpha-channel-opacity\"\/>\n\n\n\n<p><strong>Muriel Asseburg<\/strong>, Dr. rer. pol., ist Nahostexpertin bei der Stiftung Wissenschaft und Politik (SWP) in Berlin.<\/p>\n\n\n\n<hr class=\"wp-block-separator has-alpha-channel-opacity\"\/>\n\n\n\n<p>978-3-406-82892-8<\/p>\n\n\n\n<p>Erschienen am 20. M\u00e4rz 2025<\/p>\n\n\n\n<p>286 S., mit 12 Abbildungen und 5 Karten<\/p>\n\n\n\n<p>Klappenbroschur<\/p>\n\n\n\n<hr class=\"wp-block-separator has-alpha-channel-opacity\"\/>\n\n\n\n<p>Leseprobe PDF<\/p>\n\n\n\n<p><a href=\"https:\/\/www.chbeck.de\/asseburg-7-oktober-krieg-gaza\/product\/37890657\">https:\/\/www.chbeck.de\/asseburg-7-oktober-krieg-gaza\/product\/37890657<\/a><\/p>\n\n\n\n<hr class=\"wp-block-separator has-alpha-channel-opacity\"\/>\n","protected":false},"excerpt":{"rendered":"","protected":false},"author":2,"featured_media":48775,"comment_status":"open","ping_status":"open","sticky":false,"template":"","format":"standard","meta":{"_acf_changed":false,"jetpack_post_was_ever_published":false,"_jetpack_newsletter_access":"","_jetpack_dont_email_post_to_subs":false,"_jetpack_newsletter_tier_id":0,"_jetpack_memberships_contains_paywalled_content":false,"_jetpack_memberships_contains_paid_content":false,"footnotes":"","jetpack_publicize_message":"","jetpack_publicize_feature_enabled":true,"jetpack_social_post_already_shared":true,"jetpack_social_options":{"image_generator_settings":{"template":"highway","default_image_id":0,"font":"","enabled":false},"version":2}},"categories":[8,3],"tags":[],"class_list":["post-48774","post","type-post","status-publish","format-standard","has-post-thumbnail","hentry","category-knjige","category-novosti"],"acf":{"facebook_opis":""},"jetpack_publicize_connections":[],"jetpack_featured_media_url":"https:\/\/i0.wp.com\/historiografija.hr\/wp-content\/uploads\/2025\/10\/Asseburg.jpg?fit=1179%2C1950&ssl=1","jetpack_sharing_enabled":true,"jetpack-related-posts":[],"_links":{"self":[{"href":"https:\/\/historiografija.hr\/index.php?rest_route=\/wp\/v2\/posts\/48774","targetHints":{"allow":["GET"]}}],"collection":[{"href":"https:\/\/historiografija.hr\/index.php?rest_route=\/wp\/v2\/posts"}],"about":[{"href":"https:\/\/historiografija.hr\/index.php?rest_route=\/wp\/v2\/types\/post"}],"author":[{"embeddable":true,"href":"https:\/\/historiografija.hr\/index.php?rest_route=\/wp\/v2\/users\/2"}],"replies":[{"embeddable":true,"href":"https:\/\/historiografija.hr\/index.php?rest_route=%2Fwp%2Fv2%2Fcomments&post=48774"}],"version-history":[{"count":1,"href":"https:\/\/historiografija.hr\/index.php?rest_route=\/wp\/v2\/posts\/48774\/revisions"}],"predecessor-version":[{"id":48776,"href":"https:\/\/historiografija.hr\/index.php?rest_route=\/wp\/v2\/posts\/48774\/revisions\/48776"}],"wp:featuredmedia":[{"embeddable":true,"href":"https:\/\/historiografija.hr\/index.php?rest_route=\/wp\/v2\/media\/48775"}],"wp:attachment":[{"href":"https:\/\/historiografija.hr\/index.php?rest_route=%2Fwp%2Fv2%2Fmedia&parent=48774"}],"wp:term":[{"taxonomy":"category","embeddable":true,"href":"https:\/\/historiografija.hr\/index.php?rest_route=%2Fwp%2Fv2%2Fcategories&post=48774"},{"taxonomy":"post_tag","embeddable":true,"href":"https:\/\/historiografija.hr\/index.php?rest_route=%2Fwp%2Fv2%2Ftags&post=48774"}],"curies":[{"name":"wp","href":"https:\/\/api.w.org\/{rel}","templated":true}]}}