{"id":48764,"date":"2025-10-08T19:48:38","date_gmt":"2025-10-08T19:48:38","guid":{"rendered":"https:\/\/historiografija.hr\/?p=48764"},"modified":"2025-10-08T19:48:38","modified_gmt":"2025-10-08T19:48:38","slug":"video-projekcija-spomenika-kralja-tomislava-na-palaci-hazu-a","status":"publish","type":"post","link":"https:\/\/historiografija.hr\/?p=48764","title":{"rendered":"Video projekcija spomenika kralja Tomislava na Pala\u010di HAZU-a"},"content":{"rendered":"\n<p>U povodu 1100. obljetnice Hrvatskog kraljevstva, Hrvatska akademija znanosti i umjetnosti organizira u subotu, 11. listopada u 20 sati video projekciju spomenika kralja Tomislava na stra\u017enjoj strani Pala\u010de HAZU-a.<\/p>\n\n\n\n<p>Projekcija \u0107e se odr\u017eavati svaku ve\u010der do utorka, 21. listopada 2025., u vremenu od 19 sati do 23 sata. Autor video projekcije spomenika prvog hrvatskog kralja s njegova Trga u Zagrebu (rad kipara Roberta Frange\u0161a Mihanovi\u0107a), poznati je hrvatski fotograf Damir Fabijani\u0107 koji o svom projektu ka\u017ee:<\/p>\n\n\n\n<p>\u201eAko ka\u017eem da sam za snimanje izabrane fotografije dana 27. velja\u010de potro\u0161io 2 minute i 21 sekundu i otprilike pola sata u zavr\u0161noj obradi, laik \u0107e re\u0107i da mu to izgleda \u2013 brzopleto. No dugogodi\u0161nje iskustvo je definiralo motiv u startu: Frange\u0161ov spomenik kralja Tomislava snimljen u profilu sa strane, s nebom u pozadini kao jedinim mogu\u0107im na\u010dinom za projekciju na fasadi pala\u010de HAZU-a koja nikako nije idealno platno za projekciju. Dodatna koloristi\u010dka intervencija i stavljanje broja 1100 (godi\u0161njica) minimalno su dopunili jedini mogu\u0107i kadar.\u201c<\/p>\n\n\n\n<p>Projekciji \u0107e prisustvovati i predsjednik Hrvatske akademije znanosti i umjetnosti, akademik Velimir Neidhardt te \u0107e uz autora Damira Fabijani\u0107a biti dostupan za izjave.<\/p>\n\n\n\n<hr class=\"wp-block-separator has-alpha-channel-opacity\"\/>\n","protected":false},"excerpt":{"rendered":"","protected":false},"author":2,"featured_media":743,"comment_status":"open","ping_status":"open","sticky":false,"template":"","format":"standard","meta":{"_acf_changed":false,"jetpack_post_was_ever_published":false,"_jetpack_newsletter_access":"","_jetpack_dont_email_post_to_subs":false,"_jetpack_newsletter_tier_id":0,"_jetpack_memberships_contains_paywalled_content":false,"_jetpack_memberships_contains_paid_content":false,"footnotes":"","jetpack_publicize_message":"","jetpack_publicize_feature_enabled":true,"jetpack_social_post_already_shared":true,"jetpack_social_options":{"image_generator_settings":{"template":"highway","default_image_id":0,"font":"","enabled":false},"version":2}},"categories":[3],"tags":[],"class_list":["post-48764","post","type-post","status-publish","format-standard","has-post-thumbnail","hentry","category-novosti"],"acf":{"facebook_opis":""},"jetpack_publicize_connections":[],"jetpack_featured_media_url":"https:\/\/i0.wp.com\/historiografija.hr\/wp-content\/uploads\/2012\/05\/logo_HAZU.gif?fit=264%2C267&ssl=1","jetpack_sharing_enabled":true,"jetpack-related-posts":[],"_links":{"self":[{"href":"https:\/\/historiografija.hr\/index.php?rest_route=\/wp\/v2\/posts\/48764","targetHints":{"allow":["GET"]}}],"collection":[{"href":"https:\/\/historiografija.hr\/index.php?rest_route=\/wp\/v2\/posts"}],"about":[{"href":"https:\/\/historiografija.hr\/index.php?rest_route=\/wp\/v2\/types\/post"}],"author":[{"embeddable":true,"href":"https:\/\/historiografija.hr\/index.php?rest_route=\/wp\/v2\/users\/2"}],"replies":[{"embeddable":true,"href":"https:\/\/historiografija.hr\/index.php?rest_route=%2Fwp%2Fv2%2Fcomments&post=48764"}],"version-history":[{"count":1,"href":"https:\/\/historiografija.hr\/index.php?rest_route=\/wp\/v2\/posts\/48764\/revisions"}],"predecessor-version":[{"id":48765,"href":"https:\/\/historiografija.hr\/index.php?rest_route=\/wp\/v2\/posts\/48764\/revisions\/48765"}],"wp:featuredmedia":[{"embeddable":true,"href":"https:\/\/historiografija.hr\/index.php?rest_route=\/wp\/v2\/media\/743"}],"wp:attachment":[{"href":"https:\/\/historiografija.hr\/index.php?rest_route=%2Fwp%2Fv2%2Fmedia&parent=48764"}],"wp:term":[{"taxonomy":"category","embeddable":true,"href":"https:\/\/historiografija.hr\/index.php?rest_route=%2Fwp%2Fv2%2Fcategories&post=48764"},{"taxonomy":"post_tag","embeddable":true,"href":"https:\/\/historiografija.hr\/index.php?rest_route=%2Fwp%2Fv2%2Ftags&post=48764"}],"curies":[{"name":"wp","href":"https:\/\/api.w.org\/{rel}","templated":true}]}}