{"id":48751,"date":"2025-10-08T19:01:12","date_gmt":"2025-10-08T19:01:12","guid":{"rendered":"https:\/\/historiografija.hr\/?p=48751"},"modified":"2025-10-08T19:01:12","modified_gmt":"2025-10-08T19:01:12","slug":"predavanja-povodom-180-godisnjice-rodenja-franje-markovica","status":"publish","type":"post","link":"https:\/\/historiografija.hr\/?p=48751","title":{"rendered":"Predavanja povodom 180. godi\u0161njice ro\u0111enja Franje Markovi\u0107a"},"content":{"rendered":"\n<p>Zavod za znanstvenoistra\u017eiva\u010dki i umjetni\u010dki rad Hrvatske akademije znanosti i umjetnosti Koprivni\u010dko-kri\u017eeva\u010dke \u017eupanije u Kri\u017eevcima, Povijesno dru\u0161tvo Kri\u017eevci i Dru\u017eba \u201eBra\u0107a Hrvatskoga Zmaja\u201c \u2013 Zmajski stol u Kri\u017eevcima pozivaju vas na predavanja povodom 180. godi\u0161njice ro\u0111enja Franje Markovi\u0107a u \u010detvrtak, 9. listopada 2025. godine, s po\u010detkom u 19 sati u Podrumskoj dvorani Hrvatskog doma.<\/p>\n\n\n\n<p>Predavanja \u0107e odr\u017eati:<\/p>\n\n\n\n<ul class=\"wp-block-list\">\n<li>izv. prof. dr. sc. Goran Sunajko (Filozofski fakultet Sveu\u010dili\u0161ta u Zagrebu)<br>\u201eFilozofsko-esteti\u010dka razmatranja Franje Markovi\u0107a\u201c<\/li>\n\n\n\n<li>dr. sc. Ivan Pekli\u0107 (Zavod HAZU-a) \u201eDru\u0161tvena i politi\u010dka djelatnost Franje Markovi\u0107a\u201c<\/li>\n<\/ul>\n\n\n\n<p>U glazbenom dijelu nastupit \u0107e HPD \u201eKalnik\u201c Kri\u017eevci pod ravnanjem maestra Ozrena Bogdanovi\u0107a (skladbe: Nem\u010di\u0107\/Pokorni: Domovini; Zden\u010daj\/Prejac: Puna srca, pune \u010da\u0161e; Markovi\u0107\/Zajc: U boj, u boj).<\/p>\n\n\n\n<p>Moderator: Matej Bunta, mag. educ. hist.<\/p>\n\n\n\n<hr class=\"wp-block-separator has-alpha-channel-opacity\"\/>\n\n\n\n<p>Izvor:<\/p>\n\n\n\n<figure class=\"wp-block-embed is-type-wp-embed is-provider-grad-kri-evci wp-block-embed-grad-kri-evci\"><div class=\"wp-block-embed__wrapper\">\n<blockquote class=\"wp-embedded-content\" data-secret=\"fBE4uC3963\"><a href=\"https:\/\/krizevci.hr\/dogadjanja\/predavanje-povodom-180-godisnjice-rodenja-franje-markovica\/\">Predavanje povodom 180. godi\u0161njice ro\u0111enja Franje Markovi\u0107a<\/a><\/blockquote><iframe loading=\"lazy\" class=\"wp-embedded-content\" sandbox=\"allow-scripts\" security=\"restricted\" style=\"position: absolute; visibility: hidden;\" title=\"&#8220;Predavanje povodom 180. godi\u0161njice ro\u0111enja Franje Markovi\u0107a&#8221; &#8212; Grad Kri\u017eevci\" src=\"https:\/\/krizevci.hr\/dogadjanja\/predavanje-povodom-180-godisnjice-rodenja-franje-markovica\/embed\/#?secret=cRHZ8LVKUW#?secret=fBE4uC3963\" data-secret=\"fBE4uC3963\" width=\"600\" height=\"338\" frameborder=\"0\" marginwidth=\"0\" marginheight=\"0\" scrolling=\"no\"><\/iframe>\n<\/div><\/figure>\n\n\n\n<hr class=\"wp-block-separator has-alpha-channel-opacity\"\/>\n","protected":false},"excerpt":{"rendered":"","protected":false},"author":2,"featured_media":48752,"comment_status":"open","ping_status":"open","sticky":false,"template":"","format":"standard","meta":{"_acf_changed":false,"jetpack_post_was_ever_published":false,"_jetpack_newsletter_access":"","_jetpack_dont_email_post_to_subs":false,"_jetpack_newsletter_tier_id":0,"_jetpack_memberships_contains_paywalled_content":false,"_jetpack_memberships_contains_paid_content":false,"footnotes":"","jetpack_publicize_message":"","jetpack_publicize_feature_enabled":true,"jetpack_social_post_already_shared":true,"jetpack_social_options":{"image_generator_settings":{"template":"highway","default_image_id":0,"font":"","enabled":false},"version":2}},"categories":[3],"tags":[],"class_list":["post-48751","post","type-post","status-publish","format-standard","has-post-thumbnail","hentry","category-novosti"],"acf":{"facebook_opis":""},"jetpack_publicize_connections":[],"jetpack_featured_media_url":"https:\/\/i0.wp.com\/historiografija.hr\/wp-content\/uploads\/2025\/10\/franjo-markovic.jpg?fit=759%2C719&ssl=1","jetpack_sharing_enabled":true,"jetpack-related-posts":[],"_links":{"self":[{"href":"https:\/\/historiografija.hr\/index.php?rest_route=\/wp\/v2\/posts\/48751","targetHints":{"allow":["GET"]}}],"collection":[{"href":"https:\/\/historiografija.hr\/index.php?rest_route=\/wp\/v2\/posts"}],"about":[{"href":"https:\/\/historiografija.hr\/index.php?rest_route=\/wp\/v2\/types\/post"}],"author":[{"embeddable":true,"href":"https:\/\/historiografija.hr\/index.php?rest_route=\/wp\/v2\/users\/2"}],"replies":[{"embeddable":true,"href":"https:\/\/historiografija.hr\/index.php?rest_route=%2Fwp%2Fv2%2Fcomments&post=48751"}],"version-history":[{"count":1,"href":"https:\/\/historiografija.hr\/index.php?rest_route=\/wp\/v2\/posts\/48751\/revisions"}],"predecessor-version":[{"id":48753,"href":"https:\/\/historiografija.hr\/index.php?rest_route=\/wp\/v2\/posts\/48751\/revisions\/48753"}],"wp:featuredmedia":[{"embeddable":true,"href":"https:\/\/historiografija.hr\/index.php?rest_route=\/wp\/v2\/media\/48752"}],"wp:attachment":[{"href":"https:\/\/historiografija.hr\/index.php?rest_route=%2Fwp%2Fv2%2Fmedia&parent=48751"}],"wp:term":[{"taxonomy":"category","embeddable":true,"href":"https:\/\/historiografija.hr\/index.php?rest_route=%2Fwp%2Fv2%2Fcategories&post=48751"},{"taxonomy":"post_tag","embeddable":true,"href":"https:\/\/historiografija.hr\/index.php?rest_route=%2Fwp%2Fv2%2Ftags&post=48751"}],"curies":[{"name":"wp","href":"https:\/\/api.w.org\/{rel}","templated":true}]}}