{"id":48726,"date":"2025-10-07T17:59:54","date_gmt":"2025-10-07T17:59:54","guid":{"rendered":"https:\/\/historiografija.hr\/?p=48726"},"modified":"2025-10-07T17:59:54","modified_gmt":"2025-10-07T17:59:54","slug":"atena-je-li-istinita-tvrdnja-da-je-u-90-ima-80-000-clanova-iz-komunisticke-partije-uslo-u-hdz","status":"publish","type":"post","link":"https:\/\/historiografija.hr\/?p=48726","title":{"rendered":"ATENA: Je li istinita tvrdnja da je u 90-ima 80 000 \u010dlanova iz Komunisti\u010dke partije u\u0161lo u HDZ?"},"content":{"rendered":"\n<p>Na portalu ATENA objavljen je 7. listopada 2025. prilog Romana Domovi\u0107a \u201eJe li istinita tvrdnja da je u 90-ima 80 000 \u010dlanova iz Komunisti\u010dke partije u\u0161lo u HDZ?\u201c<\/p>\n\n\n\n<hr class=\"wp-block-separator has-alpha-channel-opacity\"\/>\n\n\n\n<p>Prilog je dostupan na sljede\u0107oj poveznici:<\/p>\n\n\n\n<p><a href=\"https:\/\/iihs.hr\/objave\/id\/4459\">https:\/\/iihs.hr\/objave\/id\/4459<\/a><\/p>\n\n\n\n<hr class=\"wp-block-separator has-alpha-channel-opacity\"\/>\n\n\n\n<p>Prilog je objavljen i na poveznici:<\/p>\n\n\n\n<p><a href=\"https:\/\/www.tocnotako.hr\/clanak\/Je-li-istinita-tvrdnja-da-je-u-90-ima-80-000-clanova-iz-Komunisticke-partije-uslo-u-HDZ_ATENA\/2182\">https:\/\/www.tocnotako.hr\/clanak\/Je-li-istinita-tvrdnja-da-je-u-90-ima-80-000-clanova-iz-Komunisticke-partije-uslo-u-HDZ_ATENA\/2182<\/a><\/p>\n\n\n\n<hr class=\"wp-block-separator has-alpha-channel-opacity\"\/>\n","protected":false},"excerpt":{"rendered":"","protected":false},"author":2,"featured_media":48727,"comment_status":"open","ping_status":"open","sticky":false,"template":"","format":"standard","meta":{"_acf_changed":false,"jetpack_post_was_ever_published":false,"_jetpack_newsletter_access":"","_jetpack_dont_email_post_to_subs":false,"_jetpack_newsletter_tier_id":0,"_jetpack_memberships_contains_paywalled_content":false,"_jetpack_memberships_contains_paid_content":false,"footnotes":"","jetpack_publicize_message":"","jetpack_publicize_feature_enabled":true,"jetpack_social_post_already_shared":true,"jetpack_social_options":{"image_generator_settings":{"template":"highway","default_image_id":0,"font":"","enabled":false},"version":2}},"categories":[3],"tags":[],"class_list":["post-48726","post","type-post","status-publish","format-standard","has-post-thumbnail","hentry","category-novosti"],"acf":{"facebook_opis":""},"jetpack_publicize_connections":[],"jetpack_featured_media_url":"https:\/\/i0.wp.com\/historiografija.hr\/wp-content\/uploads\/2025\/10\/tocnotako.png?fit=1086%2C549&ssl=1","jetpack_sharing_enabled":true,"jetpack-related-posts":[],"_links":{"self":[{"href":"https:\/\/historiografija.hr\/index.php?rest_route=\/wp\/v2\/posts\/48726","targetHints":{"allow":["GET"]}}],"collection":[{"href":"https:\/\/historiografija.hr\/index.php?rest_route=\/wp\/v2\/posts"}],"about":[{"href":"https:\/\/historiografija.hr\/index.php?rest_route=\/wp\/v2\/types\/post"}],"author":[{"embeddable":true,"href":"https:\/\/historiografija.hr\/index.php?rest_route=\/wp\/v2\/users\/2"}],"replies":[{"embeddable":true,"href":"https:\/\/historiografija.hr\/index.php?rest_route=%2Fwp%2Fv2%2Fcomments&post=48726"}],"version-history":[{"count":1,"href":"https:\/\/historiografija.hr\/index.php?rest_route=\/wp\/v2\/posts\/48726\/revisions"}],"predecessor-version":[{"id":48728,"href":"https:\/\/historiografija.hr\/index.php?rest_route=\/wp\/v2\/posts\/48726\/revisions\/48728"}],"wp:featuredmedia":[{"embeddable":true,"href":"https:\/\/historiografija.hr\/index.php?rest_route=\/wp\/v2\/media\/48727"}],"wp:attachment":[{"href":"https:\/\/historiografija.hr\/index.php?rest_route=%2Fwp%2Fv2%2Fmedia&parent=48726"}],"wp:term":[{"taxonomy":"category","embeddable":true,"href":"https:\/\/historiografija.hr\/index.php?rest_route=%2Fwp%2Fv2%2Fcategories&post=48726"},{"taxonomy":"post_tag","embeddable":true,"href":"https:\/\/historiografija.hr\/index.php?rest_route=%2Fwp%2Fv2%2Ftags&post=48726"}],"curies":[{"name":"wp","href":"https:\/\/api.w.org\/{rel}","templated":true}]}}