{"id":48720,"date":"2025-10-07T17:47:15","date_gmt":"2025-10-07T17:47:15","guid":{"rendered":"https:\/\/historiografija.hr\/?p=48720"},"modified":"2025-10-07T17:50:45","modified_gmt":"2025-10-07T17:50:45","slug":"znanstveni-skup-susreti-na-dragom-kamenu-u-puli-i-raklju","status":"publish","type":"post","link":"https:\/\/historiografija.hr\/?p=48720","title":{"rendered":"Znanstveni skup \u201cSusreti na dragom kamenu\u201d u Puli i Raklju"},"content":{"rendered":"\n<p>Znanstveni skup Susreti na dragom kamenu, posve\u0107en akademiku Miji Mirkovi\u0107u (Rakalj, 28. rujna 1898. \u2013 Zagreb, 17. velja\u010de 1963.), odr\u017eat \u0107e se u Puli i Raklju 9. i 10. listopada 2025. pod pokroviteljstvom Hrvatske akademije znanosti i umjetnosti, Razreda za dru\u0161tvene znanosti.<\/p>\n\n\n\n<p>Skup se odr\u017eava u suorganizaciji Razreda za dru\u0161tvene znanosti HAZU i Zavoda za povijesne i dru\u0161tvene znanosti HAZU u Rijeci s Podru\u010dnom jedinicom u Puli, Fakulteta ekonomije i turizma \u201cDr. Mijo Mirkovi\u0107\u201d i Filozofskog fakulteta Sveu\u010dili\u0161ta Jurja Dobrile u Puli, Istarskog povijesnog dru\u0161tva \u2013 Societ\u00e0 Storica Istriana i drugih znanstvenih i kulturnih institucija.<\/p>\n\n\n\n<p>Bogat program ovogodi\u0161njih Susreta, uz uvodna predavanja uglednih znanstvenika: rektora pulskog Sveu\u010dili\u0161ta, red. prof. dr. sc. Marinka \u0160kare, akademika Roberta Matija\u0161i\u0107a i redovitog profesora Sveu\u010dili\u0161ta u Padovi Egidia Iveti\u0107a, obuhva\u0107a \u010detiri sekcije u kojima \u0107e kroz 27 predavanja izlaga\u010di iz Hrvatske, Italije i Slovenije elaborirati aktualnost znanstvene ostav\u0161tine akademika Mirkovi\u0107a u turbulentnom globalnom kontekstu. Nakon radnog dijela skupa predvi\u0111en je studijski posjet Sveu\u010dili\u0161noj knji\u017enici i spomen-sobi Mije Mirkovi\u0107a, uz prigodnu izlo\u017ebu Mirkovi\u0107eve ostav\u0161tine.<\/p>\n\n\n\n<p>Drugi dan skupa, u Raklju, uz sadr\u017eajno raznovrsnu zavi\u010dajnu sekciju, predvi\u0111en je i bogat kulturno-umjetni\u010dki program uz izvedbu predstave \u201cDvi daske\u201d, a sudionici skupa imat \u0107e priliku posjetiti rodnu ku\u0107u Mije Mirkovi\u0107a i pro\u0161etati novom kulturnom rutom \u201cTragom Mije Mirkovi\u0107a\u201d koji su kreirali studenti pulskog Fakulteta ekonomije i turizma \u201cDr. Mijo Mirkovi\u0107\u201d.<\/p>\n\n\n\n<p><a href=\"https:\/\/ipd-ssi.hr\/wp-content\/uploads\/2025\/10\/Pozivnica-1.pdf\">Pozivnica<\/a><\/p>\n\n\n\n<p><a href=\"https:\/\/ipd-ssi.hr\/wp-content\/uploads\/2025\/10\/Program-znanstvenog-skupa-1.pdf\">Program znanstvenog skupa<\/a><\/p>\n\n\n\n<p><a href=\"https:\/\/ipd-ssi.hr\/wp-content\/uploads\/2025\/10\/Knjizica-sazetaka-1.pdf\">Knji\u017eica sa\u017eetaka<\/a><\/p>\n\n\n\n<hr class=\"wp-block-separator has-alpha-channel-opacity\"\/>\n\n\n\n<p>Izvori:<\/p>\n\n\n\n<figure class=\"wp-block-embed is-type-wp-embed is-provider-hazu wp-block-embed-hazu\"><div class=\"wp-block-embed__wrapper\">\n<blockquote class=\"wp-embedded-content\" data-secret=\"NX19fK46cr\"><a href=\"https:\/\/www.info.hazu.hr\/events\/znanstveni-skup-susreti-na-dragom-kamenu-2025\/\">Znanstveni skup Susreti na dragom kamenu 2025.<\/a><\/blockquote><iframe loading=\"lazy\" class=\"wp-embedded-content\" sandbox=\"allow-scripts\" security=\"restricted\" style=\"position: absolute; visibility: hidden;\" title=\"&#8220;Znanstveni skup Susreti na dragom kamenu 2025.&#8221; &#8212; HAZU\" src=\"https:\/\/www.info.hazu.hr\/events\/znanstveni-skup-susreti-na-dragom-kamenu-2025\/embed\/#?secret=NX19fK46cr\" data-secret=\"NX19fK46cr\" width=\"600\" height=\"338\" frameborder=\"0\" marginwidth=\"0\" marginheight=\"0\" scrolling=\"no\"><\/iframe>\n<\/div><\/figure>\n\n\n\n<figure class=\"wp-block-embed is-type-wp-embed is-provider-istarsko-povijesno-dru-tvo-societ-storica-istriana wp-block-embed-istarsko-povijesno-dru-tvo-societ-storica-istriana\"><div class=\"wp-block-embed__wrapper\">\n<blockquote class=\"wp-embedded-content\" data-secret=\"UQG9qMlUzq\"><a href=\"https:\/\/ipd-ssi.hr\/2025\/10\/03\/znanstveni-skup-susreti-na-dragom-kamenu-u-puli-i-raklju\/\">Znanstveni skup \u201cSusreti na dragom kamenu\u201d u Puli i Raklju<\/a><\/blockquote><iframe loading=\"lazy\" class=\"wp-embedded-content\" sandbox=\"allow-scripts\" security=\"restricted\" style=\"position: absolute; visibility: hidden;\" title=\"&#8220;Znanstveni skup \u201cSusreti na dragom kamenu\u201d u Puli i Raklju&#8221; &#8212; Istarsko povijesno dru\u0161tvo - Societ\u00e0 Storica Istriana\" src=\"https:\/\/ipd-ssi.hr\/2025\/10\/03\/znanstveni-skup-susreti-na-dragom-kamenu-u-puli-i-raklju\/embed\/#?secret=egdXIg8vcy#?secret=UQG9qMlUzq\" data-secret=\"UQG9qMlUzq\" width=\"600\" height=\"338\" frameborder=\"0\" marginwidth=\"0\" marginheight=\"0\" scrolling=\"no\"><\/iframe>\n<\/div><\/figure>\n\n\n\n<p><a href=\"https:\/\/www.unipu.hr\/znanost_i_istrazivanja\/novosti?@=2fn42\">https:\/\/www.unipu.hr\/znanost_i_istrazivanja\/novosti?@=2fn42<\/a><\/p>\n\n\n\n<p><a href=\"https:\/\/fet.unipu.hr\/fet\/susreti-na-dragom-kamenu\">https:\/\/fet.unipu.hr\/fet\/susreti-na-dragom-kamenu<\/a><\/p>\n\n\n\n<hr class=\"wp-block-separator has-alpha-channel-opacity\"\/>\n\n\n\n<p><\/p>\n","protected":false},"excerpt":{"rendered":"","protected":false},"author":2,"featured_media":48721,"comment_status":"open","ping_status":"open","sticky":false,"template":"","format":"standard","meta":{"_acf_changed":false,"jetpack_post_was_ever_published":false,"_jetpack_newsletter_access":"","_jetpack_dont_email_post_to_subs":false,"_jetpack_newsletter_tier_id":0,"_jetpack_memberships_contains_paywalled_content":false,"_jetpack_memberships_contains_paid_content":false,"footnotes":"","jetpack_publicize_message":"","jetpack_publicize_feature_enabled":true,"jetpack_social_post_already_shared":true,"jetpack_social_options":{"image_generator_settings":{"template":"highway","default_image_id":0,"font":"","enabled":false},"version":2}},"categories":[3,9],"tags":[],"class_list":["post-48720","post","type-post","status-publish","format-standard","has-post-thumbnail","hentry","category-novosti","category-skupovi"],"acf":{"facebook_opis":""},"jetpack_publicize_connections":[],"jetpack_featured_media_url":"https:\/\/i0.wp.com\/historiografija.hr\/wp-content\/uploads\/2025\/10\/susreti-2025.png?fit=700%2C440&ssl=1","jetpack_sharing_enabled":true,"jetpack-related-posts":[],"_links":{"self":[{"href":"https:\/\/historiografija.hr\/index.php?rest_route=\/wp\/v2\/posts\/48720","targetHints":{"allow":["GET"]}}],"collection":[{"href":"https:\/\/historiografija.hr\/index.php?rest_route=\/wp\/v2\/posts"}],"about":[{"href":"https:\/\/historiografija.hr\/index.php?rest_route=\/wp\/v2\/types\/post"}],"author":[{"embeddable":true,"href":"https:\/\/historiografija.hr\/index.php?rest_route=\/wp\/v2\/users\/2"}],"replies":[{"embeddable":true,"href":"https:\/\/historiografija.hr\/index.php?rest_route=%2Fwp%2Fv2%2Fcomments&post=48720"}],"version-history":[{"count":4,"href":"https:\/\/historiografija.hr\/index.php?rest_route=\/wp\/v2\/posts\/48720\/revisions"}],"predecessor-version":[{"id":48725,"href":"https:\/\/historiografija.hr\/index.php?rest_route=\/wp\/v2\/posts\/48720\/revisions\/48725"}],"wp:featuredmedia":[{"embeddable":true,"href":"https:\/\/historiografija.hr\/index.php?rest_route=\/wp\/v2\/media\/48721"}],"wp:attachment":[{"href":"https:\/\/historiografija.hr\/index.php?rest_route=%2Fwp%2Fv2%2Fmedia&parent=48720"}],"wp:term":[{"taxonomy":"category","embeddable":true,"href":"https:\/\/historiografija.hr\/index.php?rest_route=%2Fwp%2Fv2%2Fcategories&post=48720"},{"taxonomy":"post_tag","embeddable":true,"href":"https:\/\/historiografija.hr\/index.php?rest_route=%2Fwp%2Fv2%2Ftags&post=48720"}],"curies":[{"name":"wp","href":"https:\/\/api.w.org\/{rel}","templated":true}]}}