{"id":48715,"date":"2025-10-07T17:21:40","date_gmt":"2025-10-07T17:21:40","guid":{"rendered":"https:\/\/historiografija.hr\/?p=48715"},"modified":"2025-10-07T17:21:40","modified_gmt":"2025-10-07T17:21:40","slug":"drugi-dio-ciklusa-javnih-predavanja-o-umjetnickoj-bastini-i-naruciteljima-u-17-i-18-stoljecu-u-zagrebu","status":"publish","type":"post","link":"https:\/\/historiografija.hr\/?p=48715","title":{"rendered":"Drugi dio ciklusa javnih predavanja \u201eO umjetni\u010dkoj ba\u0161tini i naru\u010diteljima u 17. i 18. stolje\u0107u u Zagrebu\u201c"},"content":{"rendered":"\n<p>U sklopu znanstveno-istra\u017eiva\u010dkog projekta HRZZ-a <em>Modeli naru\u010diteljstva. Naru\u010ditelji, umjetnici i publika u Zagrebu u 17. i dugom 18. stolje\u0107u <\/em>(IP 2022-10-3190) u suradnji s Muzejom grada Zagreba, organizira se drugi dio ciklusa javnih predavanja O UMJETNI\u010cKOJ BA\u0160TINI I NARU\u010cITELJIMA U 17. I 18. STOLJE\u0106U U ZAGREBU.<\/p>\n\n\n\n<p>Prvo predavanje odr\u017eat \u0107e v. asist. dr. sc. Maja \u017dvorc s Odsjeka za povijest umjetnosti FFZG na temu nadgrobnih spomenika iz fundusa MGZ (16.10. 2025.).<\/p>\n\n\n\n<p>O obiteljskom stablu obitelji Or\u0161i\u0107 i \u201cizmi\u0161ljenim tradicijama\u201d izlagat \u0107e dr. sc. Petra Batelja Maji\u0107 iz Instituta za povijest umjetnosti (23.10.2025.), a prof. dr. sc. Matej Klemen\u010di\u0107 s Odsjeka za povijest umjetnosti Filozofskog fakulteta Sveu\u010dili\u0161ta u Ljubljani odr\u017eat \u0107e predavanje o kiparu Francescu Robbi i njegovim zagreba\u010dkim djelima i naru\u010diteljima (6.11.2025.).<\/p>\n\n\n\n<p>Ciklus predavanja zatvara v. asist. dr. sc. Zeynep Oguz predavanjem o percepciji Hrvatske u osmanskim izvorima 17. i 18. stolje\u0107a (13.11.2025.). Predavanja se odr\u017eavaju u Muzeju grada Zagreba, Opati\u010dka 20, \u010detvrtkom u 18 sati.<\/p>\n\n\n\n<ul class=\"wp-block-list\">\n<li><a href=\"https:\/\/modenar.ffzg.unizg.hr\/mgz\/\" target=\"_blank\" rel=\"noreferrer noopener\">Raspored i sa\u017eetci predavanja\u00a0<\/a><\/li>\n\n\n\n<li><a href=\"https:\/\/modenar.ffzg.unizg.hr\/\" target=\"_blank\" rel=\"noreferrer noopener\">Vi\u0161e o projektu<\/a><\/li>\n<\/ul>\n\n\n\n<hr class=\"wp-block-separator has-alpha-channel-opacity\"\/>\n\n\n\n<p>Izvor:<\/p>\n\n\n\n<figure class=\"wp-block-embed is-type-wp-embed is-provider-filozofski-fakultet-sveu-ili-ta-u-zagrebu wp-block-embed-filozofski-fakultet-sveu-ili-ta-u-zagrebu\"><div class=\"wp-block-embed__wrapper\">\n<blockquote class=\"wp-embedded-content\" data-secret=\"356qAvGTZN\"><a href=\"https:\/\/web2020.ffzg.unizg.hr\/blog\/2025\/10\/06\/poziv-na-ciklus-javnih-predavanja\/\">Poziv na ciklus javnih predavanja<\/a><\/blockquote><iframe loading=\"lazy\" class=\"wp-embedded-content\" sandbox=\"allow-scripts\" security=\"restricted\" style=\"position: absolute; visibility: hidden;\" title=\"&#8220;Poziv na ciklus javnih predavanja&#8221; &#8212; Filozofski fakultet Sveu\u010dili\u0161ta u Zagrebu\" src=\"https:\/\/web2020.ffzg.unizg.hr\/blog\/2025\/10\/06\/poziv-na-ciklus-javnih-predavanja\/embed\/#?secret=356qAvGTZN\" data-secret=\"356qAvGTZN\" width=\"600\" height=\"338\" frameborder=\"0\" marginwidth=\"0\" marginheight=\"0\" scrolling=\"no\"><\/iframe>\n<\/div><\/figure>\n\n\n\n<hr class=\"wp-block-separator has-alpha-channel-opacity\"\/>\n\n\n\n<p>Prethodne obavijesti na portalu <strong>Historiografija.hr<\/strong>: <\/p>\n\n\n\n<figure class=\"wp-block-embed is-type-wp-embed is-provider-historiografija-hr wp-block-embed-historiografija-hr\"><div class=\"wp-block-embed__wrapper\">\n<blockquote class=\"wp-embedded-content\" data-secret=\"kijDaSKAkN\"><a href=\"https:\/\/historiografija.hr\/?p=45440\">Ciklus javnih predavanja \u201eO umjetni\u010dkoj ba\u0161tini i naru\u010diteljima u 17. i 18. stolje\u0107u u Zagrebu\u201c<\/a><\/blockquote><iframe loading=\"lazy\" class=\"wp-embedded-content\" sandbox=\"allow-scripts\" security=\"restricted\" style=\"position: absolute; visibility: hidden;\" title=\"&#8220;Ciklus javnih predavanja \u201eO umjetni\u010dkoj ba\u0161tini i naru\u010diteljima u 17. i 18. stolje\u0107u u Zagrebu\u201c&#8221; &#8212; Historiografija.hr\" src=\"https:\/\/historiografija.hr\/?p=45440&#038;embed=true#?secret=cyAA5JSNYb#?secret=kijDaSKAkN\" data-secret=\"kijDaSKAkN\" width=\"600\" height=\"338\" frameborder=\"0\" marginwidth=\"0\" marginheight=\"0\" scrolling=\"no\"><\/iframe>\n<\/div><\/figure>\n\n\n\n<hr class=\"wp-block-separator has-alpha-channel-opacity\"\/>\n","protected":false},"excerpt":{"rendered":"","protected":false},"author":2,"featured_media":45444,"comment_status":"open","ping_status":"open","sticky":false,"template":"","format":"standard","meta":{"_acf_changed":false,"jetpack_post_was_ever_published":false,"_jetpack_newsletter_access":"","_jetpack_dont_email_post_to_subs":false,"_jetpack_newsletter_tier_id":0,"_jetpack_memberships_contains_paywalled_content":false,"_jetpack_memberships_contains_paid_content":false,"footnotes":"","jetpack_publicize_message":"","jetpack_publicize_feature_enabled":true,"jetpack_social_post_already_shared":true,"jetpack_social_options":{"image_generator_settings":{"template":"highway","default_image_id":0,"font":"","enabled":false},"version":2}},"categories":[3],"tags":[],"class_list":["post-48715","post","type-post","status-publish","format-standard","has-post-thumbnail","hentry","category-novosti"],"acf":{"facebook_opis":""},"jetpack_publicize_connections":[],"jetpack_featured_media_url":"https:\/\/i0.wp.com\/historiografija.hr\/wp-content\/uploads\/2025\/03\/MODENAR-MGZ-CIKLUS-PREDAVANJA-2025.jpg?fit=1759%2C2560&ssl=1","jetpack_sharing_enabled":true,"jetpack-related-posts":[],"_links":{"self":[{"href":"https:\/\/historiografija.hr\/index.php?rest_route=\/wp\/v2\/posts\/48715","targetHints":{"allow":["GET"]}}],"collection":[{"href":"https:\/\/historiografija.hr\/index.php?rest_route=\/wp\/v2\/posts"}],"about":[{"href":"https:\/\/historiografija.hr\/index.php?rest_route=\/wp\/v2\/types\/post"}],"author":[{"embeddable":true,"href":"https:\/\/historiografija.hr\/index.php?rest_route=\/wp\/v2\/users\/2"}],"replies":[{"embeddable":true,"href":"https:\/\/historiografija.hr\/index.php?rest_route=%2Fwp%2Fv2%2Fcomments&post=48715"}],"version-history":[{"count":1,"href":"https:\/\/historiografija.hr\/index.php?rest_route=\/wp\/v2\/posts\/48715\/revisions"}],"predecessor-version":[{"id":48716,"href":"https:\/\/historiografija.hr\/index.php?rest_route=\/wp\/v2\/posts\/48715\/revisions\/48716"}],"wp:featuredmedia":[{"embeddable":true,"href":"https:\/\/historiografija.hr\/index.php?rest_route=\/wp\/v2\/media\/45444"}],"wp:attachment":[{"href":"https:\/\/historiografija.hr\/index.php?rest_route=%2Fwp%2Fv2%2Fmedia&parent=48715"}],"wp:term":[{"taxonomy":"category","embeddable":true,"href":"https:\/\/historiografija.hr\/index.php?rest_route=%2Fwp%2Fv2%2Fcategories&post=48715"},{"taxonomy":"post_tag","embeddable":true,"href":"https:\/\/historiografija.hr\/index.php?rest_route=%2Fwp%2Fv2%2Ftags&post=48715"}],"curies":[{"name":"wp","href":"https:\/\/api.w.org\/{rel}","templated":true}]}}