{"id":48697,"date":"2025-10-06T19:03:21","date_gmt":"2025-10-06T19:03:21","guid":{"rendered":"https:\/\/historiografija.hr\/?p=48697"},"modified":"2025-10-06T19:03:21","modified_gmt":"2025-10-06T19:03:21","slug":"37-knjiga-mediterana","status":"publish","type":"post","link":"https:\/\/historiografija.hr\/?p=48697","title":{"rendered":"37. KNJIGA MEDITERANA"},"content":{"rendered":"\n<p>Tradicionalna me\u0111unarodna kulturna manifestacija u organizaciji Knji\u017eevnog kruga Split i Zavoda za znanstveni i umjetni\u010dki rad HAZU u Splitu, pod visokim pokroviteljstvom Hrvatske akademije znanosti i umjetnosti odr\u017eava se ove godine u ne\u0161to promijenjenom terminu, od 5. do 11. listopada. Glavno obilje\u017eje manifestaciji daju znanstveni skup posve\u0107en hrvatskom jezikoslovcu Bartolu Ka\u0161i\u0107u i okrugli stol posve\u0107en \u017divku Jeli\u010di\u0107u i splitskom knji\u017eevnom krugu. Suorganizatori manifestacije su ove godine Fakultet filozofije i religijskih znanosti Sveu\u010dili\u0161ta u Zagrebu i Arheolo\u0161ki muzej Split.<\/p>\n\n\n\n<p>Uz znanstveni skup i okrugli stol, manifestacija je i prigoda kako bi se predstavila izdava\u010dka djelatnost hrvatskih izdava\u010da: Hrvatske akademije znanosti i umjetnosti, Arheolo\u0161kog muzeja u Splitu, Muzeja hrvatskih arheolo\u0161kih spomenika u Splitu, Arheolo\u0161kog muzeja u Zadru, Matice hrvatske Split, Matice hrvatske Zadar, Matice hrvatske Trogir, Gradske knji\u017enice \u201cJuraj \u0160i\u017egori\u0107\u201d \u0160ibenik, Naklade Bo\u0161kovi\u0107, Dru\u0161tva \u201cRadovan\u201d Trogir, te Knji\u017eevnog kruga Split. Uvodni esej prigodom otvorenja same manifestacije \u201cMediteranski palimpsest \u2013 <em>Fuimus Troes, fuit Illium et ingens gloria Teucrorum, nunc nulla<\/em>\u201c, odr\u017eat \u0107e dugogodi\u0161nji pro\u010delnik Konzervatorskog odjela u Splitu Radoslav Bu\u017ean\u010di\u0107.<\/p>\n\n\n\n<p>Manifestacija Knjiga Mediterana odr\u017eava se uz nov\u010danu potporu Ministarstva kulture i medija RH, Ministarstva znanosti, obrazovanja i mladih RH, Grada Splita te Splitsko-dalmatinske \u017eupanije. Nov\u010dana potpora navedenih institucija svjedo\u010di o va\u017enosti Knjige Mediterana za razvoj kulture i znanosti kako u Splitu tako i u cijeloj Hrvatskoj. Tako\u0111er je poticaj i organizatorima, na \u010delu s Knji\u017eevnim krugom Split, da ustraju na organizaciji Knjige Mediterana i sli\u010dnih manifestacija te na publiciranju znanstvene literature.<\/p>\n\n\n\n<hr class=\"wp-block-separator has-alpha-channel-opacity\"\/>\n\n\n\n<p>Izvori, program i dodatne obavijesti:<\/p>\n\n\n\n<figure class=\"wp-block-embed is-type-wp-embed is-provider-knji-evni-krug-split wp-block-embed-knji-evni-krug-split\"><div class=\"wp-block-embed__wrapper\">\n<blockquote class=\"wp-embedded-content\" data-secret=\"Y5gtZX29TH\"><a href=\"https:\/\/www.knjizevni-krug.hr\/novosti\/37-knjiga-mediterana\/\">37. KNJIGA MEDITERANA<\/a><\/blockquote><iframe loading=\"lazy\" class=\"wp-embedded-content\" sandbox=\"allow-scripts\" security=\"restricted\" style=\"position: absolute; visibility: hidden;\" title=\"&#8220;37. KNJIGA MEDITERANA&#8221; &#8212; Knji\u017eevni krug Split\" src=\"https:\/\/www.knjizevni-krug.hr\/novosti\/37-knjiga-mediterana\/embed\/#?secret=Y5gtZX29TH\" data-secret=\"Y5gtZX29TH\" width=\"600\" height=\"338\" frameborder=\"0\" marginwidth=\"0\" marginheight=\"0\" scrolling=\"no\"><\/iframe>\n<\/div><\/figure>\n\n\n\n<figure class=\"wp-block-embed is-type-wp-embed is-provider-hazu wp-block-embed-hazu\"><div class=\"wp-block-embed__wrapper\">\n<blockquote class=\"wp-embedded-content\" data-secret=\"6KcRUng9Mq\"><a href=\"https:\/\/www.info.hazu.hr\/events\/xxxvii-knjiga-mediterana\/\">XXXVII. KNJIGA MEDITERANA<\/a><\/blockquote><iframe loading=\"lazy\" class=\"wp-embedded-content\" sandbox=\"allow-scripts\" security=\"restricted\" style=\"position: absolute; visibility: hidden;\" title=\"&#8220;XXXVII. KNJIGA MEDITERANA&#8221; &#8212; HAZU\" src=\"https:\/\/www.info.hazu.hr\/events\/xxxvii-knjiga-mediterana\/embed\/#?secret=6KcRUng9Mq\" data-secret=\"6KcRUng9Mq\" width=\"600\" height=\"338\" frameborder=\"0\" marginwidth=\"0\" marginheight=\"0\" scrolling=\"no\"><\/iframe>\n<\/div><\/figure>\n\n\n\n<figure class=\"wp-block-embed is-type-wp-embed is-provider-sveu-ili-na-knji-nica-u-splitu wp-block-embed-sveu-ili-na-knji-nica-u-splitu\"><div class=\"wp-block-embed__wrapper\">\n<blockquote class=\"wp-embedded-content\" data-secret=\"IQVOCxJphq\"><a href=\"https:\/\/www.svkst.unist.hr\/index.php\/iz-knjiznice\/knjiga-mediterana\/\">Knjiga Mediterana<\/a><\/blockquote><iframe loading=\"lazy\" class=\"wp-embedded-content\" sandbox=\"allow-scripts\" security=\"restricted\" style=\"position: absolute; visibility: hidden;\" title=\"&#8220;Knjiga Mediterana&#8221; &#8212; Sveu\u010dili\u0161na knji\u017enica u Splitu\" src=\"https:\/\/www.svkst.unist.hr\/index.php\/iz-knjiznice\/knjiga-mediterana\/embed\/#?secret=IQVOCxJphq\" data-secret=\"IQVOCxJphq\" width=\"600\" height=\"338\" frameborder=\"0\" marginwidth=\"0\" marginheight=\"0\" scrolling=\"no\"><\/iframe>\n<\/div><\/figure>\n\n\n\n<hr class=\"wp-block-separator has-alpha-channel-opacity\"\/>\n","protected":false},"excerpt":{"rendered":"","protected":false},"author":2,"featured_media":48698,"comment_status":"open","ping_status":"open","sticky":false,"template":"","format":"standard","meta":{"_acf_changed":false,"jetpack_post_was_ever_published":false,"_jetpack_newsletter_access":"","_jetpack_dont_email_post_to_subs":false,"_jetpack_newsletter_tier_id":0,"_jetpack_memberships_contains_paywalled_content":false,"_jetpack_memberships_contains_paid_content":false,"footnotes":"","jetpack_publicize_message":"","jetpack_publicize_feature_enabled":true,"jetpack_social_post_already_shared":true,"jetpack_social_options":{"image_generator_settings":{"template":"highway","default_image_id":0,"font":"","enabled":false},"version":2}},"categories":[3],"tags":[],"class_list":["post-48697","post","type-post","status-publish","format-standard","has-post-thumbnail","hentry","category-novosti"],"acf":{"facebook_opis":""},"jetpack_publicize_connections":[],"jetpack_featured_media_url":"https:\/\/i0.wp.com\/historiografija.hr\/wp-content\/uploads\/2025\/10\/KM_2025.jpg?fit=490%2C1024&ssl=1","jetpack_sharing_enabled":true,"jetpack-related-posts":[],"_links":{"self":[{"href":"https:\/\/historiografija.hr\/index.php?rest_route=\/wp\/v2\/posts\/48697","targetHints":{"allow":["GET"]}}],"collection":[{"href":"https:\/\/historiografija.hr\/index.php?rest_route=\/wp\/v2\/posts"}],"about":[{"href":"https:\/\/historiografija.hr\/index.php?rest_route=\/wp\/v2\/types\/post"}],"author":[{"embeddable":true,"href":"https:\/\/historiografija.hr\/index.php?rest_route=\/wp\/v2\/users\/2"}],"replies":[{"embeddable":true,"href":"https:\/\/historiografija.hr\/index.php?rest_route=%2Fwp%2Fv2%2Fcomments&post=48697"}],"version-history":[{"count":1,"href":"https:\/\/historiografija.hr\/index.php?rest_route=\/wp\/v2\/posts\/48697\/revisions"}],"predecessor-version":[{"id":48699,"href":"https:\/\/historiografija.hr\/index.php?rest_route=\/wp\/v2\/posts\/48697\/revisions\/48699"}],"wp:featuredmedia":[{"embeddable":true,"href":"https:\/\/historiografija.hr\/index.php?rest_route=\/wp\/v2\/media\/48698"}],"wp:attachment":[{"href":"https:\/\/historiografija.hr\/index.php?rest_route=%2Fwp%2Fv2%2Fmedia&parent=48697"}],"wp:term":[{"taxonomy":"category","embeddable":true,"href":"https:\/\/historiografija.hr\/index.php?rest_route=%2Fwp%2Fv2%2Fcategories&post=48697"},{"taxonomy":"post_tag","embeddable":true,"href":"https:\/\/historiografija.hr\/index.php?rest_route=%2Fwp%2Fv2%2Ftags&post=48697"}],"curies":[{"name":"wp","href":"https:\/\/api.w.org\/{rel}","templated":true}]}}