{"id":48684,"date":"2025-10-06T17:44:49","date_gmt":"2025-10-06T17:44:49","guid":{"rendered":"https:\/\/historiografija.hr\/?p=48684"},"modified":"2025-10-06T17:45:27","modified_gmt":"2025-10-06T17:45:27","slug":"dani-hrvatskoga-drzavnog-arhiva-2025","status":"publish","type":"post","link":"https:\/\/historiografija.hr\/?p=48684","title":{"rendered":"Dan(i) Hrvatskoga dr\u017eavnog arhiva 2025."},"content":{"rendered":"\n<p>Najavljujemo Dane Hrvatskoga dr\u017eavnog arhiva!<\/p>\n\n\n\n<p>U tjednu od 7. do 10. listopada obilje\u017eavamo Dane Hrvatskoga dr\u017eavnog arhiva koje smo ove godine posvetili legendarnom&nbsp; hrvatskom novinaru, televizijskom snimatelju, redatelju i putopiscu Mariju Salettu.<\/p>\n\n\n\n<p>Sve\u010dano otvorenje Dana Hrvatskoga dr\u017eavnog arhiva&nbsp; odr\u017eat \u0107e se 7. listopada, u 13 sati, kad \u0107emo predstaviti izlo\u017ebu Ostav\u0161tina strasti \u2013 \u017eivot i djelo Marija Saletta.<\/p>\n\n\n\n<p>Program svih doga\u0111anja \u0161aljemo u privitku, svakako nam se pridru\u017eite i na predavanju Gorana Mili\u0107a te na Filmskom \u010detvrtku. Izlo\u017ebu mo\u017eete posjetiti do sredine prosinca.<\/p>\n\n\n\n<hr class=\"wp-block-separator has-alpha-channel-opacity\"\/>\n\n\n\n<figure class=\"wp-block-image size-large\"><img data-recalc-dims=\"1\" loading=\"lazy\" decoding=\"async\" width=\"722\" height=\"1024\" data-attachment-id=\"48685\" data-permalink=\"https:\/\/historiografija.hr\/?attachment_id=48685\" data-orig-file=\"https:\/\/i0.wp.com\/historiografija.hr\/wp-content\/uploads\/2025\/10\/Dani-HDA-2025-scaled.jpg?fit=1806%2C2560&amp;ssl=1\" data-orig-size=\"1806,2560\" data-comments-opened=\"1\" data-image-meta=\"{&quot;aperture&quot;:&quot;0&quot;,&quot;credit&quot;:&quot;&quot;,&quot;camera&quot;:&quot;&quot;,&quot;caption&quot;:&quot;&quot;,&quot;created_timestamp&quot;:&quot;0&quot;,&quot;copyright&quot;:&quot;&quot;,&quot;focal_length&quot;:&quot;0&quot;,&quot;iso&quot;:&quot;0&quot;,&quot;shutter_speed&quot;:&quot;0&quot;,&quot;title&quot;:&quot;&quot;,&quot;orientation&quot;:&quot;0&quot;}\" data-image-title=\"Dani HDA 2025\" data-image-description=\"\" data-image-caption=\"\" data-large-file=\"https:\/\/i0.wp.com\/historiografija.hr\/wp-content\/uploads\/2025\/10\/Dani-HDA-2025-scaled.jpg?fit=722%2C1024&amp;ssl=1\" src=\"https:\/\/i0.wp.com\/historiografija.hr\/wp-content\/uploads\/2025\/10\/Dani-HDA-2025.jpg?resize=722%2C1024&#038;ssl=1\" alt=\"\" class=\"wp-image-48685\" srcset=\"https:\/\/i0.wp.com\/historiografija.hr\/wp-content\/uploads\/2025\/10\/Dani-HDA-2025-scaled.jpg?resize=722%2C1024&amp;ssl=1 722w, https:\/\/i0.wp.com\/historiografija.hr\/wp-content\/uploads\/2025\/10\/Dani-HDA-2025-scaled.jpg?resize=212%2C300&amp;ssl=1 212w, https:\/\/i0.wp.com\/historiografija.hr\/wp-content\/uploads\/2025\/10\/Dani-HDA-2025-scaled.jpg?resize=768%2C1089&amp;ssl=1 768w, https:\/\/i0.wp.com\/historiografija.hr\/wp-content\/uploads\/2025\/10\/Dani-HDA-2025-scaled.jpg?resize=1084%2C1536&amp;ssl=1 1084w, https:\/\/i0.wp.com\/historiografija.hr\/wp-content\/uploads\/2025\/10\/Dani-HDA-2025-scaled.jpg?resize=1445%2C2048&amp;ssl=1 1445w, https:\/\/i0.wp.com\/historiografija.hr\/wp-content\/uploads\/2025\/10\/Dani-HDA-2025-scaled.jpg?w=1806&amp;ssl=1 1806w, https:\/\/i0.wp.com\/historiografija.hr\/wp-content\/uploads\/2025\/10\/Dani-HDA-2025-scaled.jpg?w=1720&amp;ssl=1 1720w\" sizes=\"auto, (max-width: 722px) 100vw, 722px\" \/><\/figure>\n\n\n\n<hr class=\"wp-block-separator has-alpha-channel-opacity\"\/>\n\n\n\n<p>Izvor:<\/p>\n\n\n\n<p><a href=\"http:\/\/www.arhiv.hr\/hr-hr\/Kulturno-prosvjetne-aktivnosti\/ArticleId\/1927\/oamid\/1633\">http:\/\/www.arhiv.hr\/hr-hr\/Kulturno-prosvjetne-aktivnosti\/ArticleId\/1927\/oamid\/1633<\/a><\/p>\n\n\n\n<hr class=\"wp-block-separator has-alpha-channel-opacity\"\/>\n","protected":false},"excerpt":{"rendered":"","protected":false},"author":2,"featured_media":48685,"comment_status":"open","ping_status":"open","sticky":false,"template":"","format":"standard","meta":{"_acf_changed":false,"jetpack_post_was_ever_published":false,"_jetpack_newsletter_access":"","_jetpack_dont_email_post_to_subs":false,"_jetpack_newsletter_tier_id":0,"_jetpack_memberships_contains_paywalled_content":false,"_jetpack_memberships_contains_paid_content":false,"footnotes":"","jetpack_publicize_message":"","jetpack_publicize_feature_enabled":true,"jetpack_social_post_already_shared":true,"jetpack_social_options":{"image_generator_settings":{"template":"highway","default_image_id":0,"font":"","enabled":false},"version":2}},"categories":[3],"tags":[],"class_list":["post-48684","post","type-post","status-publish","format-standard","has-post-thumbnail","hentry","category-novosti"],"acf":{"facebook_opis":""},"jetpack_publicize_connections":[],"jetpack_featured_media_url":"https:\/\/i0.wp.com\/historiografija.hr\/wp-content\/uploads\/2025\/10\/Dani-HDA-2025-scaled.jpg?fit=1806%2C2560&ssl=1","jetpack_sharing_enabled":true,"jetpack-related-posts":[],"_links":{"self":[{"href":"https:\/\/historiografija.hr\/index.php?rest_route=\/wp\/v2\/posts\/48684","targetHints":{"allow":["GET"]}}],"collection":[{"href":"https:\/\/historiografija.hr\/index.php?rest_route=\/wp\/v2\/posts"}],"about":[{"href":"https:\/\/historiografija.hr\/index.php?rest_route=\/wp\/v2\/types\/post"}],"author":[{"embeddable":true,"href":"https:\/\/historiografija.hr\/index.php?rest_route=\/wp\/v2\/users\/2"}],"replies":[{"embeddable":true,"href":"https:\/\/historiografija.hr\/index.php?rest_route=%2Fwp%2Fv2%2Fcomments&post=48684"}],"version-history":[{"count":2,"href":"https:\/\/historiografija.hr\/index.php?rest_route=\/wp\/v2\/posts\/48684\/revisions"}],"predecessor-version":[{"id":48687,"href":"https:\/\/historiografija.hr\/index.php?rest_route=\/wp\/v2\/posts\/48684\/revisions\/48687"}],"wp:featuredmedia":[{"embeddable":true,"href":"https:\/\/historiografija.hr\/index.php?rest_route=\/wp\/v2\/media\/48685"}],"wp:attachment":[{"href":"https:\/\/historiografija.hr\/index.php?rest_route=%2Fwp%2Fv2%2Fmedia&parent=48684"}],"wp:term":[{"taxonomy":"category","embeddable":true,"href":"https:\/\/historiografija.hr\/index.php?rest_route=%2Fwp%2Fv2%2Fcategories&post=48684"},{"taxonomy":"post_tag","embeddable":true,"href":"https:\/\/historiografija.hr\/index.php?rest_route=%2Fwp%2Fv2%2Ftags&post=48684"}],"curies":[{"name":"wp","href":"https:\/\/api.w.org\/{rel}","templated":true}]}}