{"id":48681,"date":"2025-10-06T17:39:45","date_gmt":"2025-10-06T17:39:45","guid":{"rendered":"https:\/\/historiografija.hr\/?p=48681"},"modified":"2025-10-06T17:39:45","modified_gmt":"2025-10-06T17:39:45","slug":"znanstveni-skup-hinko-tomislav-i-bogdan-krizman","status":"publish","type":"post","link":"https:\/\/historiografija.hr\/?p=48681","title":{"rendered":"Znanstveni skup \u201dHinko, Tomislav i Bogdan Krizman\u201d"},"content":{"rendered":"\n<p>Hrvatska akademija znanosti i umjetnosti, Zavod za znanstveni rad u Vara\u017edinu i Hrvatski institut za povijest, Zagreb, organiziraju znanstveni skup \u201dHinko, Tomislav i Bogdan Krizman\u201d, 8. listopada 2025. u Vara\u017edinu, u Biskupijskoj dvorani, Zagreba\u010dka ulica 3.<\/p>\n\n\n\n<p><strong>Program skupa<\/strong><\/p>\n\n\n\n<p>Prijava sudionika skupa od 9:00 sati<\/p>\n\n\n\n<p>Otvaranje skupa i pozdravni govori organizatora (9:30 \u2013 9:45)<br>Akademik Stjepan \u0106osi\u0107, voditelj Zavoda za znanstveni rad HAZU u Vara\u017edinu<br>dr. sc. Josip Mihaljevi\u0107, pomo\u0107nik ravnatelja Hrvatskog instituta za povijest<\/p>\n\n\n\n<p>Prvi panel (9:45 \u2013 11:15)<br>(moderator: Josip Mihaljevi\u0107)<br>Vladimir Huzjan, Hinko Krizman i vara\u017edinske godine (Zavod za znanstveni rad HAZU u Vara\u017edinu)<br>Branko Ostajmer, Hrvatska politika uo\u010di Prvoga svjetskog rata kroz prizmu vara\u017edinskih Na\u0161ih pravica (1912.-1914.) (Hrvatski institut za povijest, Zagreb)<br>Stjepan Matkovi\u0107, Politi\u010dki profil Hinka Krizmana (Hrvatski institut za povijest, Zagreb)<br>\u017darka Vuji\u0107, Djelovanje Tomislava Krizmana razvidno iz privatne Zbirke Kova\u010di\u0107 \u2013 Miho\u010dinec (Filozofski fakultet Sveu\u010dili\u0161ta u Zagrebu)<br>Elizabeta Igrec, Tomislav Krizman i Gradski muzej Vara\u017edin (Gradski muzej Vara\u017edin)<br>Rasprava<\/p>\n\n\n\n<p>Stanka za kavu (11:15 \u2013 11:45)<\/p>\n\n\n\n<p>Drugi panel (11:45 \u2013 13:00)<br>(moderator: Stjepan Matkovi\u0107)<br>Tomislav Kardum, Ideologija Bogdana Krizmana u svjetlu predratnih radova (Hrvatski institut za povijest, Zagreb)<br>Sr\u0111an Mi\u0107i\u0107, Razvoj diplomatske slu\u017ebe jugoslovenske kraljevine i iskustva koja je stekao Bogdan Krizman kao diplomatsko-konzularni \u010dinovnik (Filozofski fakultet Univerziteta u Beogradu)<br>Boris Suljagi\u0107, Pitanje Albanije na konferenciji u Parizu 1919.-1920. godine i doprinos Bogdana Krizmana (Hrvatski dr\u017eavni arhiv, Zagreb)<br>Dalibor \u010cepulo, O profesuri Bogdana Krizmana na Pravnom fakultetu (Pravni fakultet Sveu\u010dili\u0161ta u Zagrebu)<br>Rasprava<br>Stanka za ru\u010dak (13:00 \u2013 15:00)<\/p>\n\n\n\n<p>Tre\u0107i panel (15:00 \u2013 16:15)<br>(moderator: Vladimir Huzjan)<br>Stjepan \u0106osi\u0107, Bogdan Krizman i prve polemike o Ivi Andri\u0107u (Zavod za znanstveni rad HAZU u Vara\u017edinu)<br>Mario Jareb, Bogdan Krizman, usta\u0161e i Nezavisna Dr\u017eava Hrvatska (Hrvatski institut za povijest, Zagreb)<br>Paulina Radoni\u0107, Recepcija teatrologije Bogdana Krizmana o usta\u0161kom pokretu i Nezavisnoj Dr\u017eavi Hrvatskoj u hrvatskoj politi\u010dkoj emigraciji (Leksikografski zavod Miroslav Krle\u017ea, Zagreb)<br>Danijel Vojak, Doprinos Narcise Lengel Krizman povijesti romskog stanovni\u0161tva u Hrvatskoj (Institut dru\u0161tvenih znanosti Ivo Pilar, Zagreb)<\/p>\n\n\n\n<p>Zavr\u0161na rasprava i zatvaranje skupa (16:15 \u2013 17:00)<br>(moderator: Vladimir Huzjan)<\/p>\n\n\n\n<hr class=\"wp-block-separator has-alpha-channel-opacity\"\/>\n\n\n\n<p>Izvor:<\/p>\n\n\n\n<figure class=\"wp-block-embed is-type-wp-embed is-provider-hazu wp-block-embed-hazu\"><div class=\"wp-block-embed__wrapper\">\n<blockquote class=\"wp-embedded-content\" data-secret=\"y9Phrf8xfR\"><a href=\"https:\/\/www.info.hazu.hr\/events\/znanstveni-skup-hinko-tomislav-i-bogdan-krizman\/\">Znanstveni skup &#8221;Hinko, Tomislav i Bogdan Krizman&#8221;<\/a><\/blockquote><iframe loading=\"lazy\" class=\"wp-embedded-content\" sandbox=\"allow-scripts\" security=\"restricted\" style=\"position: absolute; visibility: hidden;\" title=\"&#8220;Znanstveni skup &#8221;Hinko, Tomislav i Bogdan Krizman&#8221;&#8221; &#8212; HAZU\" src=\"https:\/\/www.info.hazu.hr\/events\/znanstveni-skup-hinko-tomislav-i-bogdan-krizman\/embed\/#?secret=y9Phrf8xfR\" data-secret=\"y9Phrf8xfR\" width=\"600\" height=\"338\" frameborder=\"0\" marginwidth=\"0\" marginheight=\"0\" scrolling=\"no\"><\/iframe>\n<\/div><\/figure>\n\n\n\n<hr class=\"wp-block-separator has-alpha-channel-opacity\"\/>\n","protected":false},"excerpt":{"rendered":"","protected":false},"author":2,"featured_media":48682,"comment_status":"open","ping_status":"open","sticky":false,"template":"","format":"standard","meta":{"_acf_changed":false,"jetpack_post_was_ever_published":false,"_jetpack_newsletter_access":"","_jetpack_dont_email_post_to_subs":false,"_jetpack_newsletter_tier_id":0,"_jetpack_memberships_contains_paywalled_content":false,"_jetpack_memberships_contains_paid_content":false,"footnotes":"","jetpack_publicize_message":"","jetpack_publicize_feature_enabled":true,"jetpack_social_post_already_shared":true,"jetpack_social_options":{"image_generator_settings":{"template":"highway","default_image_id":0,"font":"","enabled":false},"version":2}},"categories":[3,9],"tags":[],"class_list":["post-48681","post","type-post","status-publish","format-standard","has-post-thumbnail","hentry","category-novosti","category-skupovi"],"acf":{"facebook_opis":""},"jetpack_publicize_connections":[],"jetpack_featured_media_url":"https:\/\/i0.wp.com\/historiografija.hr\/wp-content\/uploads\/2025\/10\/Varazdin.jpg?fit=1170%2C593&ssl=1","jetpack_sharing_enabled":true,"jetpack-related-posts":[],"_links":{"self":[{"href":"https:\/\/historiografija.hr\/index.php?rest_route=\/wp\/v2\/posts\/48681","targetHints":{"allow":["GET"]}}],"collection":[{"href":"https:\/\/historiografija.hr\/index.php?rest_route=\/wp\/v2\/posts"}],"about":[{"href":"https:\/\/historiografija.hr\/index.php?rest_route=\/wp\/v2\/types\/post"}],"author":[{"embeddable":true,"href":"https:\/\/historiografija.hr\/index.php?rest_route=\/wp\/v2\/users\/2"}],"replies":[{"embeddable":true,"href":"https:\/\/historiografija.hr\/index.php?rest_route=%2Fwp%2Fv2%2Fcomments&post=48681"}],"version-history":[{"count":1,"href":"https:\/\/historiografija.hr\/index.php?rest_route=\/wp\/v2\/posts\/48681\/revisions"}],"predecessor-version":[{"id":48683,"href":"https:\/\/historiografija.hr\/index.php?rest_route=\/wp\/v2\/posts\/48681\/revisions\/48683"}],"wp:featuredmedia":[{"embeddable":true,"href":"https:\/\/historiografija.hr\/index.php?rest_route=\/wp\/v2\/media\/48682"}],"wp:attachment":[{"href":"https:\/\/historiografija.hr\/index.php?rest_route=%2Fwp%2Fv2%2Fmedia&parent=48681"}],"wp:term":[{"taxonomy":"category","embeddable":true,"href":"https:\/\/historiografija.hr\/index.php?rest_route=%2Fwp%2Fv2%2Fcategories&post=48681"},{"taxonomy":"post_tag","embeddable":true,"href":"https:\/\/historiografija.hr\/index.php?rest_route=%2Fwp%2Fv2%2Ftags&post=48681"}],"curies":[{"name":"wp","href":"https:\/\/api.w.org\/{rel}","templated":true}]}}