{"id":48630,"date":"2025-10-03T18:32:33","date_gmt":"2025-10-03T18:32:33","guid":{"rendered":"https:\/\/historiografija.hr\/?p=48630"},"modified":"2025-10-03T18:33:22","modified_gmt":"2025-10-03T18:33:22","slug":"poziv-za-sudjelovanje-na-znanstvenom-skupu-u-cast-slave-grubisica-sibenik-kroz-stoljeca","status":"publish","type":"post","link":"https:\/\/historiografija.hr\/?p=48630","title":{"rendered":"Poziv za sudjelovanje na znanstvenom skupu \u201eU \u010dast Slave Grubi\u0161i\u0107a: \u0160ibenik kroz stolje\u0107a\u201c"},"content":{"rendered":"\n<p>Povodom obilje\u017eavanja stote obljetnice ro\u0111enja profesora Slave Grubi\u0161i\u0107a 2. rujna 2026. godine Muzej grada \u0160ibenika zajedno s Odsjekom za povijesne znanosti Zavoda za povijesne i dru\u0161tvene znanosti HAZU u Zagrebu planira organizirati znanstveni skup u njegovu \u010dast koji bi bio posve\u0107en temama kojima se on bavio u svom znanstvenom i stru\u010dnom radu. Ujedno Muzej grada \u0160ibenika 20. prosinca 2025. godine slavi stotinu godina od svoga osnutka, a obilje\u017eavanje velike obljetnice nastavit \u0107e se i u 2026. godini ovim skupom kao i brojnim drugim doga\u0111anjima.<\/p>\n\n\n\n<p>Slavo Grubi\u0161i\u0107 bio je \u0161ibenski povjesni\u010dar koji je uvelike pridonio istra\u017eivanju pro\u0161losti \u0160ibenika, sistematizaciji znanja o \u0160ibeniku i njegovoj kulturi te koji je najvi\u0161e zaslu\u017ean za iznimni rast Muzeja grada \u0160ibenika kao kulturne i stru\u010dne ustanove u kvalitativnom i kvantitativnom smislu. Kroz svoje dugogodi\u0161nje vodstvo Muzeja grada \u0160ibenika (od 1964. do 1992. godine) Slavo je pokrenuo i dovr\u0161io brojne projekte, od vi\u0161e stotina izlo\u017ebi, izdava\u010dke djelatnosti koja uklju\u010duje i objavljivanje izvora od iznimne vrijednosti za povijest \u0160ibenika, organizacije znanstvenog skupa povodom 900. obljetnice prvog spomena \u0160ibenika 1966. godine te tiskanja zbornika skupa 1976. godine, kao i velike obnove Kne\u017eeve pala\u010de i otvaranja prvog stalnog postava Muzeja.<\/p>\n\n\n\n<p>Godine 1974. objavljeno je njegovo kapitalno djelo \u2013 knjiga \u201e\u0160ibenik kroz stolje\u0107a\u201c koja predstavlja jedinu cjelokupnu sistematizaciju povijesti \u0160ibenika od prvih po\u010detaka pa do dvadesetog stolje\u0107a. Skup bi pratio koncept knjige kroz tri dijela: prvi dio bio bi posve\u0107en politi\u010dkoj i ekonomskoj povijesti, odnosno doga\u0111ajnoj povijesti u kojem bi bili zastupljeni radovi \u010dije bi teme u\u0161le u vremenski okvir od 11. do po\u010detka 20. stolje\u0107a \u0161to je vremensko razdoblje kojim se u svojem radu bavio Slavo Grubi\u0161i\u0107; drugi dio bio bi posve\u0107en kulturnoj povijesti iz istog perioda \u0161to bi uklju\u010divalo i povijest umjetnosti, kulturu \u017eivljenja, oblike materijalne kulture itd; tre\u0107i dio bi obuhvatio muzeologiju i muzeografiju kao neodvojive dijelove \u017eivotnog puta i rada Slave Grubi\u0161i\u0107a.<\/p>\n\n\n\n<p>Predvi\u0111amo da \u0107e prijavljeni radovi u fokusu imati \u0160ibenik i njegovo podru\u010dje s tim da tema mo\u017ee zahvatiti i \u0161ire podru\u010dje, poput Dalmacije ili Jadranskog podru\u010dja s naglaskom ili s uklju\u010denim \u0160ibenikom. Planirano trajanje skupa je nekoliko dana ovisno o broju izlaga\u010da, kao i popratnim sadr\u017eajima poput izleta, izlo\u017ebi, promocija i sli\u010dno. Nadamo se da \u0107e skupu slijediti izdavanje zbornika radova.<\/p>\n\n\n\n<p>Imaju\u0107i u vidu Va\u0161 dosada\u0161nji rad i znanstvene interese \u017eeljeli bismo Vas pozvati da svojim doprinosom uveli\u010date znanstveni skup \u201eU \u010dast Slave Grubi\u0161i\u0107a: \u0160ibenik kroz stolje\u0107a\u201c koji \u0107e se odr\u017eati u Muzeju grada \u0160ibenika u rujnu 2026. godine.<\/p>\n\n\n\n<p>Molimo Vas potvrdu o sudjelovanju najkasnije do <strong>15. rujna 2025.<\/strong> na e-mail adresu: slavogrubisic100@gmail.com<\/p>\n\n\n\n<p><strong>Napomena:<\/strong> rok za prijavu je produ\u017een<\/p>\n\n\n\n<p>Znanstveni odbor skupa \u201eU \u010dast Slave Grubi\u0161i\u0107a: \u0160ibenik kroz stolje\u0107a\u201c<\/p>\n\n\n\n<hr class=\"wp-block-separator has-alpha-channel-opacity\"\/>\n\n\n\n<div class=\"wp-block-file\"><a id=\"wp-block-file--media-bda88f2c-c681-4d0d-8827-bbf39999fc99\" href=\"https:\/\/historiografija.hr\/wp-content\/uploads\/2025\/10\/Poziv-za-sudjelovanje-na-skupu-u-cast-Slave-Grubisica.doc\">Poziv za sudjelovanje na skupu u \u010dast Slave Grubi\u0161i\u0107a<\/a><a href=\"https:\/\/historiografija.hr\/wp-content\/uploads\/2025\/10\/Poziv-za-sudjelovanje-na-skupu-u-cast-Slave-Grubisica.doc\" class=\"wp-block-file__button wp-element-button\" download aria-describedby=\"wp-block-file--media-bda88f2c-c681-4d0d-8827-bbf39999fc99\">Preuzmi<\/a><\/div>\n\n\n\n<hr class=\"wp-block-separator has-alpha-channel-opacity\"\/>\n","protected":false},"excerpt":{"rendered":"","protected":false},"author":2,"featured_media":48632,"comment_status":"open","ping_status":"open","sticky":false,"template":"","format":"standard","meta":{"_acf_changed":false,"jetpack_post_was_ever_published":false,"_jetpack_newsletter_access":"","_jetpack_dont_email_post_to_subs":false,"_jetpack_newsletter_tier_id":0,"_jetpack_memberships_contains_paywalled_content":false,"_jetpack_memberships_contains_paid_content":false,"footnotes":"","jetpack_publicize_message":"","jetpack_publicize_feature_enabled":true,"jetpack_social_post_already_shared":true,"jetpack_social_options":{"image_generator_settings":{"template":"highway","default_image_id":0,"font":"","enabled":false},"version":2}},"categories":[3,9],"tags":[],"class_list":["post-48630","post","type-post","status-publish","format-standard","has-post-thumbnail","hentry","category-novosti","category-skupovi"],"acf":{"facebook_opis":""},"jetpack_publicize_connections":[],"jetpack_featured_media_url":"https:\/\/i0.wp.com\/historiografija.hr\/wp-content\/uploads\/2025\/10\/slavo-grubisic-sibenik-kroz-stoljeca.png?fit=800%2C1202&ssl=1","jetpack_sharing_enabled":true,"jetpack-related-posts":[],"_links":{"self":[{"href":"https:\/\/historiografija.hr\/index.php?rest_route=\/wp\/v2\/posts\/48630","targetHints":{"allow":["GET"]}}],"collection":[{"href":"https:\/\/historiografija.hr\/index.php?rest_route=\/wp\/v2\/posts"}],"about":[{"href":"https:\/\/historiografija.hr\/index.php?rest_route=\/wp\/v2\/types\/post"}],"author":[{"embeddable":true,"href":"https:\/\/historiografija.hr\/index.php?rest_route=\/wp\/v2\/users\/2"}],"replies":[{"embeddable":true,"href":"https:\/\/historiografija.hr\/index.php?rest_route=%2Fwp%2Fv2%2Fcomments&post=48630"}],"version-history":[{"count":3,"href":"https:\/\/historiografija.hr\/index.php?rest_route=\/wp\/v2\/posts\/48630\/revisions"}],"predecessor-version":[{"id":48635,"href":"https:\/\/historiografija.hr\/index.php?rest_route=\/wp\/v2\/posts\/48630\/revisions\/48635"}],"wp:featuredmedia":[{"embeddable":true,"href":"https:\/\/historiografija.hr\/index.php?rest_route=\/wp\/v2\/media\/48632"}],"wp:attachment":[{"href":"https:\/\/historiografija.hr\/index.php?rest_route=%2Fwp%2Fv2%2Fmedia&parent=48630"}],"wp:term":[{"taxonomy":"category","embeddable":true,"href":"https:\/\/historiografija.hr\/index.php?rest_route=%2Fwp%2Fv2%2Fcategories&post=48630"},{"taxonomy":"post_tag","embeddable":true,"href":"https:\/\/historiografija.hr\/index.php?rest_route=%2Fwp%2Fv2%2Ftags&post=48630"}],"curies":[{"name":"wp","href":"https:\/\/api.w.org\/{rel}","templated":true}]}}