{"id":4862,"date":"2017-06-13T14:40:14","date_gmt":"2017-06-13T14:40:14","guid":{"rendered":"http:\/\/historiografija.hr\/?p=4862"},"modified":"2017-06-13T14:44:27","modified_gmt":"2017-06-13T14:44:27","slug":"migration-a-historical-perspective-lecture-by-richard-evans","status":"publish","type":"post","link":"https:\/\/historiografija.hr\/?p=4862","title":{"rendered":"Migration: A Historical Perspective &#8211; Lecture by Richard Evans"},"content":{"rendered":"<p>Thursday, 15 June 2017, Museum of London.<\/p>\n<p>&nbsp;<\/p>\n<p>Migration from the Middle East and North Africa to Europe has reached mass proportions in the last few years. This is only the most recent development in a long history of population movements into, out of and within the Continent. Beginning with the story of European migration to other parts of the world, the largest mass migration in history, that took on immense proportions in the nineteenth century, the lecture goes on to discuss the repeated experiences of forced population exchanges, flight, and &#8220;ethnic cleansing&#8221; in Europe in the twentieth and early twenty-first centuries. By examining this wider historical context we can begin to discern common features of migrants and refugees in many different situations, assess the problems they pose to receiving countries, and analyse how these countries have succeeded or failed in the attempt to assimilate large populations of immigrants.<\/p>\n<p>&nbsp;<br \/>\n<strong>Professor Sir Richard Evans FBA<\/strong><\/p>\n<p>&nbsp;<\/p>\n<p>Professor Sir Richard Evans FBA is Provost of Gresham College and the President of Wolfson College, Cambridge. He was Regius Professor of History at the University of Cambridge from 2008 until his retirement in September 2014. He is a world-renowned historian and academic, with many of his books now acknowledged as seminal works in the field of modern history.<\/p>\n<p>&nbsp;<\/p>\n<p>In 2012 Sir Richard was appointed Knight Bachelor in the Queen\u2019s Birthday Honours List, for services to scholarship. In 2014 he was awarded the Historical Association\u2019s Norton Medlicott Medal for his \u2018outstanding contribution to History\u2019, particularly through his \u2018significant\u2019 and \u2018robust\u2019 engagement in recent national debates about school curriculum reform and about the teaching and commemoration of the First World War. He has been a Fellow of the British Academy since 1993, a Fellow of the Royal Historical Society since 1978 and a Fellow of the Royal Society of Literature since 2001. He was awarded the degree of Doctor of Letters <em>honoris causa<\/em> by London University in 2013.<\/p>\n<p>&nbsp;<\/p>\n<p>Sir Richard has published 18 books as author and seven as editor. In 2008 he published the third part of his monumental large-scale history of the Third Reich, <em>The Third Reich at War<\/em>, which completed the series of <em>The Coming of the Third Reich<\/em> (2003) and <em>The Third Reich in Power <\/em>(2005). The series has sold more than 250,000 copies in English and has been translated into twelve foreign languages. His most recent book, <em>Altered Pasts: Counterfactuals in History<\/em>, was published to wide acclaim in January 2014. Prior to this his key publications include: <em>Cosmopolitan Islanders: British Historians and the European Continent<\/em> (2009), <em>Telling Lies About Hitler: The Holocaust, History, and the David Irving Trial <\/em>(2002), <em>In Defence of History <\/em>(1997), <em>Rituals of Retribution <\/em>(1996) and <em>Death in Hamburg <\/em>(1987), which won the Wolfson Foundation History Prize.<\/p>\n<p>&nbsp;<\/p>\n<p>Sir Richard has a strong public engagement as an historian, including acting as principal expert witness in the David Irving libel trial before the High Court in London in 2000. He is currently Deputy Chair of the Spoliation Advisory Panel, a non-departmental public body which advises on claims for the return from public museums and galleries in the UK of artworks looted during the Nazi era.<\/p>\n<p>&nbsp;<\/p>\n<p>Sir Richard has lectured extensively all over the world at a variety of literary festivals and events. He has been Editor of the <em>Journal of Contemporary History<\/em> since 1998 and a judge of the Wolfson History Prize since 1993.<\/p>\n<p>&nbsp;<\/p>\n<p>He is a frequent contributor to the broadcast media and the press. His appearances on British television include BBC 1 (<em>Sunday Politics with Andrew Neill<\/em>) and Channel 4 News. His appearances on British Radio include BBC Radio 4 (<em>Start the Week<\/em>, <em>In Our Time<\/em>, <em>Today <\/em>and <em>World at One<\/em>), Radio 3 (<em>Nightwaves<\/em>) and Radio 2 (<em>John Dunn Show<\/em>). He has also appeared widely television and radio outside the UK, most notably on North German Radio\/Television, West German Radio\/Television and Radio Multikulti Berlin.<\/p>\n<p>&nbsp;<\/p>\n<p>Sir Richard was Gresham Professor of Rhetoric between 2009 and 2013. His series of lectures were as follows:<\/p>\n<p>2012\/13 The Great Plagues: Epidemics in History from the Middle Ages to the Present Day<br \/>\n2011\/12 The Rise and Fall of European Empires from the 16th to the 20th Century<br \/>\n2010\/11 The Victorians: Culture and Experience in Britain, Europe and the World, 1815-1914<br \/>\n2009\/10 War and Peace in Europe: From Napoleon to the Kaiser<\/p>\n<p>Previously, he delivered two series of lectures as Visiting Professor of History.<\/p>\n<p>&nbsp;<\/p>\n<p>All of Professor Evans&#8217; past Gresham lectures can be accessed here:<\/p>\n<p>&nbsp;<\/p>\n<p><a href=\"https:\/\/www.gresham.ac.uk\/watch\/?subject=&amp;subcat=&amp;files=&amp;year=&amp;search=richard+evans\">https:\/\/www.gresham.ac.uk\/watch\/?subject=&amp;subcat=&amp;files=&amp;year=&amp;search=richard+evans<\/a><\/p>\n<p>&nbsp;<br \/>\nRead more at <a href=\"https:\/\/www.gresham.ac.uk\/lectures-and-events\/migration-a-historical-perspective\">https:\/\/www.gresham.ac.uk\/lectures-and-events\/migration-a-historical-perspective<\/a><\/p>\n<p>&nbsp;<\/p>\n<p>&nbsp;<\/p>\n<p>&nbsp;<\/p>\n<p>&nbsp;<\/p>\n","protected":false},"excerpt":{"rendered":"","protected":false},"author":2,"featured_media":4863,"comment_status":"open","ping_status":"open","sticky":false,"template":"","format":"standard","meta":{"_acf_changed":false,"jetpack_post_was_ever_published":false,"_jetpack_newsletter_access":"","_jetpack_dont_email_post_to_subs":false,"_jetpack_newsletter_tier_id":0,"_jetpack_memberships_contains_paywalled_content":false,"_jetpack_memberships_contains_paid_content":false,"footnotes":"","jetpack_publicize_message":"","jetpack_publicize_feature_enabled":true,"jetpack_social_post_already_shared":true,"jetpack_social_options":{"image_generator_settings":{"template":"highway","default_image_id":0,"font":"","enabled":false},"version":2}},"categories":[3],"tags":[],"class_list":["post-4862","post","type-post","status-publish","format-standard","has-post-thumbnail","hentry","category-novosti"],"acf":{"facebook_opis":""},"jetpack_publicize_connections":[],"jetpack_featured_media_url":"https:\/\/i0.wp.com\/historiografija.hr\/wp-content\/uploads\/2017\/06\/RichardEvans.jpg?fit=1920%2C660&ssl=1","jetpack_sharing_enabled":true,"jetpack-related-posts":[{"id":52664,"url":"https:\/\/historiografija.hr\/?p=52664","url_meta":{"origin":4862,"position":0},"title":"CfP: CONFERENCE OF THE HISTORY OF CONCEPTS GROUP, HELSINKI, 19TH\u201321ST AUGUST 2026 (DEADLINE: 30TH APRIL 2026)","author":"Branimir Jankovi\u0107","date":"24. travnja 2026.","format":false,"excerpt":"The annual conference of the History of Concepts Group is held at the University of Helsinki, 19-21 August 2026. Conference of the History of Concepts Group Conceptual history studies the use of concepts and tries to understand how historical actors have linguistically articulated views of the world. Studying concepts from\u2026","rel":"","context":"U &quot;Novosti&quot;","block_context":{"text":"Novosti","link":"https:\/\/historiografija.hr\/?cat=3"},"img":{"alt_text":"","src":"https:\/\/i0.wp.com\/historiografija.hr\/wp-content\/uploads\/2017\/10\/hsozkult.png?fit=1006%2C241&ssl=1&resize=350%2C200","width":350,"height":200,"srcset":"https:\/\/i0.wp.com\/historiografija.hr\/wp-content\/uploads\/2017\/10\/hsozkult.png?fit=1006%2C241&ssl=1&resize=350%2C200 1x, https:\/\/i0.wp.com\/historiografija.hr\/wp-content\/uploads\/2017\/10\/hsozkult.png?fit=1006%2C241&ssl=1&resize=525%2C300 1.5x, https:\/\/i0.wp.com\/historiografija.hr\/wp-content\/uploads\/2017\/10\/hsozkult.png?fit=1006%2C241&ssl=1&resize=700%2C400 2x"},"classes":[]},{"id":52516,"url":"https:\/\/historiografija.hr\/?p=52516","url_meta":{"origin":4862,"position":1},"title":"Marko Grde\u0161i\u0107, Mislav \u017ditko, \u201eSocialist Economics in Yugoslavia: A Critical History\u201c","author":"Branimir Jankovi\u0107","date":"17. travnja 2026.","format":false,"excerpt":"This book presents a critical history of Yugoslav socialist economics, from its inception in the late 1940s to its dissolution in the late 1980s. After the dramatic break with the Soviet Union in 1948, Yugoslavia found itself in urgent need of a third way: A socialist trajectory which would not\u2026","rel":"","context":"U &quot;Knjige&quot;","block_context":{"text":"Knjige","link":"https:\/\/historiografija.hr\/?cat=8"},"img":{"alt_text":"","src":"https:\/\/i0.wp.com\/historiografija.hr\/wp-content\/uploads\/2026\/04\/Zitko_Grdesic.jpg?fit=350%2C535&ssl=1&resize=350%2C200","width":350,"height":200},"classes":[]},{"id":52641,"url":"https:\/\/historiografija.hr\/?p=52641","url_meta":{"origin":4862,"position":2},"title":"CfP: WHO OWNS THE PAST? VERNACULAR MEMORY, STATE MEMORY, AND THE POLITICS OF OWNERSHIP","author":"Branimir Jankovi\u0107","date":"24. travnja 2026.","format":false,"excerpt":"VIENNA, 31ST AUGUST\u20133RD SEPTEMBER 2026 (DEADLINE: 24TH APRIL 2026) The Center for Austrian Studies at the European Forum at the Hebrew University and the Austrian Academy of Sciences\/Institute of Culture Studies invite early postdocs, PhD candidates, and advanced Master\u2019s students from the Hebrew University of Jerusalem and universities and academic\u2026","rel":"","context":"U &quot;Novosti&quot;","block_context":{"text":"Novosti","link":"https:\/\/historiografija.hr\/?cat=3"},"img":{"alt_text":"","src":"https:\/\/i0.wp.com\/historiografija.hr\/wp-content\/uploads\/2017\/10\/hsozkult.png?fit=1006%2C241&ssl=1&resize=350%2C200","width":350,"height":200,"srcset":"https:\/\/i0.wp.com\/historiografija.hr\/wp-content\/uploads\/2017\/10\/hsozkult.png?fit=1006%2C241&ssl=1&resize=350%2C200 1x, https:\/\/i0.wp.com\/historiografija.hr\/wp-content\/uploads\/2017\/10\/hsozkult.png?fit=1006%2C241&ssl=1&resize=525%2C300 1.5x, https:\/\/i0.wp.com\/historiografija.hr\/wp-content\/uploads\/2017\/10\/hsozkult.png?fit=1006%2C241&ssl=1&resize=700%2C400 2x"},"classes":[]},{"id":52531,"url":"https:\/\/historiografija.hr\/?p=52531","url_meta":{"origin":4862,"position":3},"title":"Jonathan G. Leslie, \u201eFear and Insecurity: Israel and the Iran Threat Narrative\u201c","author":"Branimir Jankovi\u0107","date":"17. travnja 2026.","format":false,"excerpt":"Why is Israel\u2019s former ally Iran now perceived as the country\u2019s greatest threat? Description To observers of the Iran-Israel conflict, its vitriolic rhetoric might suggest an ancient hatred between Jews and Muslims\u2013a biblical feud dating back hundreds, or thousands, of years. But this rivalry is a far more modern development.\u2026","rel":"","context":"U &quot;Knjige&quot;","block_context":{"text":"Knjige","link":"https:\/\/historiografija.hr\/?cat=8"},"img":{"alt_text":"","src":"https:\/\/i0.wp.com\/historiografija.hr\/wp-content\/uploads\/2026\/04\/Leslie.jpg?fit=391%2C612&ssl=1&resize=350%2C200","width":350,"height":200},"classes":[]},{"id":52643,"url":"https:\/\/historiografija.hr\/?p=52643","url_meta":{"origin":4862,"position":4},"title":"BRACEWELL TRAVELLING SCHOLARSHIP\u202fFOR PHD STUDENTS (DEADLINE: 30TH APRIL 2026)","author":"Branimir Jankovi\u0107","date":"24. travnja 2026.","format":false,"excerpt":"The Bracewell Travelling Scholarship\u202fis funded by a gift from SSEES Emeritus Professor of History Wendy Bracewell, whose research examines South Slav history, and travel writing in eastern Europe. The Scholarship honours the long tradition of mutual curiosity between the UK and eastern, central and southeastern Europe by supporting PhD students\u2026","rel":"","context":"U &quot;Novosti&quot;","block_context":{"text":"Novosti","link":"https:\/\/historiografija.hr\/?cat=3"},"img":{"alt_text":"","src":"https:\/\/i0.wp.com\/historiografija.hr\/wp-content\/uploads\/2026\/04\/Bracewell-Travelling-Scholarship-.webp?fit=980%2C700&ssl=1&resize=350%2C200","width":350,"height":200,"srcset":"https:\/\/i0.wp.com\/historiografija.hr\/wp-content\/uploads\/2026\/04\/Bracewell-Travelling-Scholarship-.webp?fit=980%2C700&ssl=1&resize=350%2C200 1x, https:\/\/i0.wp.com\/historiografija.hr\/wp-content\/uploads\/2026\/04\/Bracewell-Travelling-Scholarship-.webp?fit=980%2C700&ssl=1&resize=525%2C300 1.5x, https:\/\/i0.wp.com\/historiografija.hr\/wp-content\/uploads\/2026\/04\/Bracewell-Travelling-Scholarship-.webp?fit=980%2C700&ssl=1&resize=700%2C400 2x"},"classes":[]},{"id":52586,"url":"https:\/\/historiografija.hr\/?p=52586","url_meta":{"origin":4862,"position":5},"title":"Aur\u00e9lie Daher, \u201eHezbollah: Mobilisation and Power\u201c","author":"Branimir Jankovi\u0107","date":"22. travnja 2026.","format":false,"excerpt":"Morning Star \u2018Book of the Year\u2019 Social movement, liberation party or terrorist group? With Hezbollah\u2019s growing involvement in the war in Syria, this study of its impact on Lebanon, drawing heavily on first-hand interviews, could not be more timely. Description Almost forty years after its foundation, Hezbollah remains an enigma.\u2026","rel":"","context":"U &quot;Knjige&quot;","block_context":{"text":"Knjige","link":"https:\/\/historiografija.hr\/?cat=8"},"img":{"alt_text":"","src":"https:\/\/i0.wp.com\/historiografija.hr\/wp-content\/uploads\/2026\/04\/Daher-Hezbollah.jpg?fit=600%2C931&ssl=1&resize=350%2C200","width":350,"height":200,"srcset":"https:\/\/i0.wp.com\/historiografija.hr\/wp-content\/uploads\/2026\/04\/Daher-Hezbollah.jpg?fit=600%2C931&ssl=1&resize=350%2C200 1x, https:\/\/i0.wp.com\/historiografija.hr\/wp-content\/uploads\/2026\/04\/Daher-Hezbollah.jpg?fit=600%2C931&ssl=1&resize=525%2C300 1.5x"},"classes":[]}],"_links":{"self":[{"href":"https:\/\/historiografija.hr\/index.php?rest_route=\/wp\/v2\/posts\/4862","targetHints":{"allow":["GET"]}}],"collection":[{"href":"https:\/\/historiografija.hr\/index.php?rest_route=\/wp\/v2\/posts"}],"about":[{"href":"https:\/\/historiografija.hr\/index.php?rest_route=\/wp\/v2\/types\/post"}],"author":[{"embeddable":true,"href":"https:\/\/historiografija.hr\/index.php?rest_route=\/wp\/v2\/users\/2"}],"replies":[{"embeddable":true,"href":"https:\/\/historiografija.hr\/index.php?rest_route=%2Fwp%2Fv2%2Fcomments&post=4862"}],"version-history":[{"count":4,"href":"https:\/\/historiografija.hr\/index.php?rest_route=\/wp\/v2\/posts\/4862\/revisions"}],"predecessor-version":[{"id":4867,"href":"https:\/\/historiografija.hr\/index.php?rest_route=\/wp\/v2\/posts\/4862\/revisions\/4867"}],"wp:featuredmedia":[{"embeddable":true,"href":"https:\/\/historiografija.hr\/index.php?rest_route=\/wp\/v2\/media\/4863"}],"wp:attachment":[{"href":"https:\/\/historiografija.hr\/index.php?rest_route=%2Fwp%2Fv2%2Fmedia&parent=4862"}],"wp:term":[{"taxonomy":"category","embeddable":true,"href":"https:\/\/historiografija.hr\/index.php?rest_route=%2Fwp%2Fv2%2Fcategories&post=4862"},{"taxonomy":"post_tag","embeddable":true,"href":"https:\/\/historiografija.hr\/index.php?rest_route=%2Fwp%2Fv2%2Ftags&post=4862"}],"curies":[{"name":"wp","href":"https:\/\/api.w.org\/{rel}","templated":true}]}}