{"id":48573,"date":"2025-10-02T20:56:50","date_gmt":"2025-10-02T20:56:50","guid":{"rendered":"https:\/\/historiografija.hr\/?p=48573"},"modified":"2025-10-02T20:56:50","modified_gmt":"2025-10-02T20:56:50","slug":"predstavljanje-zbornika-bleiburg-krvavo-proljece-u-juznoj-koruskoj-1945-i-tragedija-hrvata","status":"publish","type":"post","link":"https:\/\/historiografija.hr\/?p=48573","title":{"rendered":"Predstavljanje zbornika \u201eBleiburg: krvavo prolje\u0107e u ju\u017enoj Koru\u0161koj 1945. i tragedija Hrvata\u201c"},"content":{"rendered":"\n<p>Matica hrvatska, Ogranak Matice hrvatske u Splitu<\/p>\n\n\n\n<p><strong>Bleiburg: krvavo prolje\u0107e u ju\u017enoj Koru\u0161koj 1945. i tragedija Hrvata<\/strong><\/p>\n\n\n\n<p>Petak, 3. listopada 2025. godine u 12 sati. Matica hrvatska, Velika dvorana Jure Petri\u010devi\u0107a, Strosssmayerov trg 4.<\/p>\n\n\n\n<hr class=\"wp-block-separator has-alpha-channel-opacity\"\/>\n\n\n\n<p><strong>Matica hrvatska<\/strong><strong><br>Ogranak Matice hrvatske u Splitu<br>HAZUDD<\/strong><\/p>\n\n\n\n<p>imaju \u010dast pozvati Vas na predstavljanje zbornika radova<\/p>\n\n\n\n<p><em>BLEIBURG:<\/em> <em>KRVAVO PROLJE\u0106E U JU\u017dNOJ KORU\u0160KOJ 1945.<\/em> <em>I TRAGEDIJA HRVATA<\/em><\/p>\n\n\n\n<p>O knjizi \u0107e govoriti:<br><strong>Nada Prka\u010din, <\/strong>hrvatska novinarka i redateljica<strong><br>Damir Borov\u010dak,&nbsp;<\/strong>Udruga Macelj 1945.<br><strong>Josip Stjepandi\u0107,&nbsp;<\/strong>predsjednik HAZUDD-a<br><strong>Snje\u017eana \u0160etka,&nbsp;<\/strong>predsjednica Ogranka Matice hrvatske u Splitu<\/p>\n\n\n\n<p><strong><em>Matica hrvatska, Velika dvorana Jure Petri\u010devi\u0107a, Strosssmayerov trg 4.<\/em><\/strong><br><strong><em>Petak, 3. listopada 2025. u 12 sati<\/em><\/strong><\/p>\n\n\n\n<p><em>Radujemo se Va\u0161em dolasku!<\/em><\/p>\n\n\n\n<hr class=\"wp-block-separator has-alpha-channel-opacity\"\/>\n\n\n\n<p>Izvor:<\/p>\n\n\n\n<p><a href=\"https:\/\/www.matica.hr\/zbivanja\/bleiburg-krvavo-proljece-u-juznoj-koruskoj-1945-i-tragedija-hrvata-4913\">https:\/\/www.matica.hr\/zbivanja\/bleiburg-krvavo-proljece-u-juznoj-koruskoj-1945-i-tragedija-hrvata-4913<\/a><\/p>\n\n\n\n<hr class=\"wp-block-separator has-alpha-channel-opacity\"\/>\n","protected":false},"excerpt":{"rendered":"","protected":false},"author":2,"featured_media":48574,"comment_status":"open","ping_status":"open","sticky":false,"template":"","format":"standard","meta":{"_acf_changed":false,"jetpack_post_was_ever_published":false,"_jetpack_newsletter_access":"","_jetpack_dont_email_post_to_subs":false,"_jetpack_newsletter_tier_id":0,"_jetpack_memberships_contains_paywalled_content":false,"_jetpack_memberships_contains_paid_content":false,"footnotes":"","jetpack_publicize_message":"","jetpack_publicize_feature_enabled":true,"jetpack_social_post_already_shared":true,"jetpack_social_options":{"image_generator_settings":{"template":"highway","default_image_id":0,"font":"","enabled":false},"version":2}},"categories":[3],"tags":[],"class_list":["post-48573","post","type-post","status-publish","format-standard","has-post-thumbnail","hentry","category-novosti"],"acf":{"facebook_opis":""},"jetpack_publicize_connections":[],"jetpack_featured_media_url":"https:\/\/i0.wp.com\/historiografija.hr\/wp-content\/uploads\/2025\/10\/zagreb_-_bleiburg.jpg?fit=680%2C965&ssl=1","jetpack_sharing_enabled":true,"jetpack-related-posts":[],"_links":{"self":[{"href":"https:\/\/historiografija.hr\/index.php?rest_route=\/wp\/v2\/posts\/48573","targetHints":{"allow":["GET"]}}],"collection":[{"href":"https:\/\/historiografija.hr\/index.php?rest_route=\/wp\/v2\/posts"}],"about":[{"href":"https:\/\/historiografija.hr\/index.php?rest_route=\/wp\/v2\/types\/post"}],"author":[{"embeddable":true,"href":"https:\/\/historiografija.hr\/index.php?rest_route=\/wp\/v2\/users\/2"}],"replies":[{"embeddable":true,"href":"https:\/\/historiografija.hr\/index.php?rest_route=%2Fwp%2Fv2%2Fcomments&post=48573"}],"version-history":[{"count":1,"href":"https:\/\/historiografija.hr\/index.php?rest_route=\/wp\/v2\/posts\/48573\/revisions"}],"predecessor-version":[{"id":48575,"href":"https:\/\/historiografija.hr\/index.php?rest_route=\/wp\/v2\/posts\/48573\/revisions\/48575"}],"wp:featuredmedia":[{"embeddable":true,"href":"https:\/\/historiografija.hr\/index.php?rest_route=\/wp\/v2\/media\/48574"}],"wp:attachment":[{"href":"https:\/\/historiografija.hr\/index.php?rest_route=%2Fwp%2Fv2%2Fmedia&parent=48573"}],"wp:term":[{"taxonomy":"category","embeddable":true,"href":"https:\/\/historiografija.hr\/index.php?rest_route=%2Fwp%2Fv2%2Fcategories&post=48573"},{"taxonomy":"post_tag","embeddable":true,"href":"https:\/\/historiografija.hr\/index.php?rest_route=%2Fwp%2Fv2%2Ftags&post=48573"}],"curies":[{"name":"wp","href":"https:\/\/api.w.org\/{rel}","templated":true}]}}