{"id":48571,"date":"2025-10-02T20:49:21","date_gmt":"2025-10-02T20:49:21","guid":{"rendered":"https:\/\/historiografija.hr\/?p=48571"},"modified":"2025-10-02T20:49:21","modified_gmt":"2025-10-02T20:49:21","slug":"predavanje-nede-novosel-uzduz-i-poprijeko-s-iglicom-u-cast-stogodisnjici-zenskoga-lista","status":"publish","type":"post","link":"https:\/\/historiografija.hr\/?p=48571","title":{"rendered":"Predavanje Nede Novosel: \u201cUzdu\u017e i poprijeko s Iglicom (u \u010dast stogodi\u0161njici \u017denskoga lista)\u201c"},"content":{"rendered":"\n<p>Memorijalni stan Marije Juri\u0107 Zagorke poziva vas na <strong>predavanje Nede Novosel \u201eUzdu\u017e i poprijeko s Iglicom (u \u010dast stogodi\u0161njici <\/strong><em><strong>\u017denskoga lista<\/strong><\/em><strong>)\u201c<\/strong> koje \u0107e se odr\u017eati <strong>u ponedjeljak, 6. listopada 2025. s po\u010detkom u 18 h<\/strong> u sklopu Ciklusa predavanja u Memorijalnom stanu Marije Juri\u0107 Zagorke.<\/p>\n\n\n\n<p>Dijelom \u010dasopisa <em>\u017denski list<\/em> krajem tre\u0107e godine njegova izla\u017eenja (1927.) postaje kratka kozerija \u201eUzdu\u017e i poprijeko\u201c koja \u0107e s vremenom izlaziti s razli\u010ditim podnaslovima i tematskim preokupacijama usmjerenim na kritiku upravo u kozerijskoj maniri. Prvotno nepotpisana, vrlo brzo dobiva potpis \u201eIglica\u201c te tako konotativno najavljuje da \u0107e bockati i bosti kako god malena bila. Pozicioniranost teksta u krovnoj rubrici \u201eZa razonodu\u201c koja se nalazi na samom kraju \u010dasopisa dodatno nagla\u0161ava ton \u0161aljivoga \u0107askanja s \u010ditateljicama.<\/p>\n\n\n\n<p>Koga Iglica bocka, kritizira? Prvotno samu sebe (pre\u010desto i prebrutalno), mu\u0161karce, brak, modu, svoju okolinu i svijet.<\/p>\n\n\n\n<p>\u0160to doznajemo o Iglici i tko je ona? Njezin jezik i pero jednako su o\u0161tri, a proziva se dvorskim lu\u0111akom i fi\u0161kalom svih \u017eena. Smatra se da je Zagorka uz mnoge svoje pseudonime, u novinarskom prostoru stvorila i ovaj, a mo\u017eda kao svojevrsni alter ego.<\/p>\n\n\n\n<p>Pripremljeno u \u010dast stogodi\u0161njici osnutka <em>\u017denskoga lista<\/em>, pozivamo vas na predavanje Nede Novosel s kojom \u0107ete pro\u0107i uzdu\u017e i poprijeko teme, \u0161ale i kritike koje je Iglica mjese\u010dno tkala kroz desetak godina i utkala u sedamdesetak brojeva \u010dasopisa.<\/p>\n\n\n\n<p><strong>Veselimo se Va\u0161em dolasku!<\/strong><\/p>\n\n\n\n<p>Program podupire Grad Zagreb<\/p>\n\n\n\n<hr class=\"wp-block-separator has-alpha-channel-opacity\"\/>\n\n\n\n<p>Izvor:<\/p>\n\n\n\n<figure class=\"wp-block-embed is-type-wp-embed is-provider-memorijalni-stan-marije-juri-zagorke wp-block-embed-memorijalni-stan-marije-juri-zagorke\"><div class=\"wp-block-embed__wrapper\">\n<blockquote class=\"wp-embedded-content\" data-secret=\"QOcZsR7OSR\"><a href=\"https:\/\/zagorka.net\/predavanje-nede-novosel-uzduz-i-poprijeko-s-iglicom-u-cast-stogodisnjici-zenskoga-lista\/\">Predavanje Nede Novosel: &#8220;Uzdu\u017e i poprijeko s Iglicom (u \u010dast stogodi\u0161njici \u017denskoga lista)\u201c<\/a><\/blockquote><iframe loading=\"lazy\" class=\"wp-embedded-content\" sandbox=\"allow-scripts\" security=\"restricted\" style=\"position: absolute; visibility: hidden;\" title=\"&#8220;Predavanje Nede Novosel: &#8220;Uzdu\u017e i poprijeko s Iglicom (u \u010dast stogodi\u0161njici \u017denskoga lista)\u201c&#8221; &#8212; Memorijalni stan Marije Juri\u0107 Zagorke\" src=\"https:\/\/zagorka.net\/predavanje-nede-novosel-uzduz-i-poprijeko-s-iglicom-u-cast-stogodisnjici-zenskoga-lista\/embed\/#?secret=QOcZsR7OSR\" data-secret=\"QOcZsR7OSR\" width=\"600\" height=\"338\" frameborder=\"0\" marginwidth=\"0\" marginheight=\"0\" scrolling=\"no\"><\/iframe>\n<\/div><\/figure>\n\n\n\n<hr class=\"wp-block-separator has-alpha-channel-opacity\"\/>\n\n\n\n<p><\/p>\n","protected":false},"excerpt":{"rendered":"","protected":false},"author":2,"featured_media":43115,"comment_status":"open","ping_status":"open","sticky":false,"template":"","format":"standard","meta":{"_acf_changed":false,"jetpack_post_was_ever_published":false,"_jetpack_newsletter_access":"","_jetpack_dont_email_post_to_subs":false,"_jetpack_newsletter_tier_id":0,"_jetpack_memberships_contains_paywalled_content":false,"_jetpack_memberships_contains_paid_content":false,"footnotes":"","jetpack_publicize_message":"","jetpack_publicize_feature_enabled":true,"jetpack_social_post_already_shared":true,"jetpack_social_options":{"image_generator_settings":{"template":"highway","default_image_id":0,"font":"","enabled":false},"version":2}},"categories":[3],"tags":[],"class_list":["post-48571","post","type-post","status-publish","format-standard","has-post-thumbnail","hentry","category-novosti"],"acf":{"facebook_opis":""},"jetpack_publicize_connections":[],"jetpack_featured_media_url":"https:\/\/i0.wp.com\/historiografija.hr\/wp-content\/uploads\/2024\/11\/Zagorka_ciklus.jpg?fit=1410%2C1182&ssl=1","jetpack_sharing_enabled":true,"jetpack-related-posts":[],"_links":{"self":[{"href":"https:\/\/historiografija.hr\/index.php?rest_route=\/wp\/v2\/posts\/48571","targetHints":{"allow":["GET"]}}],"collection":[{"href":"https:\/\/historiografija.hr\/index.php?rest_route=\/wp\/v2\/posts"}],"about":[{"href":"https:\/\/historiografija.hr\/index.php?rest_route=\/wp\/v2\/types\/post"}],"author":[{"embeddable":true,"href":"https:\/\/historiografija.hr\/index.php?rest_route=\/wp\/v2\/users\/2"}],"replies":[{"embeddable":true,"href":"https:\/\/historiografija.hr\/index.php?rest_route=%2Fwp%2Fv2%2Fcomments&post=48571"}],"version-history":[{"count":1,"href":"https:\/\/historiografija.hr\/index.php?rest_route=\/wp\/v2\/posts\/48571\/revisions"}],"predecessor-version":[{"id":48572,"href":"https:\/\/historiografija.hr\/index.php?rest_route=\/wp\/v2\/posts\/48571\/revisions\/48572"}],"wp:featuredmedia":[{"embeddable":true,"href":"https:\/\/historiografija.hr\/index.php?rest_route=\/wp\/v2\/media\/43115"}],"wp:attachment":[{"href":"https:\/\/historiografija.hr\/index.php?rest_route=%2Fwp%2Fv2%2Fmedia&parent=48571"}],"wp:term":[{"taxonomy":"category","embeddable":true,"href":"https:\/\/historiografija.hr\/index.php?rest_route=%2Fwp%2Fv2%2Fcategories&post=48571"},{"taxonomy":"post_tag","embeddable":true,"href":"https:\/\/historiografija.hr\/index.php?rest_route=%2Fwp%2Fv2%2Ftags&post=48571"}],"curies":[{"name":"wp","href":"https:\/\/api.w.org\/{rel}","templated":true}]}}