{"id":48540,"date":"2025-09-30T22:24:30","date_gmt":"2025-09-30T22:24:30","guid":{"rendered":"https:\/\/historiografija.hr\/?p=48540"},"modified":"2025-09-30T22:24:30","modified_gmt":"2025-09-30T22:24:30","slug":"p-fakti-poklic-za-dom-spremni-ne-potjece-iz-austro-ugarske-vec-iz-ustaskog-pokreta","status":"publish","type":"post","link":"https:\/\/historiografija.hr\/?p=48540","title":{"rendered":"P-fakti: Pokli\u010d \u201eZa dom \u2013 spremni\u201c ne potje\u010de iz Austro-Ugarske, ve\u0107 iz usta\u0161kog pokreta"},"content":{"rendered":"\n<p>Na portalu P-fakti objavljen je 29. rujna 2025. prilog Leona \u0106evani\u0107a \u201ePokli\u010d \u201eZa dom \u2013 spremni\u201c ne potje\u010de iz Austro-Ugarske, ve\u0107 iz usta\u0161kog pokreta\u201c.<\/p>\n\n\n\n<hr class=\"wp-block-separator has-alpha-channel-opacity\"\/>\n\n\n\n<p>Prilog je dostupan na sljede\u0107oj poveznici:<\/p>\n\n\n\n<figure class=\"wp-block-embed is-type-wp-embed is-provider-p-portal wp-block-embed-p-portal\"><div class=\"wp-block-embed__wrapper\">\n<blockquote class=\"wp-embedded-content\" data-secret=\"YgGVdCE3Bu\"><a href=\"https:\/\/p-portal.net\/poklic-za-dom-spremni-ne-potjece-iz-austro-ugarske-vec-iz-ustaskog-pokreta\">Pokli\u010d \u201eZa dom \u2013 spremni\u201c ne potje\u010de iz Austro-Ugarske, ve\u0107 iz usta\u0161kog pokreta<\/a><\/blockquote><iframe loading=\"lazy\" class=\"wp-embedded-content\" sandbox=\"allow-scripts\" security=\"restricted\" style=\"position: absolute; visibility: hidden;\" title=\"&#8220;Pokli\u010d \u201eZa dom \u2013 spremni\u201c ne potje\u010de iz Austro-Ugarske, ve\u0107 iz usta\u0161kog pokreta&#8221; &#8212; P-portal\" src=\"https:\/\/p-portal.net\/poklic-za-dom-spremni-ne-potjece-iz-austro-ugarske-vec-iz-ustaskog-pokreta\/embed#?secret=YZaRqqvfZl#?secret=YgGVdCE3Bu\" data-secret=\"YgGVdCE3Bu\" width=\"600\" height=\"338\" frameborder=\"0\" marginwidth=\"0\" marginheight=\"0\" scrolling=\"no\"><\/iframe>\n<\/div><\/figure>\n\n\n\n<hr class=\"wp-block-separator has-alpha-channel-opacity\"\/>\n\n\n\n<p>Prilog je objavljen i na poveznici:<\/p>\n\n\n\n<p><a href=\"https:\/\/www.tocnotako.hr\/clanak\/Poklic-Za-dom--spremni-ne-potjece-iz-Austro-Ugarske-vec-iz-ustaskog-pokreta_P-FAKTI\/2137\">https:\/\/www.tocnotako.hr\/clanak\/Poklic-Za-dom&#8211;spremni-ne-potjece-iz-Austro-Ugarske-vec-iz-ustaskog-pokreta_P-FAKTI\/2137<\/a><\/p>\n\n\n\n<hr class=\"wp-block-separator has-alpha-channel-opacity\"\/>\n","protected":false},"excerpt":{"rendered":"","protected":false},"author":2,"featured_media":48541,"comment_status":"open","ping_status":"open","sticky":false,"template":"","format":"standard","meta":{"_acf_changed":false,"jetpack_post_was_ever_published":false,"_jetpack_newsletter_access":"","_jetpack_dont_email_post_to_subs":false,"_jetpack_newsletter_tier_id":0,"_jetpack_memberships_contains_paywalled_content":false,"_jetpack_memberships_contains_paid_content":false,"footnotes":"","jetpack_publicize_message":"","jetpack_publicize_feature_enabled":true,"jetpack_social_post_already_shared":true,"jetpack_social_options":{"image_generator_settings":{"template":"highway","default_image_id":0,"font":"","enabled":false},"version":2}},"categories":[3],"tags":[],"class_list":["post-48540","post","type-post","status-publish","format-standard","has-post-thumbnail","hentry","category-novosti"],"acf":{"facebook_opis":""},"jetpack_publicize_connections":[],"jetpack_featured_media_url":"https:\/\/i0.wp.com\/historiografija.hr\/wp-content\/uploads\/2025\/09\/Grafit-ZDS.jpg?fit=770%2C433&ssl=1","jetpack_sharing_enabled":true,"jetpack-related-posts":[],"_links":{"self":[{"href":"https:\/\/historiografija.hr\/index.php?rest_route=\/wp\/v2\/posts\/48540","targetHints":{"allow":["GET"]}}],"collection":[{"href":"https:\/\/historiografija.hr\/index.php?rest_route=\/wp\/v2\/posts"}],"about":[{"href":"https:\/\/historiografija.hr\/index.php?rest_route=\/wp\/v2\/types\/post"}],"author":[{"embeddable":true,"href":"https:\/\/historiografija.hr\/index.php?rest_route=\/wp\/v2\/users\/2"}],"replies":[{"embeddable":true,"href":"https:\/\/historiografija.hr\/index.php?rest_route=%2Fwp%2Fv2%2Fcomments&post=48540"}],"version-history":[{"count":1,"href":"https:\/\/historiografija.hr\/index.php?rest_route=\/wp\/v2\/posts\/48540\/revisions"}],"predecessor-version":[{"id":48542,"href":"https:\/\/historiografija.hr\/index.php?rest_route=\/wp\/v2\/posts\/48540\/revisions\/48542"}],"wp:featuredmedia":[{"embeddable":true,"href":"https:\/\/historiografija.hr\/index.php?rest_route=\/wp\/v2\/media\/48541"}],"wp:attachment":[{"href":"https:\/\/historiografija.hr\/index.php?rest_route=%2Fwp%2Fv2%2Fmedia&parent=48540"}],"wp:term":[{"taxonomy":"category","embeddable":true,"href":"https:\/\/historiografija.hr\/index.php?rest_route=%2Fwp%2Fv2%2Fcategories&post=48540"},{"taxonomy":"post_tag","embeddable":true,"href":"https:\/\/historiografija.hr\/index.php?rest_route=%2Fwp%2Fv2%2Ftags&post=48540"}],"curies":[{"name":"wp","href":"https:\/\/api.w.org\/{rel}","templated":true}]}}