{"id":48537,"date":"2025-09-30T22:15:44","date_gmt":"2025-09-30T22:15:44","guid":{"rendered":"https:\/\/historiografija.hr\/?p=48537"},"modified":"2025-09-30T22:15:44","modified_gmt":"2025-09-30T22:15:44","slug":"atena-je-li-crna-gora-financijski-neodrziva-tvorevina-bez-vojske-i-s-80-do-100-tisuca-ustasa","status":"publish","type":"post","link":"https:\/\/historiografija.hr\/?p=48537","title":{"rendered":"ATENA: Je li Crna Gora financijski neodr\u017eiva tvorevina bez vojske i s &#8220;80 do 100 tisu\u0107a usta\u0161a&#8221;?"},"content":{"rendered":"\n<p>Na portalu ATENA objavljen je 30. rujna 2025. prilog Ivana Dolanca i Mirana \u010coklo \u201eJe li Crna Gora financijski neodr\u017eiva tvorevina bez vojske i s &#8220;80 do 100 tisu\u0107a usta\u0161a&#8221;?\u201c.<\/p>\n\n\n\n<hr class=\"wp-block-separator has-alpha-channel-opacity\"\/>\n\n\n\n<p>Prilog je dostupan na sljede\u0107oj poveznici:<\/p>\n\n\n\n<p><a href=\"https:\/\/iihs.hr\/objave\/id\/4451\">https:\/\/iihs.hr\/objave\/id\/4451<\/a><\/p>\n\n\n\n<hr class=\"wp-block-separator has-alpha-channel-opacity\"\/>\n\n\n\n<p>Prilog je objavljen i na poveznici:<\/p>\n\n\n\n<p><a href=\"https:\/\/www.tocnotako.hr\/clanak\/Je-li-Crna-Gora-financijski-neodrziva-tvorevina-bez-vojske-i-s-80-do-100-tisuca-ustasa_ATENA\/2141\">https:\/\/www.tocnotako.hr\/clanak\/Je-li-Crna-Gora-financijski-neodrziva-tvorevina-bez-vojske-i-s-80-do-100-tisuca-ustasa_ATENA\/2141<\/a><\/p>\n\n\n\n<hr class=\"wp-block-separator has-alpha-channel-opacity\"\/>\n","protected":false},"excerpt":{"rendered":"","protected":false},"author":2,"featured_media":48538,"comment_status":"open","ping_status":"open","sticky":false,"template":"","format":"standard","meta":{"_acf_changed":false,"jetpack_post_was_ever_published":false,"_jetpack_newsletter_access":"","_jetpack_dont_email_post_to_subs":false,"_jetpack_newsletter_tier_id":0,"_jetpack_memberships_contains_paywalled_content":false,"_jetpack_memberships_contains_paid_content":false,"footnotes":"","jetpack_publicize_message":"","jetpack_publicize_feature_enabled":true,"jetpack_social_post_already_shared":true,"jetpack_social_options":{"image_generator_settings":{"template":"highway","default_image_id":0,"font":"","enabled":false},"version":2}},"categories":[3],"tags":[],"class_list":["post-48537","post","type-post","status-publish","format-standard","has-post-thumbnail","hentry","category-novosti"],"acf":{"facebook_opis":""},"jetpack_publicize_connections":[],"jetpack_featured_media_url":"https:\/\/i0.wp.com\/historiografija.hr\/wp-content\/uploads\/2025\/09\/CG.jpg?fit=1536%2C1024&ssl=1","jetpack_sharing_enabled":true,"jetpack-related-posts":[],"_links":{"self":[{"href":"https:\/\/historiografija.hr\/index.php?rest_route=\/wp\/v2\/posts\/48537","targetHints":{"allow":["GET"]}}],"collection":[{"href":"https:\/\/historiografija.hr\/index.php?rest_route=\/wp\/v2\/posts"}],"about":[{"href":"https:\/\/historiografija.hr\/index.php?rest_route=\/wp\/v2\/types\/post"}],"author":[{"embeddable":true,"href":"https:\/\/historiografija.hr\/index.php?rest_route=\/wp\/v2\/users\/2"}],"replies":[{"embeddable":true,"href":"https:\/\/historiografija.hr\/index.php?rest_route=%2Fwp%2Fv2%2Fcomments&post=48537"}],"version-history":[{"count":1,"href":"https:\/\/historiografija.hr\/index.php?rest_route=\/wp\/v2\/posts\/48537\/revisions"}],"predecessor-version":[{"id":48539,"href":"https:\/\/historiografija.hr\/index.php?rest_route=\/wp\/v2\/posts\/48537\/revisions\/48539"}],"wp:featuredmedia":[{"embeddable":true,"href":"https:\/\/historiografija.hr\/index.php?rest_route=\/wp\/v2\/media\/48538"}],"wp:attachment":[{"href":"https:\/\/historiografija.hr\/index.php?rest_route=%2Fwp%2Fv2%2Fmedia&parent=48537"}],"wp:term":[{"taxonomy":"category","embeddable":true,"href":"https:\/\/historiografija.hr\/index.php?rest_route=%2Fwp%2Fv2%2Fcategories&post=48537"},{"taxonomy":"post_tag","embeddable":true,"href":"https:\/\/historiografija.hr\/index.php?rest_route=%2Fwp%2Fv2%2Ftags&post=48537"}],"curies":[{"name":"wp","href":"https:\/\/api.w.org\/{rel}","templated":true}]}}