{"id":48529,"date":"2025-09-30T21:53:41","date_gmt":"2025-09-30T21:53:41","guid":{"rendered":"https:\/\/historiografija.hr\/?p=48529"},"modified":"2025-10-01T20:43:20","modified_gmt":"2025-10-01T20:43:20","slug":"predstavljanje-knjige-afera-agrokor-slom-diva-na-staklenim-nogama","status":"publish","type":"post","link":"https:\/\/historiografija.hr\/?p=48529","title":{"rendered":"Predstavljanje knjige \u201eAfera Agrokor. Slom diva na staklenim nogama\u201c"},"content":{"rendered":"\n<p>Predstavljanje knjige \u201eAfera Agrokor. Slom diva na staklenim nogama\u201c autora Anite Culifaj i Marina Gali\u0107a odr\u017eat \u0107e se u \u010detvrtak 2. listopada 2025. u 18:00 sati u Knji\u017enici i \u010ditaonici Bogdana Ogrizovi\u0107a u Zagrebu.<\/p>\n\n\n\n<hr class=\"wp-block-separator has-alpha-channel-opacity\"\/>\n\n\n\n<div data-wp-interactive=\"core\/file\" class=\"wp-block-file\"><object data-wp-bind--hidden=\"!state.hasPdfPreview\" hidden class=\"wp-block-file__embed\" data=\"https:\/\/historiografija.hr\/wp-content\/uploads\/2025\/09\/Afera_Agrokor_BO_poziv.pdf\" type=\"application\/pdf\" style=\"width:100%;height:600px\" aria-label=\"Ugra\u0111eno Afera_Agrokor_BO_poziv.\"><\/object><a id=\"wp-block-file--media-a4a691c6-52a1-40e0-9551-1cd32446eed4\" href=\"https:\/\/historiografija.hr\/wp-content\/uploads\/2025\/09\/Afera_Agrokor_BO_poziv.pdf\">Afera_Agrokor_BO_poziv<\/a><a href=\"https:\/\/historiografija.hr\/wp-content\/uploads\/2025\/09\/Afera_Agrokor_BO_poziv.pdf\" class=\"wp-block-file__button wp-element-button\" download aria-describedby=\"wp-block-file--media-a4a691c6-52a1-40e0-9551-1cd32446eed4\">Preuzmi<\/a><\/div>\n\n\n\n<hr class=\"wp-block-separator has-alpha-channel-opacity\"\/>\n\n\n\n<p>Izvor:<\/p>\n\n\n\n<p><a href=\"https:\/\/www.kgz.hr\/hr\/knjiznice\/knjiznica-i-citaonica-bogdana-ogrizovica\/72\">https:\/\/www.kgz.hr\/hr\/knjiznice\/knjiznica-i-citaonica-bogdana-ogrizovica\/72<\/a><\/p>\n\n\n\n<hr class=\"wp-block-separator has-alpha-channel-opacity\"\/>\n\n\n\n<p><strong>Anita Culifaj, Marin Gali\u0107, \u201eAfera Agrokor. Slom diva na staklenim nogama\u201c<\/strong><\/p>\n\n\n\n<p>U knjizi<em>&nbsp;Afera Agrokor. Slom diva na staklenim nogama&nbsp;<\/em>autori Anita Culifaj i Marin Gali\u0107 analiziraju komunikaciju Vlade Republike Hrvatske tijekom krize vezane uz aferu u koncernu Agrokor. Metodom studije slu\u010daja iznose saznanja kako su o procesu restrukturiranja koncerna komunicirali \u010dlanovi Vlade RH, od trenutka preuzimanja odgovornosti za suzbijanje te krize i dono\u0161enja posebnog zakona lex Agrokor u travnju 2017., do kona\u010dne nagodbe u srpnju 2018. godine.<br>Usporedno s rje\u0161avanjem krize vezane uz koncern Agrokor, Vlada se tijekom cijelog razdoblja restrukturiranja morala nositi s aferama u koje su bili uklju\u010deni vode\u0107i ljudi iz njezinih redova zadu\u017eeni za rje\u0161avanje te krize. Stoga je krizna komunikacija Vlade bila usmjerena na pote\u0161ko\u0107e restrukturiranja kompanije, ali i na istupe u javnosti u vezi s aferama i sukobima interesa.<br>Ova studija slu\u010daja nastoji do\u0107i do dubljih spoznaja o sadr\u017eaju i na\u010dinu vo\u0111enja krizne komunikacije Vlade na koju su velik utjecaj imala odre\u0111ena obilje\u017eja politi\u010dkog, ekonomskog i dru\u0161tvenog konteksta. Svrha knjige je utvrditi je li, unato\u010d nizu pote\u0161ko\u0107a i prijepora, komunikacija Vlade o toj aferi bila uspje\u0161na. S obzirom na to da u Hrvatskoj nema mnogo znanstvenih radova koji istra\u017euju i analiziraju krizne na\u010dine komunikacije u politi\u010dkoj areni, ova je knjiga vrijedan doprinos komunikacijskoj znanosti.<\/p>\n\n\n\n<p><strong>Iz knjige<\/strong><\/p>\n\n\n\n<p><em>Da je Vlada Republike Hrvatske uspje\u0161nije komunicirala s medijima i gra\u0111anima u vezi s aferom Agrokor, javnost ne bi postavljala pitanje je li komunikacijska strategija uspjela opravdati tako nagla\u0161eni anga\u017eman dr\u017eave u zoni privatnoga poslovanja, \u0161to je u kapitalisti\u010dkim dr\u017eavama iznimno rijetko. Tako\u0111er, zasigurno ne bi bilo ni naknadnih analiza o komunikolo\u0161kim aspektima cijeloga slu\u010daja. Javnost bi s vremenom zaboravila na najve\u0107u aferu u povijesti Hrvatske koja se ticala financijskih problema tada vode\u0107e hrvatske kompanije i uloge dr\u017eave koja se radi gospodarske stabilnosti odlu\u010dila uklju\u010diti u njihovo rje\u0161avanje.<\/em><\/p>\n\n\n\n<p><strong>O autorima<\/strong><\/p>\n\n\n\n<p><strong>Anita Culifaj<\/strong> ro\u0111ena je 27. svibnja 1991. u Villingen Schwenningenu u SR Njema\u010dkoj. Osnovnu i srednju \u0161kolu poha\u0111ala je u Zagrebu. Zavr\u0161ila je preddiplomski i diplomski studij na Fakultetu politi\u010dkih znanosti u Zagrebu. Za vrijeme studija sudjelovala je u programu \u201eVolontiram u Hrvatskom saboru\u201c gdje je od rujna 2012. do srpnja 2013. godine sura\u0111ivala sa saborskim zastupnikom Dra\u017eenkom Pandekom.<\/p>\n\n\n\n<p>Doktorirala je 2023. godine na istom Fakultetu na smjeru Mediji i politika, bave\u0107i se kriznom komunikacijom u politici. Za vrijeme trajanja doktorskog studija sudjelovala je na me\u0111unarodnoj znanstvenoj konferenciji na Brijunima 2017. godine gdje je odr\u017eala izlaganje na temu tada aktualne izbjegli\u010dke krize. Tako\u0111er, sudjelovala je u nekoliko znanstvenih istra\u017eivanja i koautorica je nekoliko znanstvenih \u010dlanaka.<\/p>\n\n\n\n<p>Nakon zavr\u0161etka diplomskog studija 2014. godine po\u010dinje raditi u tvrtki Aqua-Diamantum d. o. o. na poziciji voditeljice marketinga. Po\u010detkom 2015. godine zapo\u0161ljava se u tada\u0161njem Ministarstvu poduzetni\u0161tva i obrta u kabinetu ministra na poziciji savjetnice ministra. Od ljeta 2016. godine do danas radi u poduze\u0107u Aquapark Adamovec d. o. o. na poziciji direktorice marketinga. U istom poduze\u0107u ujedno obavlja posao voditeljice objekta i odgovorne osobe za rad javnog kupali\u0161ta.<\/p>\n\n\n\n<p><strong>Marin Gali\u0107<\/strong> ro\u0111en je 22. sije\u010dnja 1972. u Rijeci. Docent je na Sveu\u010dili\u0161tu Sjever, a radio je i kao poslijedoktorand na Fakultetu politi\u010dkih znanosti u Zagrebu. Predaje kolegije iz podru\u010dja novinarstva, medijske produkcije, PR-a i sporta. Diplomirao je novinarstvo na Fakultetu politi\u010dkih znanosti u Zagrebu, magistrirao na Ekonomskom fakultetu u Zagrebu i doktorirao informacijsko-komunikacijske znanosti na Filozofskom fakultetu u Zagrebu. Ima vi\u0161e od trideset godina iskustva u novinarstvu, izdava\u0161tvu i medijskom menad\u017ementu. Bio je novinar, urednik i direktor u vode\u0107im hrvatskim tiskanim i elektroni\u010dkim medijima \u2013&nbsp;<em>Jutarnjem listu<\/em>, na HRT-u, u&nbsp;<em>Slobodnoj Dalmaciji<\/em>&nbsp;i&nbsp;<em>Novom listu<\/em>. Obna\u0161ao je funkciju direktora Hrvatskog teniskog saveza te direktora u me\u0111unarodnoj korporaciji. Autor je brojnih specijaliziranih medijskih projekata i priloga.<\/p>\n\n\n\n<p>Znanstveno djeluje na podru\u010dju sportskog novinarstva, politi\u010dke komunikacije, digitalnih tehnologija i upravljanja u sportu. Objavio je brojne znanstvene i stru\u010dne radove, sudjelovao na svjetskim politolo\u0161kim kongresima (Lisabon, Buenos Aires) te brojnim doma\u0107im i me\u0111unarodnim konferencijama iz podru\u010dja komunikologije, politologije i kineziologije. Autor je knjige&nbsp;<em>Elektronika protiv papira<\/em>&nbsp;te autor znanstvenih \u010dlanaka iz podru\u010dja novinarstva, sporta i odnosa s javno\u0161\u0107u.<\/p>\n\n\n\n<p>Dobitnik je dr\u017eavne nagrade \u201eRed hrvatskog pletera\u201c. Ranije se profesionalno bavio sportom, a danas amaterski \u2013 biv\u0161i je nogometni vratar, vi\u0161estruki prvak Hrvatske u reliju te dugopruga\u0161 s vi\u0161e od 50 zavr\u0161enih maratona. Slobodno vrijeme posve\u0107uje pisanju, sportu i obrazovanju mladih.<\/p>\n\n\n\n<p><strong>Broj stranica<\/strong>: 280<\/p>\n\n\n\n<p><strong>Godina izdanja<\/strong>: 2025.<\/p>\n\n\n\n<p>Izvor: <a href=\"https:\/\/tim-press.hr\/hr\/knjige\/afera-agrokor\">https:\/\/tim-press.hr\/hr\/knjige\/afera-agrokor<\/a><\/p>\n\n\n\n<hr class=\"wp-block-separator has-alpha-channel-opacity\"\/>\n\n\n\n<p><\/p>\n","protected":false},"excerpt":{"rendered":"","protected":false},"author":2,"featured_media":48530,"comment_status":"open","ping_status":"open","sticky":false,"template":"","format":"standard","meta":{"_acf_changed":false,"jetpack_post_was_ever_published":false,"_jetpack_newsletter_access":"","_jetpack_dont_email_post_to_subs":false,"_jetpack_newsletter_tier_id":0,"_jetpack_memberships_contains_paywalled_content":false,"_jetpack_memberships_contains_paid_content":false,"footnotes":"","jetpack_publicize_message":"","jetpack_publicize_feature_enabled":true,"jetpack_social_post_already_shared":true,"jetpack_social_options":{"image_generator_settings":{"template":"highway","default_image_id":0,"font":"","enabled":false},"version":2}},"categories":[3],"tags":[],"class_list":["post-48529","post","type-post","status-publish","format-standard","has-post-thumbnail","hentry","category-novosti"],"acf":{"facebook_opis":""},"jetpack_publicize_connections":[],"jetpack_featured_media_url":"https:\/\/i0.wp.com\/historiografija.hr\/wp-content\/uploads\/2025\/09\/agrokor_korice.jpg?fit=300%2C465&ssl=1","jetpack_sharing_enabled":true,"jetpack-related-posts":[],"_links":{"self":[{"href":"https:\/\/historiografija.hr\/index.php?rest_route=\/wp\/v2\/posts\/48529","targetHints":{"allow":["GET"]}}],"collection":[{"href":"https:\/\/historiografija.hr\/index.php?rest_route=\/wp\/v2\/posts"}],"about":[{"href":"https:\/\/historiografija.hr\/index.php?rest_route=\/wp\/v2\/types\/post"}],"author":[{"embeddable":true,"href":"https:\/\/historiografija.hr\/index.php?rest_route=\/wp\/v2\/users\/2"}],"replies":[{"embeddable":true,"href":"https:\/\/historiografija.hr\/index.php?rest_route=%2Fwp%2Fv2%2Fcomments&post=48529"}],"version-history":[{"count":4,"href":"https:\/\/historiografija.hr\/index.php?rest_route=\/wp\/v2\/posts\/48529\/revisions"}],"predecessor-version":[{"id":48551,"href":"https:\/\/historiografija.hr\/index.php?rest_route=\/wp\/v2\/posts\/48529\/revisions\/48551"}],"wp:featuredmedia":[{"embeddable":true,"href":"https:\/\/historiografija.hr\/index.php?rest_route=\/wp\/v2\/media\/48530"}],"wp:attachment":[{"href":"https:\/\/historiografija.hr\/index.php?rest_route=%2Fwp%2Fv2%2Fmedia&parent=48529"}],"wp:term":[{"taxonomy":"category","embeddable":true,"href":"https:\/\/historiografija.hr\/index.php?rest_route=%2Fwp%2Fv2%2Fcategories&post=48529"},{"taxonomy":"post_tag","embeddable":true,"href":"https:\/\/historiografija.hr\/index.php?rest_route=%2Fwp%2Fv2%2Ftags&post=48529"}],"curies":[{"name":"wp","href":"https:\/\/api.w.org\/{rel}","templated":true}]}}