{"id":48508,"date":"2025-09-29T21:24:12","date_gmt":"2025-09-29T21:24:12","guid":{"rendered":"https:\/\/historiografija.hr\/?p=48508"},"modified":"2025-09-29T21:24:12","modified_gmt":"2025-09-29T21:24:12","slug":"jasenka-kranjcevic-leksikon-graditelja-arhitekata-i-gradevinskih-inzenjera-iz-ceske-na-prostoru-hrvatske","status":"publish","type":"post","link":"https:\/\/historiografija.hr\/?p=48508","title":{"rendered":"Jasenka Kranj\u010devi\u0107, \u201eLeksikon graditelja, arhitekata i gra\u0111evinskih in\u017eenjera iz \u010ce\u0161ke na prostoru Hrvatske\u201c"},"content":{"rendered":"\n<p>Tema ove knjige je djelovanje graditelja, arhitekata i gra\u0111evinskih in\u017eenjera iz \u010ce\u0161ke na prostoru Hrvatske. Rezultat je vi\u0161egodi\u0161njeg istra\u017eivanja koje se odvijalo, mijenjalo i pro\u0161irivalo kroz \u010detiri znanstvena projekta. Ozbiljnije dru\u0161tvene, gospodarske i politi\u010dke veze izme\u0111u Hrvatske i \u010ce\u0161ke ja\u010daju tijekom 19. stolje\u0107a, da bi pravi zamah dobile u posljednjim desetlje\u0107ima \u017eivota u zajedni\u010dkoj dr\u017eavi, Habsbur\u0161koj, a kasnije Austro-Ugarskoj Monarhiji. No, najplodnija podru\u010dja kontakata bila su obrazovanje i kultura. Ove su veze imale brz i intenzivan utjecaj na knji\u017eevnost, likovnu i glazbenu umjetnost, pa \u010dak i sport ili medicinu. Istra\u017eivanje \u010dije rezultate predstavljamo u ovoj knjizi, potvrdilo je kako arhitektonsko-graditeljska sfera nije ostala po strani i da je, \u0161tovi\u0161e, obilovala va\u017enim vezama i utjecajima.<\/p>\n\n\n\n<p>U istra\u017eivanju se po\u0161lo od \u010dinjenice da je razdoblje od po\u010detka 19. do sredine 20. stolje\u0107a bilo vrijeme turbulentne primjene novih tehnologija u arhitekturi i graditeljstvu, stvaranja novih stilova, globalizacije graditeljstva i mobilnosti stru\u010dnjaka. Stoga su postavljena pitanja o tome tko je sve utjecao na srednjoeuropsko urbanisti\u010dko-arhitektonsko-graditeljsko oblikovanje naselja u Hrvatskoj: tko je donosio nove ideje (stru\u010dnjaci, ali i investitori), kakva je bila mobilnost stru\u010dnjaka, tko je i kako primjenjivao suvremenu tehnologiju, kao i o spremnosti sredine za prihva\u0107anje novih oblikovanja, trendova i stilova (uloga osoba koje su davale inicijativu kroz razli\u010dita udru\u017eenja ili osobno).<\/p>\n\n\n\n<p>Istra\u017eivanje je pokazalo da se o nekim arhitektima i graditeljima iz \u010ce\u0161ke zna relativno dosta, a da se o nekima ne zna gotovo ni\u0161ta. Tijekom istra\u017eivanja utvr\u0111eno je koji su graditelji, arhitekti i gra\u0111evinski in\u017eenjeri do\u0161li iz \u010ce\u0161ke te koje su vrste gra\u0111evina projektirali ili izvodili od po\u010detka 19. do sredine 20. stolje\u0107a. Atribuiranjem gra\u0111evina, odre\u0111ivanjem lokacija u naseljima te evidentiranjem osoba ili njihovih arhitektonskih i gra\u0111evinskih poduze\u0107a utvr\u0111en je opseg njihovog doprinosa srednjoeuropskom arhitektonskom oblikovanju prostora Hrvatske. Zaklju\u010dno mo\u017eemo potvrditi kako su, uz hrvatske, austrijske, njema\u010dke, ma\u0111arske i talijanske graditelje, arhitekte i gra\u0111evinske in\u017eenjere na podru\u010dju Hrvatske, vidljiv i nemali trag ostavili i stru\u010dnjaci iz \u010ce\u0161ke.<\/p>\n\n\n\n<hr class=\"wp-block-separator has-alpha-channel-opacity\"\/>\n\n\n\n<p>Izvori:<\/p>\n\n\n\n<figure class=\"wp-block-embed is-type-wp-embed is-provider-srednja-europa wp-block-embed-srednja-europa\"><div class=\"wp-block-embed__wrapper\">\n<blockquote class=\"wp-embedded-content\" data-secret=\"sJysoy5zZz\"><a href=\"https:\/\/srednja-europa.hr\/proizvod\/leksikon-graditelja-arhitekata-i-gradevinskih-inzenjera-iz-ceske-na-prostoru-hrvatske\/\">Leksikon graditelja, arhitekata i gra\u0111evinskih in\u017eenjera iz \u010ce\u0161ke na prostoru Hrvatske<\/a><\/blockquote><iframe loading=\"lazy\" class=\"wp-embedded-content\" sandbox=\"allow-scripts\" security=\"restricted\" style=\"position: absolute; visibility: hidden;\" title=\"&#8220;Leksikon graditelja, arhitekata i gra\u0111evinskih in\u017eenjera iz \u010ce\u0161ke na prostoru Hrvatske&#8221; &#8212; Srednja Europa\" src=\"https:\/\/srednja-europa.hr\/proizvod\/leksikon-graditelja-arhitekata-i-gradevinskih-inzenjera-iz-ceske-na-prostoru-hrvatske\/embed\/#?secret=c2Xzkig3SP#?secret=sJysoy5zZz\" data-secret=\"sJysoy5zZz\" width=\"600\" height=\"338\" frameborder=\"0\" marginwidth=\"0\" marginheight=\"0\" scrolling=\"no\"><\/iframe>\n<\/div><\/figure>\n\n\n\n<p><a href=\"https:\/\/historiografija.ba\/knjige\/jugoistocna-evropa\/knjiga-o-djelovanje-graditelja-arhitekata-i-gradjevinskih-inzenjera-iz-ceske-na-prostoru-hrvatske\">https:\/\/historiografija.ba\/knjige\/jugoistocna-evropa\/knjiga-o-djelovanje-graditelja-arhitekata-i-gradjevinskih-inzenjera-iz-ceske-na-prostoru-hrvatske<\/a><\/p>\n\n\n\n<hr class=\"wp-block-separator has-alpha-channel-opacity\"\/>\n","protected":false},"excerpt":{"rendered":"","protected":false},"author":2,"featured_media":48509,"comment_status":"open","ping_status":"open","sticky":false,"template":"","format":"standard","meta":{"_acf_changed":false,"jetpack_post_was_ever_published":false,"_jetpack_newsletter_access":"","_jetpack_dont_email_post_to_subs":false,"_jetpack_newsletter_tier_id":0,"_jetpack_memberships_contains_paywalled_content":false,"_jetpack_memberships_contains_paid_content":false,"footnotes":"","jetpack_publicize_message":"","jetpack_publicize_feature_enabled":true,"jetpack_social_post_already_shared":true,"jetpack_social_options":{"image_generator_settings":{"template":"highway","default_image_id":0,"font":"","enabled":false},"version":2}},"categories":[8,3],"tags":[],"class_list":["post-48508","post","type-post","status-publish","format-standard","has-post-thumbnail","hentry","category-knjige","category-novosti"],"acf":{"facebook_opis":""},"jetpack_publicize_connections":[],"jetpack_featured_media_url":"https:\/\/i0.wp.com\/historiografija.hr\/wp-content\/uploads\/2025\/09\/leksikon-graditelja.jpg?fit=555%2C465&ssl=1","jetpack_sharing_enabled":true,"jetpack-related-posts":[],"_links":{"self":[{"href":"https:\/\/historiografija.hr\/index.php?rest_route=\/wp\/v2\/posts\/48508","targetHints":{"allow":["GET"]}}],"collection":[{"href":"https:\/\/historiografija.hr\/index.php?rest_route=\/wp\/v2\/posts"}],"about":[{"href":"https:\/\/historiografija.hr\/index.php?rest_route=\/wp\/v2\/types\/post"}],"author":[{"embeddable":true,"href":"https:\/\/historiografija.hr\/index.php?rest_route=\/wp\/v2\/users\/2"}],"replies":[{"embeddable":true,"href":"https:\/\/historiografija.hr\/index.php?rest_route=%2Fwp%2Fv2%2Fcomments&post=48508"}],"version-history":[{"count":1,"href":"https:\/\/historiografija.hr\/index.php?rest_route=\/wp\/v2\/posts\/48508\/revisions"}],"predecessor-version":[{"id":48510,"href":"https:\/\/historiografija.hr\/index.php?rest_route=\/wp\/v2\/posts\/48508\/revisions\/48510"}],"wp:featuredmedia":[{"embeddable":true,"href":"https:\/\/historiografija.hr\/index.php?rest_route=\/wp\/v2\/media\/48509"}],"wp:attachment":[{"href":"https:\/\/historiografija.hr\/index.php?rest_route=%2Fwp%2Fv2%2Fmedia&parent=48508"}],"wp:term":[{"taxonomy":"category","embeddable":true,"href":"https:\/\/historiografija.hr\/index.php?rest_route=%2Fwp%2Fv2%2Fcategories&post=48508"},{"taxonomy":"post_tag","embeddable":true,"href":"https:\/\/historiografija.hr\/index.php?rest_route=%2Fwp%2Fv2%2Ftags&post=48508"}],"curies":[{"name":"wp","href":"https:\/\/api.w.org\/{rel}","templated":true}]}}