{"id":48498,"date":"2025-09-26T20:17:05","date_gmt":"2025-09-26T20:17:05","guid":{"rendered":"https:\/\/historiografija.hr\/?p=48498"},"modified":"2025-09-26T20:17:43","modified_gmt":"2025-09-26T20:17:43","slug":"muriel-asseburg-palastina-und-die-palastinenser-eine-geschichte-von-der-nakba-bis-zur-gegenwart","status":"publish","type":"post","link":"https:\/\/historiografija.hr\/?p=48498","title":{"rendered":"Muriel Asseburg, \u201ePal\u00e4stina und die Pal\u00e4stinenser. Eine Geschichte von der Nakba bis zur Gegenwart\u201c"},"content":{"rendered":"\n<p>Die Geschichte Pal\u00e4stinas und der Pal\u00e4stinenser ist von Krieg, Vertreibung, Verlust und Exil und von einem nunmehr fast hundertj\u00e4hrigen Befreiungskampf gepr\u00e4gt. Die bekannte Nahost-Expertin Muriel Asseburg erz\u00e4hlt die Geschichte des kleinen, zerst\u00fcckelten Landes und eines Volkes ohne Staat von der Gr\u00fcndung Israels im Jahr 1948 bis heute und l\u00e4sst uns Pal\u00e4stina und die Pal\u00e4stinenser mit anderen Augen sehen.<br><br>Die Staatsgr\u00fcndung Israels im Mai 1948 und der folgende Krieg wurden von den Arabern im britischen Mandatsgebiet Pal\u00e4stina als Nakba, als Katastrophe, empfunden, bei der Hunderttausende ihre H\u00e4user, ihr Eigentum und ihre Heimat verloren. Muriel Asseburg erl\u00e4utert Vorgeschichte und Hintergr\u00fcnde dieses Schl\u00fcsseljahres, erz\u00e4hlt die Geschichte der pal\u00e4stinensischen Nationalbewegung und ihrer wichtigsten Protagonisten, beschreibt Kriege, Aufst\u00e4nde und Friedensinitiativen, berichtet \u00fcber die Erfahrungen der pal\u00e4stinensischen Selbstverwaltung und portr\u00e4tiert wichtige Pers\u00f6nlichkeiten aus Politik und Kultur. Ihre faktenreiche und zugleich einf\u00fchlsame Darstellung l\u00e4sst uns Pal\u00e4stina und die Pal\u00e4stinenser mit anderen Augen sehen.<\/p>\n\n\n\n<hr class=\"wp-block-separator has-alpha-channel-opacity\"\/>\n\n\n\n<p><strong>Inhalt<\/strong><\/p>\n\n\n\n<p>Einleitung<br><br>ERSTES KAPITEL: Die Gr\u00fcndung Israels und ihre Folgen<br>1. Vorgeschichte<br>2. Ein neuer Staat, Krieg und Vertreibung<br>3. Verlust der Heimat<br><br>ZWEITES KAPITEL: Die pal\u00e4stinensische Nationalbewegung<br>1. Die Herausbildung einer pal\u00e4stinensischen Identit\u00e4t<br>2. Die Gr\u00fcndung von Fatah und PLO<br>3. Die Befreiungsbewegung im Exil<\/p>\n\n\n\n<p><br>DRITTES KAPITEL: Der Sechstagekrieg 1967<\/p>\n\n\n\n<p>1. Vorgeschichte, Verlauf und Bedeutung<br>2. Siedlungspolitik und Besatzungsregime<br>3. Israelisch-arabische Kriege und ein erster Friedensprozess<br><br>VIERTES KAPITEL: Die Erste Intifada<br>1. Der Krieg der Steine<br>2. Die Islamische Widerstandsbewegung<br><br>F\u00dcNFTES KAPITEL: Friedensverhandlungen und Selbstverwaltung<br>1. Eine neue Etappe im Friedensprozess<br>2. Die Oslo-Abkommen und der Oslo-Prozess<br>3. Der Aufbau staatlicher Strukturen<br><br>SECHSTES KAPITEL: Die Zweite Intifada<br>1. Der bewaffnete Widerstand<br>2. Unilaterale Politik statt Friedensprozess<br>3. Die pal\u00e4stinensische Spaltung<br><br>SIEBTES KAPITEL: Blockaden und die Suche nach alternativen Strategien<br>1. Von Annapolis zum \u00abJahrhundertdeal\u00bb<br>2. Internationalisierung, Volkswiderstand und Boykottbewegung<br><br>ACHTES KAPITEL: Gegenw\u00e4rtige Situation und M\u00f6glichkeiten einer Konfliktregelung<br>1. Einstaatenrealit\u00e4t und Apartheidsvorwurf<br>2. Alternativen zur Zweistaatenregelung<br><br>Ausblick<br><br>ANHANG<br>Abk\u00fcrzungen<br>Zeittafel<br>Tabelle 1: Das Verh\u00e4ltnis von PLO und PA<br>Tabelle 2: Demografische Entwicklung<br>Pal\u00e4stinensische Literatur, Filme und Webseiten<br>Verwendete Literatur<br>Anmerkungen<br>Bildnachweis<br>Nachweis der Karten<br>Personenregister<\/p>\n\n\n\n<hr class=\"wp-block-separator has-alpha-channel-opacity\"\/>\n\n\n\n<p>Erschienen am 26. August 2021<\/p>\n\n\n\n<p>5. Auflage, 2023<\/p>\n\n\n\n<p>365 S., mit 21 Abbildungen und 10 Karten<\/p>\n\n\n\n<p>Softcover<\/p>\n\n\n\n<hr class=\"wp-block-separator has-alpha-channel-opacity\"\/>\n\n\n\n<p>Leseprobe PDF<\/p>\n\n\n\n<p><a href=\"https:\/\/www.chbeck.de\/asseburg-palaestina-palaestinenser\/product\/32392603\">https:\/\/www.chbeck.de\/asseburg-palaestina-palaestinenser\/product\/32392603<\/a><\/p>\n\n\n\n<hr class=\"wp-block-separator has-alpha-channel-opacity\"\/>\n","protected":false},"excerpt":{"rendered":"","protected":false},"author":2,"featured_media":48499,"comment_status":"open","ping_status":"open","sticky":false,"template":"","format":"standard","meta":{"_acf_changed":false,"jetpack_post_was_ever_published":false,"_jetpack_newsletter_access":"","_jetpack_dont_email_post_to_subs":false,"_jetpack_newsletter_tier_id":0,"_jetpack_memberships_contains_paywalled_content":false,"_jetpack_memberships_contains_paid_content":false,"footnotes":"","jetpack_publicize_message":"","jetpack_publicize_feature_enabled":true,"jetpack_social_post_already_shared":true,"jetpack_social_options":{"image_generator_settings":{"template":"highway","default_image_id":0,"font":"","enabled":false},"version":2}},"categories":[8,3],"tags":[],"class_list":["post-48498","post","type-post","status-publish","format-standard","has-post-thumbnail","hentry","category-knjige","category-novosti"],"acf":{"facebook_opis":""},"jetpack_publicize_connections":[],"jetpack_featured_media_url":"https:\/\/i0.wp.com\/historiografija.hr\/wp-content\/uploads\/2025\/09\/Asseburg.jpg?fit=1246%2C1950&ssl=1","jetpack_sharing_enabled":true,"jetpack-related-posts":[],"_links":{"self":[{"href":"https:\/\/historiografija.hr\/index.php?rest_route=\/wp\/v2\/posts\/48498","targetHints":{"allow":["GET"]}}],"collection":[{"href":"https:\/\/historiografija.hr\/index.php?rest_route=\/wp\/v2\/posts"}],"about":[{"href":"https:\/\/historiografija.hr\/index.php?rest_route=\/wp\/v2\/types\/post"}],"author":[{"embeddable":true,"href":"https:\/\/historiografija.hr\/index.php?rest_route=\/wp\/v2\/users\/2"}],"replies":[{"embeddable":true,"href":"https:\/\/historiografija.hr\/index.php?rest_route=%2Fwp%2Fv2%2Fcomments&post=48498"}],"version-history":[{"count":3,"href":"https:\/\/historiografija.hr\/index.php?rest_route=\/wp\/v2\/posts\/48498\/revisions"}],"predecessor-version":[{"id":48502,"href":"https:\/\/historiografija.hr\/index.php?rest_route=\/wp\/v2\/posts\/48498\/revisions\/48502"}],"wp:featuredmedia":[{"embeddable":true,"href":"https:\/\/historiografija.hr\/index.php?rest_route=\/wp\/v2\/media\/48499"}],"wp:attachment":[{"href":"https:\/\/historiografija.hr\/index.php?rest_route=%2Fwp%2Fv2%2Fmedia&parent=48498"}],"wp:term":[{"taxonomy":"category","embeddable":true,"href":"https:\/\/historiografija.hr\/index.php?rest_route=%2Fwp%2Fv2%2Fcategories&post=48498"},{"taxonomy":"post_tag","embeddable":true,"href":"https:\/\/historiografija.hr\/index.php?rest_route=%2Fwp%2Fv2%2Ftags&post=48498"}],"curies":[{"name":"wp","href":"https:\/\/api.w.org\/{rel}","templated":true}]}}