{"id":48495,"date":"2025-09-26T19:47:01","date_gmt":"2025-09-26T19:47:01","guid":{"rendered":"https:\/\/historiografija.hr\/?p=48495"},"modified":"2026-03-11T22:20:52","modified_gmt":"2026-03-11T22:20:52","slug":"predstavljanje-knjige-dejana-jovica-otpor-intelektualaca-predstavljanje-nepredstavljenih-suprotstavljanje-mocnima-u-zagrebu","status":"publish","type":"post","link":"https:\/\/historiografija.hr\/?p=48495","title":{"rendered":"Predstavljanje knjige Dejana Jovi\u0107a &#8220;Otpor intelektualaca: predstavljanje nepredstavljenih \u2013 suprotstavljanje mo\u0107nima&#8221; u Zagrebu"},"content":{"rendered":"\n<p>Predstavljanje knjige prof. dr. sc. Dejana Jovi\u0107a &#8220;Otpor intelektualaca: predstavljanje nepredstavljenih &#8211; suprotstavljanje mo\u0107nima&#8221; odr\u017eat \u0107e se u utorak, 28. listopada 2025. godine u 19:00 sati u knji\u017eari Frakture, Ul. kralja Mislava 17. Predstavljanje \u0107e se odr\u017eati u formi razgovora izme\u0111u autora knjige prof. dr. sc. Dejana Jovi\u0107a i Seida Serdarevi\u0107a, glavnog urednika Frakture.<\/p>\n\n\n\n<hr class=\"wp-block-separator has-alpha-channel-opacity\"\/>\n\n\n\n<p>Izvor: <a href=\"https:\/\/www.fpzg.unizg.hr\/novosti?@=2fjel\">https:\/\/www.fpzg.unizg.hr\/novosti?@=2fjel<\/a><\/p>\n\n\n\n<hr class=\"wp-block-separator has-alpha-channel-opacity\"\/>\n\n\n\n<p>O knjizi:<\/p>\n\n\n\n<p><em>Otpor intelektualaca: Predstavljanje nepredstavljenih \u2013 suprotstavljanje mo\u0107nima <\/em>uglednog politologa Dejana Jovi\u0107a knjiga je o intelektualnoj, ali prije svega o moralnoj hrabrosti, o spremnosti da se preuzme rizik izop\u0107enja, unutarnje emigracije, pa i politi\u010dkog progona. Ta je tema vje\u010dna i trajno aktualna, od Sokrata, preko Giordana Bruna i Osipa Mandelj\u0161tama, pa do onih intelektualaca koji su do\u017eivljavali \u2013 blago re\u010deno \u2013 neugodnosti i u nominalno demokratskim dru\u0161tvima.<\/p>\n\n\n\n<p>Jovi\u0107eva knjiga <em>Otpor intelektualaca: Predstavljanje nepredstavljenih \u2013 suprotstavljanje mo\u0107nima <\/em>ne svodi se na apstraktno problematiziranje uloge intelektualca i moralnih obveza koje intelektualac ima spram vlastite pameti i erudicije. Kroz kriti\u010dku intelektualnu (samim time i moralnu, gra\u0111ansku) djelatnost Predraga Matvejevi\u0107a i Jovana Miri\u0107a, kojoj su ostali dosljedni kako u Jugoslaviji tako i u samostalnoj Hrvatskoj, te kroz djelovanje beogradskog Odbora za odbranu slobode misli i izra\u017eavanja, \u010diji su mnogi \u010dlanovi podlegli zovu nacionalizma, Jovi\u0107 kriti\u010dki analizira i uspore\u0111uje jugoslavenski i hrvatski re\u017eim. To \u010dini usprkos uvrije\u017eenim predrasudama, revizionisti\u010dkim i propagandnim floskulama. Svojom knjigom <em>Otpor intelektualaca: Predstavljanje nepredstavljenih \u2013 suprotstavljanje mo\u0107nima <\/em>Dejan Jovi\u0107 jo\u0161 je jednom zaplivao protiv struje dokazuju\u0107i upravo vlastitim primjerom da je istinska intelektualnost neodvojiva od gra\u0111anske hrabrosti i da demokrati\u010dnost jednog dru\u0161tva i njegova sposobnost za napredak ovise o spremnosti da se smireno i civilizirano saslu\u0161aju stavovi, analize i tuma\u010denja koje vlastima i mno\u0161tvu nisu ugodni i dovode u pitanje etablirane svetinje. Drugim rije\u010dima, kako ka\u017ee Jovi\u0107: \u201cDom intelektualaca nije domovina, pa i ako domovinu izgube \u2013 ili je nikad nisu ni imali \u2013 svejedno su u svojoj ku\u0107i sve dok postoji ono univerzalno.\u201d<\/p>\n\n\n\n<hr class=\"wp-block-separator has-alpha-channel-opacity\"\/>\n\n\n\n<p>Dodatne obavijesti:<\/p>\n\n\n\n<p><a href=\"https:\/\/fraktura.hr\/proizvod\/otpor-intelektualaca\">https:\/\/fraktura.hr\/proizvod\/otpor-intelektualaca<\/a><\/p>\n\n\n\n<p><a href=\"https:\/\/akademskaknjiga.com\/katalog\/otpor-intelektualaca-predstavljanje-nepredstavljenih-suprotstavljanje-mocnima\">https:\/\/akademskaknjiga.com\/katalog\/otpor-intelektualaca-predstavljanje-nepredstavljenih-suprotstavljanje-mocnima<\/a><\/p>\n\n\n\n<hr class=\"wp-block-separator has-alpha-channel-opacity\"\/>\n\n\n\n<p><a href=\"https:\/\/historiografija.ba\/knjige\/jugoistocna-evropa\/knjiga-koja-se-bavi-pitanjima-sudbine-i-uloge-intelektualaca\">https:\/\/historiografija.ba\/knjige\/jugoistocna-evropa\/knjiga-koja-se-bavi-pitanjima-sudbine-i-uloge-intelektualaca<\/a><\/p>\n\n\n\n<hr class=\"wp-block-separator has-alpha-channel-opacity\"\/>\n\n\n\n<p>Iz medija:<\/p>\n\n\n\n<p><a href=\"https:\/\/vijesti.hrt.hr\/hrvatska\/dejan-jovic-dojam-danas-gazi-cinjenice-intelektualci-moraju-braniti-razum-12411311\">https:\/\/vijesti.hrt.hr\/hrvatska\/dejan-jovic-dojam-danas-gazi-cinjenice-intelektualci-moraju-braniti-razum-12411311<\/a><\/p>\n\n\n\n<figure class=\"wp-block-embed is-type-video is-provider-youtube wp-block-embed-youtube wp-embed-aspect-16-9 wp-has-aspect-ratio\"><div class=\"wp-block-embed__wrapper\">\n<span class=\"embed-youtube\" style=\"text-align:center; display: block;\"><iframe loading=\"lazy\" class=\"youtube-player\" width=\"860\" height=\"484\" src=\"https:\/\/www.youtube.com\/embed\/tlPc23fYw8Y?version=3&#038;rel=1&#038;showsearch=0&#038;showinfo=1&#038;iv_load_policy=1&#038;fs=1&#038;hl=hr&#038;autohide=2&#038;wmode=transparent\" allowfullscreen=\"true\" style=\"border:0;\" sandbox=\"allow-scripts allow-same-origin allow-popups allow-presentation allow-popups-to-escape-sandbox\"><\/iframe><\/span>\n<\/div><\/figure>\n\n\n\n<figure class=\"wp-block-embed is-type-wp-embed is-provider-nacional-hr wp-block-embed-nacional-hr\"><div class=\"wp-block-embed__wrapper\">\n<blockquote class=\"wp-embedded-content\" data-secret=\"YsESNKbP3T\"><a href=\"https:\/\/www.nacional.hr\/dejan-jovic-nikada-nisam-rekao-ono-sto-mi-dp-stavlja-na-teret-a-i-da-jesam-imao-bih-pravo-reci-sto-zelim\/\">DEJAN JOVI\u0106 &#8216;Nikada nisam rekao ono \u0161to mi DP stavlja na teret, a i da jesam, imao bih pravo re\u0107i \u0161to \u017eelim&#8217;<\/a><\/blockquote><iframe loading=\"lazy\" class=\"wp-embedded-content\" sandbox=\"allow-scripts\" security=\"restricted\" style=\"position: absolute; visibility: hidden;\" title=\"&#8220;DEJAN JOVI\u0106 &#8216;Nikada nisam rekao ono \u0161to mi DP stavlja na teret, a i da jesam, imao bih pravo re\u0107i \u0161to \u017eelim&#8217;&#8221; &#8212; NACIONAL.HR\" src=\"https:\/\/www.nacional.hr\/dejan-jovic-nikada-nisam-rekao-ono-sto-mi-dp-stavlja-na-teret-a-i-da-jesam-imao-bih-pravo-reci-sto-zelim\/embed\/#?secret=dOXbN2Nctr#?secret=YsESNKbP3T\" data-secret=\"YsESNKbP3T\" width=\"600\" height=\"338\" frameborder=\"0\" marginwidth=\"0\" marginheight=\"0\" scrolling=\"no\"><\/iframe>\n<\/div><\/figure>\n\n\n\n<p><a href=\"https:\/\/www.portalnovosti.com\/intelektualci-moraju-raditi-u-korist-javnog-dobra\">https:\/\/www.portalnovosti.com\/intelektualci-moraju-raditi-u-korist-javnog-dobra<\/a><\/p>\n\n\n\n<p><a href=\"https:\/\/www.portalnovosti.com\/kriticki-intelektualci-u-postjugoslavenskim-okolnostima\">https:\/\/www.portalnovosti.com\/kriticki-intelektualci-u-postjugoslavenskim-okolnostima<\/a><\/p>\n\n\n\n<p><a href=\"https:\/\/www.portalnovosti.com\/miric-o-uzrocima-krize-u-jugoslaviji\">https:\/\/www.portalnovosti.com\/miric-o-uzrocima-krize-u-jugoslaviji<\/a><\/p>\n\n\n\n<p><a href=\"https:\/\/www.telegram.hr\/kultura\/ugledni-i-knjiski-ljudi-za-telegram-su-izabrali-dvanaest-najupecatljivijih-naslova-2025\">https:\/\/www.telegram.hr\/kultura\/ugledni-i-knjiski-ljudi-za-telegram-su-izabrali-dvanaest-najupecatljivijih-naslova-2025<\/a><\/p>\n\n\n\n<hr class=\"wp-block-separator has-alpha-channel-opacity\"\/>\n","protected":false},"excerpt":{"rendered":"","protected":false},"author":2,"featured_media":48496,"comment_status":"open","ping_status":"open","sticky":false,"template":"","format":"standard","meta":{"_acf_changed":false,"jetpack_post_was_ever_published":false,"_jetpack_newsletter_access":"","_jetpack_dont_email_post_to_subs":false,"_jetpack_newsletter_tier_id":0,"_jetpack_memberships_contains_paywalled_content":false,"_jetpack_memberships_contains_paid_content":false,"footnotes":"","jetpack_publicize_message":"","jetpack_publicize_feature_enabled":true,"jetpack_social_post_already_shared":true,"jetpack_social_options":{"image_generator_settings":{"template":"highway","default_image_id":0,"font":"","enabled":false},"version":2}},"categories":[3],"tags":[],"class_list":["post-48495","post","type-post","status-publish","format-standard","has-post-thumbnail","hentry","category-novosti"],"acf":{"facebook_opis":""},"jetpack_publicize_connections":[],"jetpack_featured_media_url":"https:\/\/i0.wp.com\/historiografija.hr\/wp-content\/uploads\/2025\/09\/Otpor_intelektualaca.jpg?fit=800%2C561&ssl=1","jetpack_sharing_enabled":true,"jetpack-related-posts":[],"_links":{"self":[{"href":"https:\/\/historiografija.hr\/index.php?rest_route=\/wp\/v2\/posts\/48495","targetHints":{"allow":["GET"]}}],"collection":[{"href":"https:\/\/historiografija.hr\/index.php?rest_route=\/wp\/v2\/posts"}],"about":[{"href":"https:\/\/historiografija.hr\/index.php?rest_route=\/wp\/v2\/types\/post"}],"author":[{"embeddable":true,"href":"https:\/\/historiografija.hr\/index.php?rest_route=\/wp\/v2\/users\/2"}],"replies":[{"embeddable":true,"href":"https:\/\/historiografija.hr\/index.php?rest_route=%2Fwp%2Fv2%2Fcomments&post=48495"}],"version-history":[{"count":3,"href":"https:\/\/historiografija.hr\/index.php?rest_route=\/wp\/v2\/posts\/48495\/revisions"}],"predecessor-version":[{"id":51821,"href":"https:\/\/historiografija.hr\/index.php?rest_route=\/wp\/v2\/posts\/48495\/revisions\/51821"}],"wp:featuredmedia":[{"embeddable":true,"href":"https:\/\/historiografija.hr\/index.php?rest_route=\/wp\/v2\/media\/48496"}],"wp:attachment":[{"href":"https:\/\/historiografija.hr\/index.php?rest_route=%2Fwp%2Fv2%2Fmedia&parent=48495"}],"wp:term":[{"taxonomy":"category","embeddable":true,"href":"https:\/\/historiografija.hr\/index.php?rest_route=%2Fwp%2Fv2%2Fcategories&post=48495"},{"taxonomy":"post_tag","embeddable":true,"href":"https:\/\/historiografija.hr\/index.php?rest_route=%2Fwp%2Fv2%2Ftags&post=48495"}],"curies":[{"name":"wp","href":"https:\/\/api.w.org\/{rel}","templated":true}]}}