{"id":48492,"date":"2025-09-26T18:53:11","date_gmt":"2025-09-26T18:53:11","guid":{"rendered":"https:\/\/historiografija.hr\/?p=48492"},"modified":"2025-09-26T18:53:11","modified_gmt":"2025-09-26T18:53:11","slug":"predstavljanje-zbornika-radova-znanstvenog-skupa-za-grgu-gamulina","status":"publish","type":"post","link":"https:\/\/historiografija.hr\/?p=48492","title":{"rendered":"Predstavljanje Zbornika radova znanstvenog skupa \u201eZa Grgu Gamulina\u201c"},"content":{"rendered":"\n<p><strong>Institut za povijest umjetnosti<\/strong> i <strong>Filozofski fakultet Sveu\u010dili\u0161ta u Zagrebu <\/strong>pozivaju vas na predstavljanje Zbornika radova znanstvenog skupa<strong> <a href=\"https:\/\/ipu.hr\/article\/hr\/1926\/za-grgu-gamulina\">Za Grgu Gamulina<\/a><\/strong> (Institut za povijest umjetnosti, 2024.) urednika <strong>Petra Preloga<\/strong> i <strong>Tanje Tr\u0161ka <\/strong>u srijedu, 1. listopada 2025., u 13:00 sati, u Konferencijskoj dvorani Knji\u017enice Filozofskog fakulteta (Ulica Ivana Lu\u010di\u0107a 3, 2. kat).<\/p>\n\n\n\n<p>O knjizi \u0107e govoriti dr. sc. <strong>Katarina Horvat Levaj<\/strong>, ravnateljica Instituta za povijest umjetnosti, prof. dr. sc. <strong>Sanja Cvetni\u0107<\/strong> i dr. sc. <strong>Renata Komi\u0107 Marn<\/strong>, recenzentice zbornika, te izv. prof. dr. sc. <strong>Tanja Tr\u0161ka<\/strong> i dr. sc. <strong>Petar Prelog<\/strong>, urednici zbornika.<\/p>\n\n\n\n<p>Zbornik \u0107e se na predstavljanju prodavati po promotivnoj cijeni. Nakon predstavljanja pozivamo vas na prigodno dru\u017eenje u Institut za povijest umjetnosti (Ulica grada Vukovara 68, 3. kat).<\/p>\n\n\n\n<hr class=\"wp-block-separator has-alpha-channel-opacity\"\/>\n\n\n\n<p>Izvor:<\/p>\n\n\n\n<p><a href=\"https:\/\/ipu.hr\/article\/hr\/2005\/za-grgu-gamulina\">https:\/\/ipu.hr\/article\/hr\/2005\/za-grgu-gamulina<\/a><\/p>\n\n\n\n<hr class=\"wp-block-separator has-alpha-channel-opacity\"\/>\n","protected":false},"excerpt":{"rendered":"","protected":false},"author":2,"featured_media":48493,"comment_status":"open","ping_status":"open","sticky":false,"template":"","format":"standard","meta":{"_acf_changed":false,"jetpack_post_was_ever_published":false,"_jetpack_newsletter_access":"","_jetpack_dont_email_post_to_subs":false,"_jetpack_newsletter_tier_id":0,"_jetpack_memberships_contains_paywalled_content":false,"_jetpack_memberships_contains_paid_content":false,"footnotes":"","jetpack_publicize_message":"","jetpack_publicize_feature_enabled":true,"jetpack_social_post_already_shared":true,"jetpack_social_options":{"image_generator_settings":{"template":"highway","default_image_id":0,"font":"","enabled":false},"version":2}},"categories":[3],"tags":[],"class_list":["post-48492","post","type-post","status-publish","format-standard","has-post-thumbnail","hentry","category-novosti"],"acf":{"facebook_opis":""},"jetpack_publicize_connections":[],"jetpack_featured_media_url":"https:\/\/i0.wp.com\/historiografija.hr\/wp-content\/uploads\/2025\/09\/za-grgu-gamulina-scaled.jpg?fit=2560%2C1600&ssl=1","jetpack_sharing_enabled":true,"jetpack-related-posts":[],"_links":{"self":[{"href":"https:\/\/historiografija.hr\/index.php?rest_route=\/wp\/v2\/posts\/48492","targetHints":{"allow":["GET"]}}],"collection":[{"href":"https:\/\/historiografija.hr\/index.php?rest_route=\/wp\/v2\/posts"}],"about":[{"href":"https:\/\/historiografija.hr\/index.php?rest_route=\/wp\/v2\/types\/post"}],"author":[{"embeddable":true,"href":"https:\/\/historiografija.hr\/index.php?rest_route=\/wp\/v2\/users\/2"}],"replies":[{"embeddable":true,"href":"https:\/\/historiografija.hr\/index.php?rest_route=%2Fwp%2Fv2%2Fcomments&post=48492"}],"version-history":[{"count":1,"href":"https:\/\/historiografija.hr\/index.php?rest_route=\/wp\/v2\/posts\/48492\/revisions"}],"predecessor-version":[{"id":48494,"href":"https:\/\/historiografija.hr\/index.php?rest_route=\/wp\/v2\/posts\/48492\/revisions\/48494"}],"wp:featuredmedia":[{"embeddable":true,"href":"https:\/\/historiografija.hr\/index.php?rest_route=\/wp\/v2\/media\/48493"}],"wp:attachment":[{"href":"https:\/\/historiografija.hr\/index.php?rest_route=%2Fwp%2Fv2%2Fmedia&parent=48492"}],"wp:term":[{"taxonomy":"category","embeddable":true,"href":"https:\/\/historiografija.hr\/index.php?rest_route=%2Fwp%2Fv2%2Fcategories&post=48492"},{"taxonomy":"post_tag","embeddable":true,"href":"https:\/\/historiografija.hr\/index.php?rest_route=%2Fwp%2Fv2%2Ftags&post=48492"}],"curies":[{"name":"wp","href":"https:\/\/api.w.org\/{rel}","templated":true}]}}