{"id":48474,"date":"2025-09-25T21:27:56","date_gmt":"2025-09-25T21:27:56","guid":{"rendered":"https:\/\/historiografija.hr\/?p=48474"},"modified":"2025-09-25T21:27:56","modified_gmt":"2025-09-25T21:27:56","slug":"zenski-studiji-2025","status":"publish","type":"post","link":"https:\/\/historiografija.hr\/?p=48474","title":{"rendered":"\u017denski studiji 2025."},"content":{"rendered":"\n<p>Prije trideset godina u Etnografskom muzeju u Zagrebu po prvi put okupile su se studentice, radnice, umjetnice, umirovljenice, aktivistkinje, majke i k\u0107eri \u017eeljne odu\u010davanja od op\u0107eprihva\u0107enih modela spoznaje u korist pro\u0161irivanja obzora mogu\u0107ega i va\u017ee\u0107ega kroz kritiku, interakciju, inkluziju, inter- i transdisciplinarnost. Zajedni\u010dki je nazivnik ovom teorijsko-prakti\u010dkom potencijalu bila ista ona \u010dinjenica koju su same neprestano utjelovljivale \u2013 njihova \u017eenskost. Na tim je temeljima izgra\u0111en Centar za \u017eenske studije, prvi svoje vrste u Hrvatskoj, a na njima on opstaje i u dana\u0161njim danima, kada je mo\u017eda i potrebniji no \u0161to je bio poratnih 1990-ih.<\/p>\n\n\n\n<p>Digitalizacija obrazovnog programa Centra za \u017eenske studije, uzrokovana epidemiolo\u0161kim mjerama u razdoblju pandemije, pokazala se stoga korisnom u otvaranju riznice feministi\u010dkih pokreta, ba\u0161tine, struja i spoznaja prema demografijama koje joj u suprotnom mo\u017eda ne bi imale pristup. Polaznice i polaznik ovogodi\u0161njeg jubilarnog ciklusa priklju\u010divale su se tako i iz Kri\u017eevaca, Kastva, Osijeka, Sarajeva, pa \u010dak i Pariza. Od velja\u010de do lipnja svakog ponedjeljka i srijede odvijali su se susreti \u010diji je sadr\u017eaj, unato\u010d mre\u017enom formatu, objedinjavao i u tom objedinjavanju nadilazio teoriju i aktivizam, katedru i ulicu. Kroz osam tematski podijeljenih modula vi\u0161e je desetaka predava\u010dica na dehijerarhiziran na\u010din provodilo sudionice i sudionika kroz konceptualni instrumentarij feminizma, njegovu povijest, odnos prema nacionalizmu te premre\u017eenost s antimilitarizmom, problematiku tijela, seksualnosti i reproduktivnosti, presudnu temu nasilja nad \u017eenama i spregu \u017eenske borbe s ekolo\u0161kim politikama, da bi, nakon mjeseci boga\u0107enja ove zajedni\u010dke epistemolo\u0161ke alatnice, pri\u010da okon\u010dala s umjetno\u0161\u0107u. Svojim raznolikim profesionalnim i \u017eivotnim pozadinama, ali i ustrajno\u0161\u0107u u znati\u017eelji i promi\u0161ljanju, pristupnice i pristupnik o\u017eivljavali su gotovo svaku raspravu i osuvremenjivali je geopoliti\u010dkim aktualitetima, ali i vlastitim dojmovima, anegdotama i ispovijestima. Upravo se u jedinstvu svih ovih elemenata krije orodnjena spoznaja kao neophodan korak prema odr\u017eivijoj i pravednijoj budu\u0107nosti za sve. (Nika \u0160inti\u0107)<\/p>\n\n\n\n<p>Voditeljica obrazovnog programa: \u017deljka Jelavi\u0107<br>Koordinatorica obrazovnog programa: Nika \u0160inti\u0107<br>\u010clanice odbora obrazovnog programa: \u017deljka Jelavi\u0107, Renata Jambre\u0161i\u0107 Kirin, Dorotea \u0160u\u0161ak, Nika \u0160inti\u0107<\/p>\n\n\n\n<p><a href=\"http:\/\/zenstud.hr\/wp-content\/uploads\/2025\/08\/Jednosemestralni-hibridni-program-2025.pdf\">Jednosemestralni hibridni program 2025<\/a><\/p>\n\n\n\n<hr class=\"wp-block-separator has-alpha-channel-opacity\"\/>\n\n\n\n<p>Izvor:<\/p>\n\n\n\n<figure class=\"wp-block-embed is-type-wp-embed is-provider-centar-za-enske-studije wp-block-embed-centar-za-enske-studije\"><div class=\"wp-block-embed__wrapper\">\n<blockquote class=\"wp-embedded-content\" data-secret=\"YGh2iNxrX6\"><a href=\"https:\/\/zenstud.hr\/2025\/09\/01\/zenski-studiji-2025\/\">\u017denski studiji 2025.<\/a><\/blockquote><iframe loading=\"lazy\" class=\"wp-embedded-content\" sandbox=\"allow-scripts\" security=\"restricted\" style=\"position: absolute; visibility: hidden;\" title=\"&#8220;\u017denski studiji 2025.&#8221; &#8212; Centar za \u017eenske studije\" src=\"https:\/\/zenstud.hr\/2025\/09\/01\/zenski-studiji-2025\/embed\/#?secret=YGh2iNxrX6\" data-secret=\"YGh2iNxrX6\" width=\"600\" height=\"338\" frameborder=\"0\" marginwidth=\"0\" marginheight=\"0\" scrolling=\"no\"><\/iframe>\n<\/div><\/figure>\n\n\n\n<hr class=\"wp-block-separator has-alpha-channel-opacity\"\/>\n","protected":false},"excerpt":{"rendered":"","protected":false},"author":2,"featured_media":48475,"comment_status":"open","ping_status":"open","sticky":false,"template":"","format":"standard","meta":{"_acf_changed":false,"jetpack_post_was_ever_published":false,"_jetpack_newsletter_access":"","_jetpack_dont_email_post_to_subs":false,"_jetpack_newsletter_tier_id":0,"_jetpack_memberships_contains_paywalled_content":false,"_jetpack_memberships_contains_paid_content":false,"footnotes":"","jetpack_publicize_message":"","jetpack_publicize_feature_enabled":true,"jetpack_social_post_already_shared":true,"jetpack_social_options":{"image_generator_settings":{"template":"highway","default_image_id":0,"font":"","enabled":false},"version":2}},"categories":[3],"tags":[],"class_list":["post-48474","post","type-post","status-publish","format-standard","has-post-thumbnail","hentry","category-novosti"],"acf":{"facebook_opis":""},"jetpack_publicize_connections":[],"jetpack_featured_media_url":"https:\/\/i0.wp.com\/historiografija.hr\/wp-content\/uploads\/2025\/09\/Obrazovni-za-web.png?fit=1080%2C1080&ssl=1","jetpack_sharing_enabled":true,"jetpack-related-posts":[],"_links":{"self":[{"href":"https:\/\/historiografija.hr\/index.php?rest_route=\/wp\/v2\/posts\/48474","targetHints":{"allow":["GET"]}}],"collection":[{"href":"https:\/\/historiografija.hr\/index.php?rest_route=\/wp\/v2\/posts"}],"about":[{"href":"https:\/\/historiografija.hr\/index.php?rest_route=\/wp\/v2\/types\/post"}],"author":[{"embeddable":true,"href":"https:\/\/historiografija.hr\/index.php?rest_route=\/wp\/v2\/users\/2"}],"replies":[{"embeddable":true,"href":"https:\/\/historiografija.hr\/index.php?rest_route=%2Fwp%2Fv2%2Fcomments&post=48474"}],"version-history":[{"count":1,"href":"https:\/\/historiografija.hr\/index.php?rest_route=\/wp\/v2\/posts\/48474\/revisions"}],"predecessor-version":[{"id":48476,"href":"https:\/\/historiografija.hr\/index.php?rest_route=\/wp\/v2\/posts\/48474\/revisions\/48476"}],"wp:featuredmedia":[{"embeddable":true,"href":"https:\/\/historiografija.hr\/index.php?rest_route=\/wp\/v2\/media\/48475"}],"wp:attachment":[{"href":"https:\/\/historiografija.hr\/index.php?rest_route=%2Fwp%2Fv2%2Fmedia&parent=48474"}],"wp:term":[{"taxonomy":"category","embeddable":true,"href":"https:\/\/historiografija.hr\/index.php?rest_route=%2Fwp%2Fv2%2Fcategories&post=48474"},{"taxonomy":"post_tag","embeddable":true,"href":"https:\/\/historiografija.hr\/index.php?rest_route=%2Fwp%2Fv2%2Ftags&post=48474"}],"curies":[{"name":"wp","href":"https:\/\/api.w.org\/{rel}","templated":true}]}}