{"id":48451,"date":"2025-09-24T16:10:56","date_gmt":"2025-09-24T16:10:56","guid":{"rendered":"https:\/\/historiografija.hr\/?p=48451"},"modified":"2025-09-24T16:10:56","modified_gmt":"2025-09-24T16:10:56","slug":"institut-za-novejso-zgodovino-vabilo-na-predstavitev-knjig-book-launch-announcement","status":"publish","type":"post","link":"https:\/\/historiografija.hr\/?p=48451","title":{"rendered":"In\u0161titut za novej\u0161o zgodovino: Vabilo na predstavitev knjig \/ Book Launch Announcement"},"content":{"rendered":"\n<p>In\u0161titut za novej\u0161o zgodovino v Ljubljani vas vabi na predstavitev dveh novih izdaj:<\/p>\n\n\n\n<ul class=\"wp-block-list\">\n<li><em>East Central European Crisis Discourses in the Twentieth Century: A Never-Ending Story<\/em> (Routledge, 2024), uredili Bal\u00e1zs Trencs\u00e9nyi, Lucija Baliki\u0107, Una Blagojevi\u0107 in Isidora Gruba\u010dki<\/li>\n\n\n\n<li><em>Intellectuals and the Crisis of Politics in the Interwar Period and Beyond<\/em> (Oxford University Press, 2025), avtor Bal\u00e1zs Trencs\u00e9nyi<\/li>\n<\/ul>\n\n\n\n<p><strong>Datum in ura:<\/strong> sreda, 1. oktober 2025, ob 11.00<br><strong>Kraj:<\/strong> In\u0161titut za novej\u0161o zgodovino, Ljubljana<\/p>\n\n\n\n<p>Na dogodku bodo sodelovali:<\/p>\n\n\n\n<ul class=\"wp-block-list\">\n<li><strong>Bal\u00e1zs Trencs\u00e9nyi<\/strong> (Srednjeevropska univerza, Dunaj), urednik in avtor<\/li>\n\n\n\n<li><strong>Lucija Baliki\u0107<\/strong> (Fakulteta za dru\u017ebene vede, ELTE, Budimpe\u0161ta), urednica in avtorica<\/li>\n\n\n\n<li><strong>Isidora Gruba\u010dki<\/strong> (In\u0161titut za novej\u0161o zgodovino, Ljubljana), urednica in avtorica<\/li>\n\n\n\n<li><strong>Stevo \u0110ura\u0161kovi\u0107<\/strong> (Fakulteta politi\u010dnih znanosti, Univerza v Zagrebu), avtor<\/li>\n\n\n\n<li><strong>Marko Zajc<\/strong> (In\u0161titut za novej\u0161o zgodovino, Ljubljana), avtor<\/li>\n\n\n\n<li><strong>Tja\u0161a Konov\u0161ek<\/strong> (In\u0161titut za novej\u0161o zgodovino, Ljubljana), avtorica<\/li>\n\n\n\n<li><strong>Adela H\u00eencu<\/strong> (In\u0161titut za novej\u0161o zgodovino, Ljubljana), moderatorka<\/li>\n<\/ul>\n\n\n\n<p>Razprava se bo osredoto\u010dila na na\u010dine, kako so intelektualci skozi 20. stoletje odgovarjali na politi\u010dne krize, ter kako je jezik krize oblikoval zgodovino vzhodne in srednje Evrope, s posebnim poudarkom na jugoslovanskih izku\u0161njah.<\/p>\n\n\n\n<p>Vljudno vabljeni vsi zainteresirani kolegi, \u0161tudenti in \u0161ir\u0161a javnost.<\/p>\n\n\n\n<hr class=\"wp-block-separator has-alpha-channel-opacity\"\/>\n\n\n\n<p>The <strong>Institute of Contemporary History in Ljubljana<\/strong>&nbsp;is pleased to invite you to the launch of two new volumes:<\/p>\n\n\n\n<ul class=\"wp-block-list\">\n<li><em>East Central European Crisis Discourses in the Twentieth Century: A Never-Ending Story<\/em>\u00a0(Routledge, 2024), edited by <strong>Bal\u00e1zs Trencs\u00e9nyi, Lucija Baliki\u0107, Una Blagojevi\u0107, and Isidora Gruba\u010dki<\/strong><\/li>\n\n\n\n<li><em>Intellectuals and the Crisis of Politics in the Interwar Period and Beyond<\/em>\u00a0(Oxford University Press, 2025) by <strong>Bal\u00e1zs Trencs\u00e9nyi<\/strong><\/li>\n<\/ul>\n\n\n\n<p><strong>Date &amp; Time:<\/strong> Wednesday, October 1, 2025, at 11:00<\/p>\n\n\n\n<p><strong>Venue:<\/strong>&nbsp;Institute of Contemporary History, Ljubljana<\/p>\n\n\n\n<p>The event will feature discussions with:<\/p>\n\n\n\n<ul class=\"wp-block-list\">\n<li><strong>Bal\u00e1zs Trencs\u00e9nyi <\/strong>(Central European University, Vienna), co-editor and author<\/li>\n\n\n\n<li><strong>Lucija Baliki\u0107 <\/strong>(ELTE Faculty\u00a0of Social Sciences, Budapest),co-editor and author<\/li>\n\n\n\n<li><strong>Isidora Gruba\u010dki <\/strong>(Institute of Contemporary History, Ljubljana), co-editor and author<\/li>\n\n\n\n<li><strong>Stevo \u0110ura\u0161kovi\u0107<\/strong>\u00a0(Faculty of Political Sciences, University of Zagreb), author<\/li>\n\n\n\n<li><strong>Marko Zajc <\/strong>(Institute of Contemporary History, Ljubljana), author<\/li>\n<\/ul>\n\n\n\n<ul class=\"wp-block-list\">\n<li><strong>Tja\u0161a Konov\u0161ek <\/strong>(Institute of Contemporary History, Ljubljana), author<\/li>\n\n\n\n<li><strong>Adela H\u00eencu <\/strong>(Institute of Contemporary History, Ljubljana), moderator<\/li>\n<\/ul>\n\n\n\n<p>The discussion will examine the ways intellectuals have responded to political crises across the 20th century, and how the language of crisis has shaped East Central European history, with special attention to the Yugoslav experience.<\/p>\n\n\n\n<p>All interested colleagues, students, and the wider public are warmly invited to attend.<\/p>\n\n\n\n<figure class=\"wp-block-embed is-type-wp-embed is-provider-in-titut-za-novej-o-zgodovino wp-block-embed-in-titut-za-novej-o-zgodovino\"><div class=\"wp-block-embed__wrapper\">\n<blockquote class=\"wp-embedded-content\" data-secret=\"Og2HbOpci4\"><a href=\"https:\/\/inz.si\/en\/2025\/09\/08\/vabilo-na-predstavitev-knjig\/\">Book Launch Announcement<\/a><\/blockquote><iframe loading=\"lazy\" class=\"wp-embedded-content\" sandbox=\"allow-scripts\" security=\"restricted\" style=\"position: absolute; visibility: hidden;\" title=\"&#8220;Book Launch Announcement&#8221; &#8212; In\u0161titut za novej\u0161o zgodovino\" src=\"https:\/\/inz.si\/en\/2025\/09\/08\/vabilo-na-predstavitev-knjig\/embed\/#?secret=QixIMd4CE7#?secret=Og2HbOpci4\" data-secret=\"Og2HbOpci4\" width=\"600\" height=\"338\" frameborder=\"0\" marginwidth=\"0\" marginheight=\"0\" scrolling=\"no\"><\/iframe>\n<\/div><\/figure>\n\n\n\n<hr class=\"wp-block-separator has-alpha-channel-opacity\"\/>\n","protected":false},"excerpt":{"rendered":"","protected":false},"author":2,"featured_media":48452,"comment_status":"open","ping_status":"open","sticky":false,"template":"","format":"standard","meta":{"_acf_changed":false,"jetpack_post_was_ever_published":false,"_jetpack_newsletter_access":"","_jetpack_dont_email_post_to_subs":false,"_jetpack_newsletter_tier_id":0,"_jetpack_memberships_contains_paywalled_content":false,"_jetpack_memberships_contains_paid_content":false,"footnotes":"","jetpack_publicize_message":"","jetpack_publicize_feature_enabled":true,"jetpack_social_post_already_shared":true,"jetpack_social_options":{"image_generator_settings":{"template":"highway","default_image_id":0,"font":"","enabled":false},"version":2}},"categories":[3],"tags":[],"class_list":["post-48451","post","type-post","status-publish","format-standard","has-post-thumbnail","hentry","category-novosti"],"acf":{"facebook_opis":""},"jetpack_publicize_connections":[],"jetpack_featured_media_url":"https:\/\/i0.wp.com\/historiografija.hr\/wp-content\/uploads\/2025\/09\/Krise.jpg?fit=1536%2C2048&ssl=1","jetpack_sharing_enabled":true,"jetpack-related-posts":[],"_links":{"self":[{"href":"https:\/\/historiografija.hr\/index.php?rest_route=\/wp\/v2\/posts\/48451","targetHints":{"allow":["GET"]}}],"collection":[{"href":"https:\/\/historiografija.hr\/index.php?rest_route=\/wp\/v2\/posts"}],"about":[{"href":"https:\/\/historiografija.hr\/index.php?rest_route=\/wp\/v2\/types\/post"}],"author":[{"embeddable":true,"href":"https:\/\/historiografija.hr\/index.php?rest_route=\/wp\/v2\/users\/2"}],"replies":[{"embeddable":true,"href":"https:\/\/historiografija.hr\/index.php?rest_route=%2Fwp%2Fv2%2Fcomments&post=48451"}],"version-history":[{"count":1,"href":"https:\/\/historiografija.hr\/index.php?rest_route=\/wp\/v2\/posts\/48451\/revisions"}],"predecessor-version":[{"id":48453,"href":"https:\/\/historiografija.hr\/index.php?rest_route=\/wp\/v2\/posts\/48451\/revisions\/48453"}],"wp:featuredmedia":[{"embeddable":true,"href":"https:\/\/historiografija.hr\/index.php?rest_route=\/wp\/v2\/media\/48452"}],"wp:attachment":[{"href":"https:\/\/historiografija.hr\/index.php?rest_route=%2Fwp%2Fv2%2Fmedia&parent=48451"}],"wp:term":[{"taxonomy":"category","embeddable":true,"href":"https:\/\/historiografija.hr\/index.php?rest_route=%2Fwp%2Fv2%2Fcategories&post=48451"},{"taxonomy":"post_tag","embeddable":true,"href":"https:\/\/historiografija.hr\/index.php?rest_route=%2Fwp%2Fv2%2Ftags&post=48451"}],"curies":[{"name":"wp","href":"https:\/\/api.w.org\/{rel}","templated":true}]}}