{"id":48442,"date":"2025-09-24T15:59:51","date_gmt":"2025-09-24T15:59:51","guid":{"rendered":"https:\/\/historiografija.hr\/?p=48442"},"modified":"2025-09-24T16:04:49","modified_gmt":"2025-09-24T16:04:49","slug":"predstavljanje-zbornika-trebinjsko-mrkanska-biskupija","status":"publish","type":"post","link":"https:\/\/historiografija.hr\/?p=48442","title":{"rendered":"Predstavljanje zbornika \u201eTrebinjsko-mrkanska biskupija\u201c u Zagrebu"},"content":{"rendered":"\n<p>Predstavljanje zbornika\u00a0<strong>\u201eTrebinjsko-mrkanska biskupija\u201c<\/strong> odr\u017eat \u0107e se u\u00a0<strong>utorak, 30. rujna 2025. u 19 sati<\/strong> u sve\u010danoj dvorani\u00a0<strong>Hrvatskoga katoli\u010dkog sveu\u010dili\u0161ta u Zagrebu, Ilica 244<\/strong><strong>.<\/strong><\/p>\n\n\n\n<p>Zbornik je posve\u0107en tisu\u0107ljetnici prvoga pisanog spomena Trebinjsko\u2013mrkanske biskupije (1022.), najstarije biskupije u Bosni i Hercegovini. Izdanje okuplja radove koji povezuju povijesni uvid, demografiju, crkvenu i kulturnu ba\u0161tinu, s posebnim naglaskom na povezanost hrvatske zajednice u BiH s domovinom i dijasporom.<\/p>\n\n\n\n<p>Zbornik \u0107e predstaviti:<br>\u2013&nbsp;<strong>mons. dr. sc. Petar Pali\u0107<\/strong>&nbsp;(mostarsko-duvanjski biskup i apostolski upravitelj Trebinjsko\u2013mrkanske biskupije)<br>\u2013&nbsp;<strong>mons. dr. sc. \u017delimir Pulji\u0107<\/strong>&nbsp;(zadarski nadbiskup u miru)<br>\u2013&nbsp;<strong>prof. dr. sc. \u017deljko Tanji\u0107<\/strong>&nbsp;(rektor Hrvatskoga katoli\u010dkog sveu\u010dili\u0161ta)<br>\u2013&nbsp;<strong>izv. prof. dr. sc. Marinko Mari\u0107<\/strong>&nbsp;(urednik zbornika)<\/p>\n\n\n\n<p><strong>Moderatorica:<\/strong><strong>&nbsp;Ana Dageli\u0107, mag. phil. (Hrvatski radio)<br><\/strong><strong>Glazbeni program:<\/strong><strong>&nbsp;Marija Husar Rimac<\/strong><\/p>\n\n\n\n<hr class=\"wp-block-separator has-alpha-channel-opacity\"\/>\n\n\n\n<p>Op\u0161irnije o zborniku:<\/p>\n\n\n\n<p><a href=\"https:\/\/www.academia.edu\/107315171\/Zbornik_Trebinjsko_mrkanska_biskupija\">https:\/\/www.academia.edu\/107315171\/Zbornik_Trebinjsko_mrkanska_biskupija<\/a><\/p>\n\n\n\n<hr class=\"wp-block-separator has-alpha-channel-opacity\"\/>\n","protected":false},"excerpt":{"rendered":"","protected":false},"author":2,"featured_media":48443,"comment_status":"open","ping_status":"open","sticky":false,"template":"","format":"standard","meta":{"_acf_changed":false,"jetpack_post_was_ever_published":false,"_jetpack_newsletter_access":"","_jetpack_dont_email_post_to_subs":false,"_jetpack_newsletter_tier_id":0,"_jetpack_memberships_contains_paywalled_content":false,"_jetpack_memberships_contains_paid_content":false,"footnotes":"","jetpack_publicize_message":"","jetpack_publicize_feature_enabled":true,"jetpack_social_post_already_shared":true,"jetpack_social_options":{"image_generator_settings":{"template":"highway","default_image_id":0,"font":"","enabled":false},"version":2}},"categories":[3],"tags":[],"class_list":["post-48442","post","type-post","status-publish","format-standard","has-post-thumbnail","hentry","category-novosti"],"acf":{"facebook_opis":""},"jetpack_publicize_connections":[],"jetpack_featured_media_url":"https:\/\/i0.wp.com\/historiografija.hr\/wp-content\/uploads\/2025\/09\/Biskupija.png?fit=485%2C700&ssl=1","jetpack_sharing_enabled":true,"jetpack-related-posts":[],"_links":{"self":[{"href":"https:\/\/historiografija.hr\/index.php?rest_route=\/wp\/v2\/posts\/48442","targetHints":{"allow":["GET"]}}],"collection":[{"href":"https:\/\/historiografija.hr\/index.php?rest_route=\/wp\/v2\/posts"}],"about":[{"href":"https:\/\/historiografija.hr\/index.php?rest_route=\/wp\/v2\/types\/post"}],"author":[{"embeddable":true,"href":"https:\/\/historiografija.hr\/index.php?rest_route=\/wp\/v2\/users\/2"}],"replies":[{"embeddable":true,"href":"https:\/\/historiografija.hr\/index.php?rest_route=%2Fwp%2Fv2%2Fcomments&post=48442"}],"version-history":[{"count":3,"href":"https:\/\/historiografija.hr\/index.php?rest_route=\/wp\/v2\/posts\/48442\/revisions"}],"predecessor-version":[{"id":48450,"href":"https:\/\/historiografija.hr\/index.php?rest_route=\/wp\/v2\/posts\/48442\/revisions\/48450"}],"wp:featuredmedia":[{"embeddable":true,"href":"https:\/\/historiografija.hr\/index.php?rest_route=\/wp\/v2\/media\/48443"}],"wp:attachment":[{"href":"https:\/\/historiografija.hr\/index.php?rest_route=%2Fwp%2Fv2%2Fmedia&parent=48442"}],"wp:term":[{"taxonomy":"category","embeddable":true,"href":"https:\/\/historiografija.hr\/index.php?rest_route=%2Fwp%2Fv2%2Fcategories&post=48442"},{"taxonomy":"post_tag","embeddable":true,"href":"https:\/\/historiografija.hr\/index.php?rest_route=%2Fwp%2Fv2%2Ftags&post=48442"}],"curies":[{"name":"wp","href":"https:\/\/api.w.org\/{rel}","templated":true}]}}