{"id":48437,"date":"2025-09-23T21:09:09","date_gmt":"2025-09-23T21:09:09","guid":{"rendered":"https:\/\/historiografija.hr\/?p=48437"},"modified":"2025-09-23T21:09:09","modified_gmt":"2025-09-23T21:09:09","slug":"predstavljanje-projekta-i-baze-podataka-istraj19","status":"publish","type":"post","link":"https:\/\/historiografija.hr\/?p=48437","title":{"rendered":"Predstavljanje projekta i baze podataka &#8211; IsTraJ19"},"content":{"rendered":"\n<p>Odjel za povijest Sveu\u010dili\u0161ta u Zadru poziva vas da u petak, 26. rujna 2025., s po\u010detkom u 12 sati, u velikoj dvorani Odjela za povijest, zgrada DHM (R. Bo\u0161kovi\u0107a 5) prisustvujete predstavljanju rezultata dvogodi\u0161njeg projekta \u201eIsto\u010dnojadranska trgovina na jedrenjacima u 19. stolje\u0107u \u2013 vrhunac i pad\u201c (IsTraJ19), voditelja izv. prof. dr. sc. Matea Bratani\u0107a.<\/p>\n\n\n\n<p>Projekt IsTraJ19 usredoto\u010duje se na presudno razdoblje u povijesti pomorstva isto\u010dnog Jadrana, prijelomni period za kojeg se doga\u0111a tranzicija s jedrenja\u0161tva na parobrodarstvo. Tako\u0111er, projekt je u fokus svog istra\u017eivanja postavio i tehnolo\u0161ke, gospodarske, dru\u0161tvene, politi\u010dke te psiholo\u0161ke perspektive i implikacije ove presudne promjene. \u017delja voditelja i sudionika jest da \u0107e rezultati projekta IsTraJ19 uklju\u010divati ne samo znanstvene radove te publikacije, ve\u0107 i formirati istra\u017eiva\u010dki prostor za druge znanstvenike i budu\u0107a istra\u017eivanja.<\/p>\n\n\n\n<p>U prvom planu doga\u0111anja je predstavljanje baze podataka trgova\u010dkih jedrenjaka, brodovlasnika i kapetana Habsbur\u0161ke Monarhije (kasnije Austro-Ugarske Monarhije) u razdoblju od 1847. do kraja Prvog svjetskog rata, u kriti\u010dnom vremenu vrhunca, ali i propasti jedrenjaka u globalnoj pomorskoj trgovini. U nastavku, \u010dlanovi projekta \u0107e ukratko predstaviti rezultate svojih istra\u017eivanja.&nbsp;<\/p>\n\n\n\n<p>Veselimo se Va\u0161em dolasku!<\/p>\n\n\n\n<hr class=\"wp-block-separator has-alpha-channel-opacity\"\/>\n\n\n\n<p>Izvor:<\/p>\n\n\n\n<p><a href=\"https:\/\/povijest.unizd.hr\/obavijesti\/view\/predstavljanje-projekta-i-baze-podataka-istraj19\">https:\/\/povijest.unizd.hr\/obavijesti\/view\/predstavljanje-projekta-i-baze-podataka-istraj19<\/a><\/p>\n\n\n\n<hr class=\"wp-block-separator has-alpha-channel-opacity\"\/>\n","protected":false},"excerpt":{"rendered":"","protected":false},"author":2,"featured_media":48438,"comment_status":"open","ping_status":"open","sticky":false,"template":"","format":"standard","meta":{"_acf_changed":false,"jetpack_post_was_ever_published":false,"_jetpack_newsletter_access":"","_jetpack_dont_email_post_to_subs":false,"_jetpack_newsletter_tier_id":0,"_jetpack_memberships_contains_paywalled_content":false,"_jetpack_memberships_contains_paid_content":false,"footnotes":"","jetpack_publicize_message":"","jetpack_publicize_feature_enabled":true,"jetpack_social_post_already_shared":true,"jetpack_social_options":{"image_generator_settings":{"template":"highway","default_image_id":0,"font":"","enabled":false},"version":2}},"categories":[3],"tags":[],"class_list":["post-48437","post","type-post","status-publish","format-standard","has-post-thumbnail","hentry","category-novosti"],"acf":{"facebook_opis":""},"jetpack_publicize_connections":[],"jetpack_featured_media_url":"https:\/\/i0.wp.com\/historiografija.hr\/wp-content\/uploads\/2025\/09\/Obavijesti_projekt.png?fit=1920%2C888&ssl=1","jetpack_sharing_enabled":true,"jetpack-related-posts":[],"_links":{"self":[{"href":"https:\/\/historiografija.hr\/index.php?rest_route=\/wp\/v2\/posts\/48437","targetHints":{"allow":["GET"]}}],"collection":[{"href":"https:\/\/historiografija.hr\/index.php?rest_route=\/wp\/v2\/posts"}],"about":[{"href":"https:\/\/historiografija.hr\/index.php?rest_route=\/wp\/v2\/types\/post"}],"author":[{"embeddable":true,"href":"https:\/\/historiografija.hr\/index.php?rest_route=\/wp\/v2\/users\/2"}],"replies":[{"embeddable":true,"href":"https:\/\/historiografija.hr\/index.php?rest_route=%2Fwp%2Fv2%2Fcomments&post=48437"}],"version-history":[{"count":1,"href":"https:\/\/historiografija.hr\/index.php?rest_route=\/wp\/v2\/posts\/48437\/revisions"}],"predecessor-version":[{"id":48439,"href":"https:\/\/historiografija.hr\/index.php?rest_route=\/wp\/v2\/posts\/48437\/revisions\/48439"}],"wp:featuredmedia":[{"embeddable":true,"href":"https:\/\/historiografija.hr\/index.php?rest_route=\/wp\/v2\/media\/48438"}],"wp:attachment":[{"href":"https:\/\/historiografija.hr\/index.php?rest_route=%2Fwp%2Fv2%2Fmedia&parent=48437"}],"wp:term":[{"taxonomy":"category","embeddable":true,"href":"https:\/\/historiografija.hr\/index.php?rest_route=%2Fwp%2Fv2%2Fcategories&post=48437"},{"taxonomy":"post_tag","embeddable":true,"href":"https:\/\/historiografija.hr\/index.php?rest_route=%2Fwp%2Fv2%2Ftags&post=48437"}],"curies":[{"name":"wp","href":"https:\/\/api.w.org\/{rel}","templated":true}]}}