{"id":48419,"date":"2025-09-22T21:57:49","date_gmt":"2025-09-22T21:57:49","guid":{"rendered":"https:\/\/historiografija.hr\/?p=48419"},"modified":"2025-09-22T21:57:49","modified_gmt":"2025-09-22T21:57:49","slug":"europske-kulture-sjecanja-hrvatska-u-fokusu","status":"publish","type":"post","link":"https:\/\/historiografija.hr\/?p=48419","title":{"rendered":"EUROPSKE KULTURE SJE\u0106ANJA: HRVATSKA U FOKUSU"},"content":{"rendered":"\n<p>Drugo izdanje seminara u sklopu serije &#8220;Europske kulture sje\u0107anja&#8221; odr\u017eano je od 6. do 12. rujna 2025. u Hrvatskoj, uz sudjelovanje 22 sudionika iz 12&nbsp;europskih zemalja. Tijekom seminara sudionici su posjetili Institut dru\u0161tvenih znanosti Ivo Pilar, Romski memorijalni centar u U\u0161tici, Spomen-podru\u010dje Jasenovac, Muzej Domovinskog rata Karlovac-Turanj, Povijesni i pomorski muzej Istre, SENSE &#8211; Centar za tranzicijsku pravdu te Memorijalni centar Lipa pamti.&nbsp;Tragom projektne ideje, seminar je omogu\u0107io ne samo uvid u glavne teme hrvatske kulture sje\u0107anja, ve\u0107 i uvid u javne prijepore i kontroverze u tom podru\u010dju.&nbsp;<\/p>\n\n\n\n<p>Projekt \u201cEuropske kulture sje\u0107anja\u201d osmislili su Markus Rebitschek (EJBW, Weimar) i Boris Stameni\u0107 (Retrovizor, Zagreb). Projekt se provodi uz financijsku podr\u0161ku Europske unije i Savezne Republike Njema\u010dke.&nbsp;Niz od \u0161est planiranih seminara, zapo\u010det u Njema\u010dkoj u o\u017eujku 2025., nastavlja se u o\u017eujku 2026. u \u010ce\u0161koj. Poziv za prijavu na sljede\u0107i seminar u sklopu projekta \u201cEuropske kulture sje\u0107anja\u201d, bit \u0107e objavljen u studenom na mre\u017enim stranicama udruge Retrovizor.<\/p>\n\n\n\n<p>Vi\u0161e informacija&nbsp;o odr\u017eanom seminaru prona\u0111ite u izvje\u0161taju:<\/p>\n\n\n\n<ul class=\"wp-block-list\">\n<li>HRVATSKI:\u00a0<a href=\"https:\/\/retrovizor.hr\/europske-kulture-sjecanja-hrvatska-u-fokusu\/\" target=\"_blank\" rel=\"noreferrer noopener\">https:\/\/retrovizor.hr\/europske-kulture-sjecanja-hrvatska-u-fokusu\/<\/a><\/li>\n\n\n\n<li>ENGLISH: <a href=\"https:\/\/retrovizor.hr\/european-cultures-of-remembrance-croatia-in-focus\/\" target=\"_blank\" rel=\"noreferrer noopener\">https:\/\/retrovizor.hr\/european-cultures-of-remembrance-croatia-in-focus\/<\/a><\/li>\n\n\n\n<li>DEUTSCH: <a href=\"https:\/\/retrovizor.hr\/europaische-erinnerungskulturen-kroatien-im-fokus\/\" target=\"_blank\" rel=\"noreferrer noopener\">https:\/\/retrovizor.hr\/europaische-erinnerungskulturen-kroatien-im-fokus\/<\/a><\/li>\n<\/ul>\n\n\n\n<hr class=\"wp-block-separator has-alpha-channel-opacity\"\/>\n\n\n\n<p>Prethodne obavijesti na portalu Historiografija.hr:<\/p>\n\n\n\n<figure class=\"wp-block-embed is-type-wp-embed is-provider-historiografija-hr wp-block-embed-historiografija-hr\"><div class=\"wp-block-embed__wrapper\">\n<blockquote class=\"wp-embedded-content\" data-secret=\"7n76QdoPWS\"><a href=\"https:\/\/historiografija.hr\/?p=45671\">Europske kulture sje\u0107anja: Njema\u010dka u fokusu<\/a><\/blockquote><iframe loading=\"lazy\" class=\"wp-embedded-content\" sandbox=\"allow-scripts\" security=\"restricted\" style=\"position: absolute; visibility: hidden;\" title=\"&#8220;Europske kulture sje\u0107anja: Njema\u010dka u fokusu&#8221; &#8212; Historiografija.hr\" src=\"https:\/\/historiografija.hr\/?p=45671&#038;embed=true#?secret=YWzZCtQPel#?secret=7n76QdoPWS\" data-secret=\"7n76QdoPWS\" width=\"600\" height=\"338\" frameborder=\"0\" marginwidth=\"0\" marginheight=\"0\" scrolling=\"no\"><\/iframe>\n<\/div><\/figure>\n\n\n\n<hr class=\"wp-block-separator has-alpha-channel-opacity\"\/>\n","protected":false},"excerpt":{"rendered":"","protected":false},"author":2,"featured_media":48420,"comment_status":"open","ping_status":"open","sticky":false,"template":"","format":"standard","meta":{"_acf_changed":false,"jetpack_post_was_ever_published":false,"_jetpack_newsletter_access":"","_jetpack_dont_email_post_to_subs":false,"_jetpack_newsletter_tier_id":0,"_jetpack_memberships_contains_paywalled_content":false,"_jetpack_memberships_contains_paid_content":false,"footnotes":"","jetpack_publicize_message":"","jetpack_publicize_feature_enabled":true,"jetpack_social_post_already_shared":true,"jetpack_social_options":{"image_generator_settings":{"template":"highway","default_image_id":0,"font":"","enabled":false},"version":2}},"categories":[3],"tags":[],"class_list":["post-48419","post","type-post","status-publish","format-standard","has-post-thumbnail","hentry","category-novosti"],"acf":{"facebook_opis":""},"jetpack_publicize_connections":[],"jetpack_featured_media_url":"https:\/\/i0.wp.com\/historiografija.hr\/wp-content\/uploads\/2025\/09\/Lipa_pamti-scaled.jpg?fit=2560%2C1265&ssl=1","jetpack_sharing_enabled":true,"jetpack-related-posts":[],"_links":{"self":[{"href":"https:\/\/historiografija.hr\/index.php?rest_route=\/wp\/v2\/posts\/48419","targetHints":{"allow":["GET"]}}],"collection":[{"href":"https:\/\/historiografija.hr\/index.php?rest_route=\/wp\/v2\/posts"}],"about":[{"href":"https:\/\/historiografija.hr\/index.php?rest_route=\/wp\/v2\/types\/post"}],"author":[{"embeddable":true,"href":"https:\/\/historiografija.hr\/index.php?rest_route=\/wp\/v2\/users\/2"}],"replies":[{"embeddable":true,"href":"https:\/\/historiografija.hr\/index.php?rest_route=%2Fwp%2Fv2%2Fcomments&post=48419"}],"version-history":[{"count":1,"href":"https:\/\/historiografija.hr\/index.php?rest_route=\/wp\/v2\/posts\/48419\/revisions"}],"predecessor-version":[{"id":48421,"href":"https:\/\/historiografija.hr\/index.php?rest_route=\/wp\/v2\/posts\/48419\/revisions\/48421"}],"wp:featuredmedia":[{"embeddable":true,"href":"https:\/\/historiografija.hr\/index.php?rest_route=\/wp\/v2\/media\/48420"}],"wp:attachment":[{"href":"https:\/\/historiografija.hr\/index.php?rest_route=%2Fwp%2Fv2%2Fmedia&parent=48419"}],"wp:term":[{"taxonomy":"category","embeddable":true,"href":"https:\/\/historiografija.hr\/index.php?rest_route=%2Fwp%2Fv2%2Fcategories&post=48419"},{"taxonomy":"post_tag","embeddable":true,"href":"https:\/\/historiografija.hr\/index.php?rest_route=%2Fwp%2Fv2%2Ftags&post=48419"}],"curies":[{"name":"wp","href":"https:\/\/api.w.org\/{rel}","templated":true}]}}