{"id":48400,"date":"2025-09-19T22:10:39","date_gmt":"2025-09-19T22:10:39","guid":{"rendered":"https:\/\/historiografija.hr\/?p=48400"},"modified":"2025-09-19T22:10:39","modified_gmt":"2025-09-19T22:10:39","slug":"medunarodni-znanstveni-skup-historical-re-interpretations-of-1945-in-the-former-european-socialist-countries","status":"publish","type":"post","link":"https:\/\/historiografija.hr\/?p=48400","title":{"rendered":"Me\u0111unarodni znanstveni skup \u201cHistorical (Re-)interpretations of 1945 in the Former European Socialist Countries\u201d"},"content":{"rendered":"\n<p>U organizaciji vi\u0161e doma\u0107ih i stranih partnerskih znanstvenih institucija, me\u0111unarodna znanstvena konferencija \u201cHistorical (Re-)interpretations of 1945 in the Former European Socialist Countries\u201d odr\u017eat \u0107e se 25. rujna 2025. u Multimedijalnoj dvorani Instituta Pilar, Zagreb, Maruli\u0107ev trg 19.<\/p>\n\n\n\n<p><a href=\"https:\/\/www.pilar.hr\/wp-content\/uploads\/2025\/09\/Poster_Zagreb_1945.pdf\">Poster<\/a> | <a href=\"https:\/\/www.pilar.hr\/wp-content\/uploads\/2025\/09\/Program-Zagreb-1945-web.pdf\">Program<\/a><\/p>\n\n\n\n<hr class=\"wp-block-separator has-alpha-channel-opacity\"\/>\n\n\n\n<p>Izvori i dodatne obavijesti:<\/p>\n\n\n\n<figure class=\"wp-block-embed is-type-wp-embed is-provider-institut-dru-tvenih-znanosti-ivo-pilar wp-block-embed-institut-dru-tvenih-znanosti-ivo-pilar\"><div class=\"wp-block-embed__wrapper\">\n<blockquote class=\"wp-embedded-content\" data-secret=\"WTvX5FiXSi\"><a href=\"https:\/\/www.pilar.hr\/2025\/09\/najava-konferencije-historical-re-interpretations-of-1945-in-the-former-european-socialist-countries-zagreb-25-9-2025\/\">Najava konferencije &#8220;Historical (Re-)interpretations of 1945 in the Former European Socialist Countries&#8221;; Zagreb, 25. 9. 2025.<\/a><\/blockquote><iframe loading=\"lazy\" class=\"wp-embedded-content\" sandbox=\"allow-scripts\" security=\"restricted\" style=\"position: absolute; visibility: hidden;\" title=\"&#8220;Najava konferencije &#8220;Historical (Re-)interpretations of 1945 in the Former European Socialist Countries&#8221;; Zagreb, 25. 9. 2025.&#8221; &#8212; Institut dru\u0161tvenih znanosti Ivo Pilar\" src=\"https:\/\/www.pilar.hr\/2025\/09\/najava-konferencije-historical-re-interpretations-of-1945-in-the-former-european-socialist-countries-zagreb-25-9-2025\/embed\/#?secret=ss7QpVQvHj#?secret=WTvX5FiXSi\" data-secret=\"WTvX5FiXSi\" width=\"600\" height=\"338\" frameborder=\"0\" marginwidth=\"0\" marginheight=\"0\" scrolling=\"no\"><\/iframe>\n<\/div><\/figure>\n\n\n\n<figure class=\"wp-block-embed is-type-wp-embed is-provider-hipzg wp-block-embed-hipzg\"><div class=\"wp-block-embed__wrapper\">\n<blockquote class=\"wp-embedded-content\" data-secret=\"PCqbCjW6hI\"><a href=\"https:\/\/www.hipzg.hr\/25-rujna-2025-medunarodni-znanstveni-skup-historical-re-interpretations-of-1945-in-the-former-european-socialist-countries\/\">25. rujna 2025. Me\u0111unarodni znanstveni skup &#8220;Historical (Re-)interpretations of 1945 in the Former European Socialist Countries&#8221;<\/a><\/blockquote><iframe loading=\"lazy\" class=\"wp-embedded-content\" sandbox=\"allow-scripts\" security=\"restricted\" style=\"position: absolute; visibility: hidden;\" title=\"&#8220;25. rujna 2025. Me\u0111unarodni znanstveni skup &#8220;Historical (Re-)interpretations of 1945 in the Former European Socialist Countries&#8221;&#8221; &#8212; HIPZG\" src=\"https:\/\/www.hipzg.hr\/25-rujna-2025-medunarodni-znanstveni-skup-historical-re-interpretations-of-1945-in-the-former-european-socialist-countries\/embed\/#?secret=DanuYm6Wx1#?secret=PCqbCjW6hI\" data-secret=\"PCqbCjW6hI\" width=\"600\" height=\"338\" frameborder=\"0\" marginwidth=\"0\" marginheight=\"0\" scrolling=\"no\"><\/iframe>\n<\/div><\/figure>\n\n\n\n<p><a href=\"https:\/\/www.hiu.cas.cz\/en\/events\/historical-re-interpretations-of-1945-in-the-former-european-socialist-countries\">https:\/\/www.hiu.cas.cz\/en\/events\/historical-re-interpretations-of-1945-in-the-former-european-socialist-countries<\/a><\/p>\n\n\n\n<p><a href=\"https:\/\/www.hsozkult.de\/event\/id\/event-157083\">https:\/\/www.hsozkult.de\/event\/id\/event-157083<\/a><\/p>\n\n\n\n<p><a href=\"http:\/\/zgodovina.si\/mednarodna-konferenca-historical-re-interpretations-of-1945-in-the-former-european-socialist-countries\/https:\/\/historiografija.ba\/historija-u-javnosti\/naucne-manifestacije\/historijske-reinterpretacije-1945-u-bivsim-evropskim-socijalistickim-zemljama\">http:\/\/zgodovina.si\/mednarodna-konferenca-historical-re-interpretations-of-1945-in-the-former-european-socialist-countries\/<\/a><\/p>\n\n\n\n<p><a href=\"http:\/\/zgodovina.si\/mednarodna-konferenca-historical-re-interpretations-of-1945-in-the-former-european-socialist-countries\/https:\/\/historiografija.ba\/historija-u-javnosti\/naucne-manifestacije\/historijske-reinterpretacije-1945-u-bivsim-evropskim-socijalistickim-zemljama\">https:\/\/historiografija.ba\/historija-u-javnosti\/naucne-manifestacije\/historijske-reinterpretacije-1945-u-bivsim-evropskim-socijalistickim-zemljama<\/a><\/p>\n\n\n\n<hr class=\"wp-block-separator has-alpha-channel-opacity\"\/>\n","protected":false},"excerpt":{"rendered":"","protected":false},"author":2,"featured_media":48401,"comment_status":"open","ping_status":"open","sticky":false,"template":"","format":"standard","meta":{"_acf_changed":false,"jetpack_post_was_ever_published":false,"_jetpack_newsletter_access":"","_jetpack_dont_email_post_to_subs":false,"_jetpack_newsletter_tier_id":0,"_jetpack_memberships_contains_paywalled_content":false,"_jetpack_memberships_contains_paid_content":false,"footnotes":"","jetpack_publicize_message":"","jetpack_publicize_feature_enabled":true,"jetpack_social_post_already_shared":true,"jetpack_social_options":{"image_generator_settings":{"template":"highway","default_image_id":0,"font":"","enabled":false},"version":2}},"categories":[3,9],"tags":[],"class_list":["post-48400","post","type-post","status-publish","format-standard","has-post-thumbnail","hentry","category-novosti","category-skupovi"],"acf":{"facebook_opis":""},"jetpack_publicize_connections":[],"jetpack_featured_media_url":"https:\/\/i0.wp.com\/historiografija.hr\/wp-content\/uploads\/2025\/09\/1945.jpg?fit=620%2C855&ssl=1","jetpack_sharing_enabled":true,"jetpack-related-posts":[],"_links":{"self":[{"href":"https:\/\/historiografija.hr\/index.php?rest_route=\/wp\/v2\/posts\/48400","targetHints":{"allow":["GET"]}}],"collection":[{"href":"https:\/\/historiografija.hr\/index.php?rest_route=\/wp\/v2\/posts"}],"about":[{"href":"https:\/\/historiografija.hr\/index.php?rest_route=\/wp\/v2\/types\/post"}],"author":[{"embeddable":true,"href":"https:\/\/historiografija.hr\/index.php?rest_route=\/wp\/v2\/users\/2"}],"replies":[{"embeddable":true,"href":"https:\/\/historiografija.hr\/index.php?rest_route=%2Fwp%2Fv2%2Fcomments&post=48400"}],"version-history":[{"count":1,"href":"https:\/\/historiografija.hr\/index.php?rest_route=\/wp\/v2\/posts\/48400\/revisions"}],"predecessor-version":[{"id":48402,"href":"https:\/\/historiografija.hr\/index.php?rest_route=\/wp\/v2\/posts\/48400\/revisions\/48402"}],"wp:featuredmedia":[{"embeddable":true,"href":"https:\/\/historiografija.hr\/index.php?rest_route=\/wp\/v2\/media\/48401"}],"wp:attachment":[{"href":"https:\/\/historiografija.hr\/index.php?rest_route=%2Fwp%2Fv2%2Fmedia&parent=48400"}],"wp:term":[{"taxonomy":"category","embeddable":true,"href":"https:\/\/historiografija.hr\/index.php?rest_route=%2Fwp%2Fv2%2Fcategories&post=48400"},{"taxonomy":"post_tag","embeddable":true,"href":"https:\/\/historiografija.hr\/index.php?rest_route=%2Fwp%2Fv2%2Ftags&post=48400"}],"curies":[{"name":"wp","href":"https:\/\/api.w.org\/{rel}","templated":true}]}}