{"id":48389,"date":"2025-09-19T21:29:51","date_gmt":"2025-09-19T21:29:51","guid":{"rendered":"https:\/\/historiografija.hr\/?p=48389"},"modified":"2025-09-19T21:29:51","modified_gmt":"2025-09-19T21:29:51","slug":"predavanje-ivane-kuhar-svijet-profesionalnosti-i-prijateljstva-hergesica-i-zagorke","status":"publish","type":"post","link":"https:\/\/historiografija.hr\/?p=48389","title":{"rendered":"Predavanje Ivane Kuhar: \u201eSvijet profesionalnosti i prijateljstva Herge\u0161i\u0107a i Zagorke\u201c"},"content":{"rendered":"\n<p>Memorijalni stan Marije Juri\u0107 Zagorke poziva vas na <strong>predavanje Ivane Kuhar \u201eSvijet profesionalnosti i prijateljstva Herge\u0161i\u0107a i Zagorke\u201c<\/strong> koje \u0107e se odr\u017eati <strong>u utorak, 23. rujna 2025. s po\u010detkom u 18 h<\/strong> u sklopu <strong>Ciklusa predavanja u Memorijalnom stanu Marije Juri\u0107 Zagorke.<\/strong><\/p>\n\n\n\n<p>Prije Stanka Lasi\u0107a i njegove monografije \u201cKnji\u017eevni po\u010deci Marije Juri\u0107 Zagorke\u201d bio je Ivo Herge\u0161i\u0107. Prvi koji je za potrebe Zagorkinih Sabranih djela u izdanju \u201cStvarnosti\u201d 1963. napisao predgovor s detaljnim prikazom njenog novinarskog i knji\u017eevnog rada posebno nazna\u010div\u0161i izazove s kojima se u tom radu susretala. On i Zagorka bili su kolege u \u010dasopisu \u201cObzor\u201d i nakon njenog odlaska iz novina nastavili su se susretati na kazali\u0161nim daskama, ona u ulozi dramaturginje vlastitih djela, a on kao njihov kazali\u0161ni kriti\u010dar. Nakon njezine smrti u svom javnom djelovanju nastojao je njoj i njezinom knji\u017eevnom i novinarskom radu dati zaslu\u017eeni dignitet, a ako \u017eelite \u010duti kako, navratite na predavanje \u201cSvijet profesionalnosti i prijateljstva Herge\u0161i\u0107a i Zagorke\u201d.<\/p>\n\n\n\n<p>Veselimo se Va\u0161em dolasku!<\/p>\n\n\n\n<p>Program financijski podupire Grad Zagreb.<\/p>\n\n\n\n<hr class=\"wp-block-separator has-alpha-channel-opacity\"\/>\n\n\n\n<p>Izvor:<\/p>\n\n\n\n<figure class=\"wp-block-embed is-type-wp-embed is-provider-memorijalni-stan-marije-juri-zagorke wp-block-embed-memorijalni-stan-marije-juri-zagorke\"><div class=\"wp-block-embed__wrapper\">\n<blockquote class=\"wp-embedded-content\" data-secret=\"MdOkedVZjS\"><a href=\"https:\/\/zagorka.net\/predavanje-ivane-kuhar-svijet-profesionalnosti-i-prijateljstva-hergesica-i-zagorke\/\">Predavanje Ivane Kuhar: \u201eSvijet profesionalnosti i prijateljstva  Herge\u0161i\u0107a i Zagorke\u201c<\/a><\/blockquote><iframe loading=\"lazy\" class=\"wp-embedded-content\" sandbox=\"allow-scripts\" security=\"restricted\" style=\"position: absolute; visibility: hidden;\" title=\"&#8220;Predavanje Ivane Kuhar: \u201eSvijet profesionalnosti i prijateljstva  Herge\u0161i\u0107a i Zagorke\u201c&#8221; &#8212; Memorijalni stan Marije Juri\u0107 Zagorke\" src=\"https:\/\/zagorka.net\/predavanje-ivane-kuhar-svijet-profesionalnosti-i-prijateljstva-hergesica-i-zagorke\/embed\/#?secret=MdOkedVZjS\" data-secret=\"MdOkedVZjS\" width=\"600\" height=\"338\" frameborder=\"0\" marginwidth=\"0\" marginheight=\"0\" scrolling=\"no\"><\/iframe>\n<\/div><\/figure>\n\n\n\n<hr class=\"wp-block-separator has-alpha-channel-opacity\"\/>\n","protected":false},"excerpt":{"rendered":"","protected":false},"author":2,"featured_media":43115,"comment_status":"open","ping_status":"open","sticky":false,"template":"","format":"standard","meta":{"_acf_changed":false,"jetpack_post_was_ever_published":false,"_jetpack_newsletter_access":"","_jetpack_dont_email_post_to_subs":false,"_jetpack_newsletter_tier_id":0,"_jetpack_memberships_contains_paywalled_content":false,"_jetpack_memberships_contains_paid_content":false,"footnotes":"","jetpack_publicize_message":"","jetpack_publicize_feature_enabled":true,"jetpack_social_post_already_shared":true,"jetpack_social_options":{"image_generator_settings":{"template":"highway","default_image_id":0,"font":"","enabled":false},"version":2}},"categories":[3],"tags":[],"class_list":["post-48389","post","type-post","status-publish","format-standard","has-post-thumbnail","hentry","category-novosti"],"acf":{"facebook_opis":""},"jetpack_publicize_connections":[],"jetpack_featured_media_url":"https:\/\/i0.wp.com\/historiografija.hr\/wp-content\/uploads\/2024\/11\/Zagorka_ciklus.jpg?fit=1410%2C1182&ssl=1","jetpack_sharing_enabled":true,"jetpack-related-posts":[],"_links":{"self":[{"href":"https:\/\/historiografija.hr\/index.php?rest_route=\/wp\/v2\/posts\/48389","targetHints":{"allow":["GET"]}}],"collection":[{"href":"https:\/\/historiografija.hr\/index.php?rest_route=\/wp\/v2\/posts"}],"about":[{"href":"https:\/\/historiografija.hr\/index.php?rest_route=\/wp\/v2\/types\/post"}],"author":[{"embeddable":true,"href":"https:\/\/historiografija.hr\/index.php?rest_route=\/wp\/v2\/users\/2"}],"replies":[{"embeddable":true,"href":"https:\/\/historiografija.hr\/index.php?rest_route=%2Fwp%2Fv2%2Fcomments&post=48389"}],"version-history":[{"count":1,"href":"https:\/\/historiografija.hr\/index.php?rest_route=\/wp\/v2\/posts\/48389\/revisions"}],"predecessor-version":[{"id":48390,"href":"https:\/\/historiografija.hr\/index.php?rest_route=\/wp\/v2\/posts\/48389\/revisions\/48390"}],"wp:featuredmedia":[{"embeddable":true,"href":"https:\/\/historiografija.hr\/index.php?rest_route=\/wp\/v2\/media\/43115"}],"wp:attachment":[{"href":"https:\/\/historiografija.hr\/index.php?rest_route=%2Fwp%2Fv2%2Fmedia&parent=48389"}],"wp:term":[{"taxonomy":"category","embeddable":true,"href":"https:\/\/historiografija.hr\/index.php?rest_route=%2Fwp%2Fv2%2Fcategories&post=48389"},{"taxonomy":"post_tag","embeddable":true,"href":"https:\/\/historiografija.hr\/index.php?rest_route=%2Fwp%2Fv2%2Ftags&post=48389"}],"curies":[{"name":"wp","href":"https:\/\/api.w.org\/{rel}","templated":true}]}}