{"id":48375,"date":"2025-09-18T22:06:24","date_gmt":"2025-09-18T22:06:24","guid":{"rendered":"https:\/\/historiografija.hr\/?p=48375"},"modified":"2025-09-18T22:08:24","modified_gmt":"2025-09-18T22:08:24","slug":"znanstveni-simpozij-od-biograd-do-cokovca-900-godina-od-rusenja-benediktinske-kraljevske-opatije-1125-2025","status":"publish","type":"post","link":"https:\/\/historiografija.hr\/?p=48375","title":{"rendered":"Znanstveni simpozij &#8220;Od Biograd do \u0106okovca: 900 godina od ru\u0161enja benediktinske kraljevske opatije (1125-2025.)&#8221;"},"content":{"rendered":"\n<p>Znanstveni simpozij u organizaciji Benediktinskog samostana \u0106okovac, Odsjeka za povijest Filozofskog fakulteta Sveu\u010dili\u0161ta u Zagrebu i Dru\u0161tva za povjesnicu Zadarske nadbiskupije \u2013 Zmajevi\u0107.<\/p>\n\n\n\n<hr class=\"wp-block-separator has-alpha-channel-opacity\"\/>\n\n\n\n<p><strong>Program simpozija<\/strong><\/p>\n\n\n\n<p>26. RUJNA 2025.<\/p>\n\n\n\n<p>BIOGRAD NA MORU, GRADSKA VIJE\u0106NICA<\/p>\n\n\n\n<p>10:00-10:20<\/p>\n\n\n\n<p><strong>Otvaranje simpozija: uvodne rije\u010di<\/strong><\/p>\n\n\n\n<p>o. Jeronim Adam Marin, osb<\/p>\n\n\n\n<p>Trpimir Vedri\u0161<\/p>\n\n\n\n<p>10:20-12:00<\/p>\n\n\n\n<p><strong>Sesija I: Biogradski samostani: nove spoznaje<\/strong><\/p>\n\n\n\n<p>(predsjeda Trpimir Vedri\u0161)<\/p>\n\n\n\n<p>10:20 Mladen An\u010di\u0107 (Sveu\u010dili\u0161te u Zadru)<\/p>\n\n\n\n<p><em>Biogradski samostan sv. Ivana kao <\/em>monasterium regale<\/p>\n\n\n\n<p>10:45 Ana Jordan Kne\u017eevi\u0107 (Stalna izlo\u017eba crkvene umjetnosti, Zadar)<\/p>\n\n\n\n<p><em>Nova ubikacija biogradskih samostana<\/em><\/p>\n\n\n\n<p>11:10 Ivan Josipovi\u0107 (Sveu\u010dili\u0161te u Zadru)<\/p>\n\n\n\n<p><em>Predromani\u010dka i <\/em><em>romani\u010dka c<\/em><em>rkvena plastika iz Biograda<\/em><\/p>\n\n\n\n<p><em>-rasprava-<\/em><\/p>\n\n\n\n<p>12:00-13:00<\/p>\n\n\n\n<p><strong>Vo\u0111ena \u0161etnja Biogradom uz razgledavanje lokaliteta od interesa<\/strong><\/p>\n\n\n\n<p>13:00-14:30<\/p>\n\n\n\n<p><strong>Restoran Marina Kornati: Ru\u010dak za izlaga\u010de i organizatore<\/strong><\/p>\n\n\n\n<p>15:00-16:30<\/p>\n\n\n\n<p><strong>Sesija II: Institucije: Rogovska opatija u kontekstu<\/strong><\/p>\n\n\n\n<p>(predsjeda Bartol Mihael Beban, osb)<\/p>\n\n\n\n<p>15:00 Ivan Majnari\u0107 (Hrvatsko katoli\u010dko sveu\u010dili\u0161te) \u2013 Maja Hu\u010di\u0107 (Hrvatski institut za povijest)<\/p>\n\n\n\n<p><em>Rogovska opatija u svjetlu crkvene i redovni\u010dke obnove 11. stolje\u0107a<\/em><\/p>\n\n\n\n<p>15:25 Zrinka Nikoli\u0107 Jakus (Filozofski fakultet Sveu\u010dili\u0161ta u Zagrebu)<\/p>\n\n\n\n<p><em>\u017denski benediktinski samostani 11. st. u komparativnoj perspektivi<\/em><\/p>\n\n\n\n<p>15:50 Ana \u010cizmi\u0107 Grbi\u0107 (Muzi\u010dka akademija Sveu\u010dili\u0161ta u Zagrebu)<\/p>\n\n\n\n<p><em>Benediktinci, liturgija i glazba u srednjovjekovnoj Dalmaciji \u2013 tragom izgubljenih izvora 11. i 12. stolje\u0107a<\/em><\/p>\n\n\n\n<p><em>-rasprava-<\/em><\/p>\n\n\n\n<p>16:30 Luka Kuhar \u2013 Marija Kuhar (Kulust Savjetovanje, Zagreb): Predstavljanje web-stranice <em>Iubilaeum Rogovense<\/em>&nbsp;<\/p>\n\n\n\n<p>17:00-18:30<\/p>\n\n\n\n<p><strong>Organizirani posjet lokalitetu Rogovo s crkvom sv. Roka<\/strong><\/p>\n\n\n\n<p>27. RUJNA 2025.<\/p>\n\n\n\n<p>TKON, INTERPRETACIJSKI CENTAR POMORSKE BA\u0160TINE<\/p>\n\n\n\n<p>10:00-11:15<\/p>\n\n\n\n<p><strong>Sesija III: Rogovska opatija: uspon i kriza<\/strong><\/p>\n\n\n\n<p>(predsjeda Mladen An\u010di\u0107)<\/p>\n\n\n\n<p>10:00 Tomislav Galovi\u0107 (Filozofski fakultet Sveu\u010dili\u0161ta u Zagrebu)<\/p>\n\n\n\n<p>Libellus Policorion \u2013 Rogovski kartular:<em> temeljni izvor za najraniju povijest samostana sv. Ivana Evan\u0111elista u Biogradu \/ sv. Kuzme i Damjana na \u0106okovcu kod Tkona na otoku Pa\u0161manu (11-12. stolje\u0107e)<\/em><\/p>\n\n\n\n<p>10:25 Antun Neki\u0107 (HAZU, Zavod za povijesne znanosti u Zadru)<\/p>\n\n\n\n<p><em>Kontekst, uzroci i posljedice mleta\u010dkog pohoda 1125.<\/em><em><\/em><\/p>\n\n\n\n<p><em>-rasprava-<\/em><\/p>\n\n\n\n<p>11:15-11:45<\/p>\n\n\n\n<p><strong>Stanka za osvje\u017eenje<\/strong><\/p>\n\n\n\n<p>11:45-13:15<\/p>\n\n\n\n<p><strong>Sesija IV: \u0106okovac: naslje\u0111e i novi po\u010detak<\/strong><\/p>\n\n\n\n<p>(predsjeda Antun Neki\u0107)<\/p>\n\n\n\n<p>11:45 Nikolina Uroda (Muzej hrvatski arheolo\u0161kih spomenika, Split)<\/p>\n\n\n\n<p><em>Oto\u010dni samostani u Dalmaciji: duhovnost u prostoru izolacije<\/em><\/p>\n\n\n\n<p>12:10 Bo\u017eana Maleti\u0107 (Pontificio Istituto di Archeologia Cristiana, Rim)<\/p>\n\n\n\n<p><em>\u0106okovac i preobrazba kasnoanti\u010dkih utvrda u samostane: dinamika prostora i mo\u0107i na isto\u010dnom Jadranu<\/em><\/p>\n\n\n\n<p>12:35 Trpimir Vedri\u0161 (Filozofski fakultet Sveu\u010dili\u0161ta u Zagrebu)<\/p>\n\n\n\n<p><em>Podrijetlo i \u0161irenje kulta sv. Kuzme i Damjana na Jadranu <\/em><em><\/em><\/p>\n\n\n\n<p><em>-rasprava-<\/em><\/p>\n\n\n\n<p>13:00-13:30<\/p>\n\n\n\n<p><strong>Zaklju\u010dna rasprava<\/strong><\/p>\n\n\n\n<p>13:30-15:00<\/p>\n\n\n\n<p><strong>Restoran Sovinje: Ru\u010dak za izlaga\u010de i organizatore<\/strong><\/p>\n\n\n\n<p>15:00-16:30<\/p>\n\n\n\n<p><strong>Organizirani posjet samostanu \u0106okovac<\/strong><\/p>\n\n\n\n<hr class=\"wp-block-separator has-alpha-channel-opacity\"\/>\n\n\n\n<div data-wp-interactive=\"core\/file\" class=\"wp-block-file\"><object data-wp-bind--hidden=\"!state.hasPdfPreview\" hidden class=\"wp-block-file__embed\" data=\"https:\/\/historiografija.hr\/wp-content\/uploads\/2025\/09\/Programska-knjizica-Simpozij-Cokovac.pdf\" type=\"application\/pdf\" style=\"width:100%;height:600px\" aria-label=\"Ugra\u0111eno Programska knjizica Simpozij Cokovac.\"><\/object><a id=\"wp-block-file--media-9fdafef0-23ba-499e-a5b0-42108038a7ed\" href=\"https:\/\/historiografija.hr\/wp-content\/uploads\/2025\/09\/Programska-knjizica-Simpozij-Cokovac.pdf\">Programska knjizica Simpozij Cokovac<\/a><a href=\"https:\/\/historiografija.hr\/wp-content\/uploads\/2025\/09\/Programska-knjizica-Simpozij-Cokovac.pdf\" class=\"wp-block-file__button wp-element-button\" download aria-describedby=\"wp-block-file--media-9fdafef0-23ba-499e-a5b0-42108038a7ed\">Preuzmi<\/a><\/div>\n\n\n\n<hr class=\"wp-block-separator has-alpha-channel-opacity\"\/>\n","protected":false},"excerpt":{"rendered":"","protected":false},"author":2,"featured_media":48382,"comment_status":"open","ping_status":"open","sticky":false,"template":"","format":"standard","meta":{"_acf_changed":false,"jetpack_post_was_ever_published":false,"_jetpack_newsletter_access":"","_jetpack_dont_email_post_to_subs":false,"_jetpack_newsletter_tier_id":0,"_jetpack_memberships_contains_paywalled_content":false,"_jetpack_memberships_contains_paid_content":false,"footnotes":"","jetpack_publicize_message":"","jetpack_publicize_feature_enabled":true,"jetpack_social_post_already_shared":true,"jetpack_social_options":{"image_generator_settings":{"template":"highway","default_image_id":0,"font":"","enabled":false},"version":2}},"categories":[3,9],"tags":[],"class_list":["post-48375","post","type-post","status-publish","format-standard","has-post-thumbnail","hentry","category-novosti","category-skupovi"],"acf":{"facebook_opis":""},"jetpack_publicize_connections":[],"jetpack_featured_media_url":"https:\/\/i0.wp.com\/historiografija.hr\/wp-content\/uploads\/2025\/09\/Simpozij_opatija.jpg?fit=892%2C577&ssl=1","jetpack_sharing_enabled":true,"jetpack-related-posts":[{"id":52502,"url":"https:\/\/historiografija.hr\/?p=52502","url_meta":{"origin":48375,"position":0},"title":"Novi znanstveni projekt Hrvatskog instituta za povijest: \u201c\u017drtve ratova i dr\u017eavnog\/politi\u010dkog nasilja u hrvatskoj povijesti 20. stolje\u0107a\u201d","author":"Branimir Jankovi\u0107","date":"17. travnja 2026.","format":false,"excerpt":"Na redovitoj sjednici Vlade RH, 16. travnja 2026., donijet je Zaklju\u010dak kojim se pokre\u0107e znanstveni projekt \u201c\u017drtve ratova i dr\u017eavnog\/politi\u010dkog nasilja u hrvatskoj povijesti 20. stolje\u0107a\u201d. Projekt \u0107e provoditi i koordinirati Hrvatski institut za povijest u razdoblju trajanja projekta od pet godina. Zakljucak Vlade RH Iz teksta projektnog prijedloga: Problematika\u2026","rel":"","context":"U &quot;Novosti&quot;","block_context":{"text":"Novosti","link":"https:\/\/historiografija.hr\/?cat=3"},"img":{"alt_text":"","src":"https:\/\/i0.wp.com\/historiografija.hr\/wp-content\/uploads\/2026\/04\/Vlada-RH.jpg?fit=1200%2C557&ssl=1&resize=350%2C200","width":350,"height":200,"srcset":"https:\/\/i0.wp.com\/historiografija.hr\/wp-content\/uploads\/2026\/04\/Vlada-RH.jpg?fit=1200%2C557&ssl=1&resize=350%2C200 1x, https:\/\/i0.wp.com\/historiografija.hr\/wp-content\/uploads\/2026\/04\/Vlada-RH.jpg?fit=1200%2C557&ssl=1&resize=525%2C300 1.5x, https:\/\/i0.wp.com\/historiografija.hr\/wp-content\/uploads\/2026\/04\/Vlada-RH.jpg?fit=1200%2C557&ssl=1&resize=700%2C400 2x, https:\/\/i0.wp.com\/historiografija.hr\/wp-content\/uploads\/2026\/04\/Vlada-RH.jpg?fit=1200%2C557&ssl=1&resize=1050%2C600 3x"},"classes":[]},{"id":52559,"url":"https:\/\/historiografija.hr\/?p=52559","url_meta":{"origin":48375,"position":1},"title":"Dobitnici dr\u017eavne nagrade za znanost za 2024. godinu","author":"Branimir Jankovi\u0107","date":"20. travnja 2026.","format":false,"excerpt":"Na sjednici Odbora za podjelu dr\u017eavnih nagrada za znanost odr\u017eanoj 16. travnja 2026. godine donesena je Odluka o dodjeli dr\u017eavnih nagrada za znanost za 2024. godinu. Godi\u0161njom nagradom za popularizaciju i promid\u017ebu znanosti nagra\u0111eni su u podru\u010dju humanisti\u010dkih znanosti znanstveni suradnici dr. sc. Josip Mihaljevi\u0107 i dr. sc. Gordan Ravan\u010di\u0107,\u2026","rel":"","context":"U &quot;Novosti&quot;","block_context":{"text":"Novosti","link":"https:\/\/historiografija.hr\/?cat=3"},"img":{"alt_text":"","src":"https:\/\/i0.wp.com\/historiografija.hr\/wp-content\/uploads\/2021\/12\/povijesne-kontroverze.jpg?fit=1200%2C675&ssl=1&resize=350%2C200","width":350,"height":200,"srcset":"https:\/\/i0.wp.com\/historiografija.hr\/wp-content\/uploads\/2021\/12\/povijesne-kontroverze.jpg?fit=1200%2C675&ssl=1&resize=350%2C200 1x, https:\/\/i0.wp.com\/historiografija.hr\/wp-content\/uploads\/2021\/12\/povijesne-kontroverze.jpg?fit=1200%2C675&ssl=1&resize=525%2C300 1.5x, https:\/\/i0.wp.com\/historiografija.hr\/wp-content\/uploads\/2021\/12\/povijesne-kontroverze.jpg?fit=1200%2C675&ssl=1&resize=700%2C400 2x, https:\/\/i0.wp.com\/historiografija.hr\/wp-content\/uploads\/2021\/12\/povijesne-kontroverze.jpg?fit=1200%2C675&ssl=1&resize=1050%2C600 3x"},"classes":[]},{"id":52660,"url":"https:\/\/historiografija.hr\/?p=52660","url_meta":{"origin":48375,"position":2},"title":"Medijski odjeci \u010dlanka Steve \u0110ura\u0161kovi\u0107a \u201e\u017dupanovljeva ne\u017eeljena djeca: ideolo\u0161ko pribli\u017eavanje neoliberala i kr\u0161\u0107anske radikalne desnice u Hrvatskoj\u201c","author":"Branimir Jankovi\u0107","date":"24. travnja 2026.","format":false,"excerpt":"U sklopu projekta \u201eIzazovi intelektualne povijesti: recepcije, preobrazbe i upotrebe politi\u010dkih ideja\u201c objavljen je polemi\u010dki \u010dlanak Steve \u0110ura\u0161kovi\u0107a \u201e\u017dupanovljeva ne\u017eeljena djeca: ideolo\u0161ko pribli\u017eavanje neoliberala i kr\u0161\u0107anske radikalne desnice u Hrvatskoj\u201c, koji je izazvao odre\u0111ene medijske reakcije. Stevo \u0110ura\u0161kovi\u0107 \u017dupanovljeva ne\u017eeljena djeca: ideolo\u0161ko pribli\u017eavanje neoliberala i kr\u0161\u0107anske radikalne desnice u Hrvatskoj\u2026","rel":"","context":"U &quot;Novosti&quot;","block_context":{"text":"Novosti","link":"https:\/\/historiografija.hr\/?cat=3"},"img":{"alt_text":"","src":"https:\/\/i0.wp.com\/historiografija.hr\/wp-content\/uploads\/2026\/04\/SD.png?fit=809%2C821&ssl=1&resize=350%2C200","width":350,"height":200,"srcset":"https:\/\/i0.wp.com\/historiografija.hr\/wp-content\/uploads\/2026\/04\/SD.png?fit=809%2C821&ssl=1&resize=350%2C200 1x, https:\/\/i0.wp.com\/historiografija.hr\/wp-content\/uploads\/2026\/04\/SD.png?fit=809%2C821&ssl=1&resize=525%2C300 1.5x, https:\/\/i0.wp.com\/historiografija.hr\/wp-content\/uploads\/2026\/04\/SD.png?fit=809%2C821&ssl=1&resize=700%2C400 2x"},"classes":[]},{"id":52578,"url":"https:\/\/historiografija.hr\/?p=52578","url_meta":{"origin":48375,"position":3},"title":"Poziv za sudjelovanje: XXII. Dani Julija Bene\u0161i\u0107a u Iloku","author":"Branimir Jankovi\u0107","date":"21. travnja 2026.","format":false,"excerpt":"Zavod za lingvisti\u010dka istra\u017eivanja Hrvatske akademije znanosti i umjetnosti, zajedno s Muzejom grada Iloka, organizira XXII. Dane Julija Bene\u0161i\u0107a, koji \u0107e se odr\u017eati od 28. do 30. listopada 2026. u Iloku.\u00a0Teme ovogodi\u0161njih Dana podijeljene su u dvije cjeline: Knji\u017eevno-jezikoslovni d\u00ecv\u0101n s Bene\u0161i\u0107em te Ilok i Srijem u povijesnim stalnicama i\u2026","rel":"","context":"U &quot;Novosti&quot;","block_context":{"text":"Novosti","link":"https:\/\/historiografija.hr\/?cat=3"},"img":{"alt_text":"","src":"https:\/\/i0.wp.com\/historiografija.hr\/wp-content\/uploads\/2019\/10\/HE2_Benesic.jpg?fit=413%2C591&ssl=1&resize=350%2C200","width":350,"height":200},"classes":[]},{"id":52592,"url":"https:\/\/historiografija.hr\/?p=52592","url_meta":{"origin":48375,"position":4},"title":"Predstavljanje knjige &#8220;Turska ku\u0107a u Rijeci&#8221; u Zagrebu","author":"Branimir Jankovi\u0107","date":"22. travnja 2026.","format":false,"excerpt":"U prostorijama Turskog kulturnog centra Yunus Emre u Zagrebu, u utorak 21. travnja 2026. godine, odr\u017eano je sve\u010dano predstavljanje dopunjenog izdanja knjige Turska ku\u0107a u Rijeci, u organizaciji Hrvatsko-turskog dru\u0161tva Rijeka i partnerstvu sa Skupinom prijateljstva Hrvatska-Turska Hrvatskog sabora, Veleposlanstvom Republike Turske u Republici Hrvatskoj te Turskim kulturnim centrom Yunus\u2026","rel":"","context":"U &quot;Novosti&quot;","block_context":{"text":"Novosti","link":"https:\/\/historiografija.hr\/?cat=3"},"img":{"alt_text":"","src":"https:\/\/i0.wp.com\/historiografija.hr\/wp-content\/uploads\/2026\/04\/Turska-kuca-ZG.jpg?fit=1200%2C800&ssl=1&resize=350%2C200","width":350,"height":200,"srcset":"https:\/\/i0.wp.com\/historiografija.hr\/wp-content\/uploads\/2026\/04\/Turska-kuca-ZG.jpg?fit=1200%2C800&ssl=1&resize=350%2C200 1x, https:\/\/i0.wp.com\/historiografija.hr\/wp-content\/uploads\/2026\/04\/Turska-kuca-ZG.jpg?fit=1200%2C800&ssl=1&resize=525%2C300 1.5x, https:\/\/i0.wp.com\/historiografija.hr\/wp-content\/uploads\/2026\/04\/Turska-kuca-ZG.jpg?fit=1200%2C800&ssl=1&resize=700%2C400 2x, https:\/\/i0.wp.com\/historiografija.hr\/wp-content\/uploads\/2026\/04\/Turska-kuca-ZG.jpg?fit=1200%2C800&ssl=1&resize=1050%2C600 3x"},"classes":[]},{"id":52657,"url":"https:\/\/historiografija.hr\/?p=52657","url_meta":{"origin":48375,"position":5},"title":"[Predavanje] Jezik i drugost u (post)socijalisti\u010dkoj Srbiji: diskurzivne politike identiteta (YugoLab)","author":"Branimir Jankovi\u0107","date":"24. travnja 2026.","format":false,"excerpt":"U sklopu projekta Prizma \/ IMAGINATION (\u201eZami\u0161ljanje nacije: srpski nacionalni narativi u sporu (XX\u2013XXI vek)\u201c), koji se realizuje na Institutu za filozofiju i dru\u0161tvenu teoriju Univerziteta u Beogradu (2024\u20132027) uz finansijsku podr\u0161ku Fonda za nauku Republike Srbije, organizuje se serija predavanja na kojoj istra\u017eiva\u010di i istra\u017eiva\u010dice projekta predstavljaju rezultate svojih\u2026","rel":"","context":"U &quot;Novosti&quot;","block_context":{"text":"Novosti","link":"https:\/\/historiografija.hr\/?cat=3"},"img":{"alt_text":"","src":"https:\/\/i0.wp.com\/historiografija.hr\/wp-content\/uploads\/2026\/04\/IFDT_28_IV.png?fit=1200%2C675&ssl=1&resize=350%2C200","width":350,"height":200,"srcset":"https:\/\/i0.wp.com\/historiografija.hr\/wp-content\/uploads\/2026\/04\/IFDT_28_IV.png?fit=1200%2C675&ssl=1&resize=350%2C200 1x, https:\/\/i0.wp.com\/historiografija.hr\/wp-content\/uploads\/2026\/04\/IFDT_28_IV.png?fit=1200%2C675&ssl=1&resize=525%2C300 1.5x, https:\/\/i0.wp.com\/historiografija.hr\/wp-content\/uploads\/2026\/04\/IFDT_28_IV.png?fit=1200%2C675&ssl=1&resize=700%2C400 2x, https:\/\/i0.wp.com\/historiografija.hr\/wp-content\/uploads\/2026\/04\/IFDT_28_IV.png?fit=1200%2C675&ssl=1&resize=1050%2C600 3x"},"classes":[]}],"_links":{"self":[{"href":"https:\/\/historiografija.hr\/index.php?rest_route=\/wp\/v2\/posts\/48375","targetHints":{"allow":["GET"]}}],"collection":[{"href":"https:\/\/historiografija.hr\/index.php?rest_route=\/wp\/v2\/posts"}],"about":[{"href":"https:\/\/historiografija.hr\/index.php?rest_route=\/wp\/v2\/types\/post"}],"author":[{"embeddable":true,"href":"https:\/\/historiografija.hr\/index.php?rest_route=\/wp\/v2\/users\/2"}],"replies":[{"embeddable":true,"href":"https:\/\/historiografija.hr\/index.php?rest_route=%2Fwp%2Fv2%2Fcomments&post=48375"}],"version-history":[{"count":3,"href":"https:\/\/historiografija.hr\/index.php?rest_route=\/wp\/v2\/posts\/48375\/revisions"}],"predecessor-version":[{"id":48381,"href":"https:\/\/historiografija.hr\/index.php?rest_route=\/wp\/v2\/posts\/48375\/revisions\/48381"}],"wp:featuredmedia":[{"embeddable":true,"href":"https:\/\/historiografija.hr\/index.php?rest_route=\/wp\/v2\/media\/48382"}],"wp:attachment":[{"href":"https:\/\/historiografija.hr\/index.php?rest_route=%2Fwp%2Fv2%2Fmedia&parent=48375"}],"wp:term":[{"taxonomy":"category","embeddable":true,"href":"https:\/\/historiografija.hr\/index.php?rest_route=%2Fwp%2Fv2%2Fcategories&post=48375"},{"taxonomy":"post_tag","embeddable":true,"href":"https:\/\/historiografija.hr\/index.php?rest_route=%2Fwp%2Fv2%2Ftags&post=48375"}],"curies":[{"name":"wp","href":"https:\/\/api.w.org\/{rel}","templated":true}]}}