{"id":48364,"date":"2025-09-18T21:45:25","date_gmt":"2025-09-18T21:45:25","guid":{"rendered":"https:\/\/historiografija.hr\/?p=48364"},"modified":"2025-09-18T21:45:25","modified_gmt":"2025-09-18T21:45:25","slug":"predstavljanje-monografije-incunabula-croatica","status":"publish","type":"post","link":"https:\/\/historiografija.hr\/?p=48364","title":{"rendered":"Predstavljanje monografije \u201eIncunabula Croatica\u201c"},"content":{"rendered":"\n<p>U \u010detvrtak 25. rujna 2025. godine u 13 sati u Nacionalnoj i sveu\u010dili\u0161noj knji\u017enici u Zagrebu bit \u0107e sve\u010dano predstavljena monografija <em>Incunabula Croatica<\/em>, veliki nakladni\u010dki pothvat NSK koji donosi vrijedan doprinos prou\u010davanju inkunabula i povijesti hrvatske knjige.<\/p>\n\n\n\n<p>O monografiji, koja je rezultat vi\u0161egodi\u0161njega istra\u017eivanja najstarijih hrvatskih tiskanih knjiga, govorit \u0107e glavna ravnateljica NSK prof. dr. sc. Ivanka Stri\u010devi\u0107, recenzenti izv. prof. dr. sc. Ivana Hebrang Grgi\u0107 i akademik Mateo \u017dagar, voditeljica Zbirke rukopisa i starih knjiga NSK i autorica priloga dr. sc. Irena Gali\u0107 Be\u0161ker, autor priloga dr. sc. Milan Pelc i urednica izdanja izv. prof. dr. sc. Marijana Tomi\u0107.<\/p>\n\n\n\n<p>Objavljivanjem ovoga izdanja Nacionalna i sveu\u010dili\u0161na knji\u017enica u Zagrebu predstavlja rezultat predanoga rada na istra\u017eivanju inkunabula, provedenoga u suradnji s brojnim crkvenim i svjetovnim ustanovama u Hrvatskoj. U sredi\u0161tu monografije nalazi se 96 hrvatskih inkunabula u 180 primjeraka koje su identificirane u 40 ustanova. Podatci su prikupljeni u sklopu dugogodi\u0161njega projekta Knji\u017enice <em>Hrvatski prvotisci: popis i opis prvotisaka u hrvatskim svjetovnim i crkvenim ustanovama<\/em>, a temelje se i na istra\u017eivanjima hrvatskih inkunabulista od Ivana Kukuljevi\u0107a Sakcinskoga u 19. stolje\u0107u do \u0160ime Juri\u0107a i fra Vatroslava Frkina u 20. stolje\u0107u.<\/p>\n\n\n\n<p>Monografija donosi nove spoznaje o raznolikosti i bogatstvu najstarijih hrvatskih tiskanih knjiga i otvara mogu\u0107nosti za budu\u0107a istra\u017eivanja u podru\u010dju inkunabulistike.<\/p>\n\n\n\n<p>Izdavanje monografije poduprli su Ministarstvo kulture i medija Republike Hrvatske i Zaklada Adris.<\/p>\n\n\n\n<hr class=\"wp-block-separator has-alpha-channel-opacity\"\/>\n\n\n\n<p>Izvor:<\/p>\n\n\n\n<p><a href=\"https:\/\/nsk.hr\/dogadanja\/predstavljanje-monografije-incunabula-croatica\">https:\/\/nsk.hr\/dogadanja\/predstavljanje-monografije-incunabula-croatica<\/a><\/p>\n\n\n\n<hr class=\"wp-block-separator has-alpha-channel-opacity\"\/>\n","protected":false},"excerpt":{"rendered":"","protected":false},"author":2,"featured_media":48365,"comment_status":"open","ping_status":"open","sticky":false,"template":"","format":"standard","meta":{"_acf_changed":false,"jetpack_post_was_ever_published":false,"_jetpack_newsletter_access":"","_jetpack_dont_email_post_to_subs":false,"_jetpack_newsletter_tier_id":0,"_jetpack_memberships_contains_paywalled_content":false,"_jetpack_memberships_contains_paid_content":false,"footnotes":"","jetpack_publicize_message":"","jetpack_publicize_feature_enabled":true,"jetpack_social_post_already_shared":true,"jetpack_social_options":{"image_generator_settings":{"template":"highway","default_image_id":0,"font":"","enabled":false},"version":2}},"categories":[3],"tags":[],"class_list":["post-48364","post","type-post","status-publish","format-standard","has-post-thumbnail","hentry","category-novosti"],"acf":{"facebook_opis":""},"jetpack_publicize_connections":[],"jetpack_featured_media_url":"https:\/\/i0.wp.com\/historiografija.hr\/wp-content\/uploads\/2025\/09\/Incunabula-Croatica.jpg?fit=876%2C558&ssl=1","jetpack_sharing_enabled":true,"jetpack-related-posts":[],"_links":{"self":[{"href":"https:\/\/historiografija.hr\/index.php?rest_route=\/wp\/v2\/posts\/48364","targetHints":{"allow":["GET"]}}],"collection":[{"href":"https:\/\/historiografija.hr\/index.php?rest_route=\/wp\/v2\/posts"}],"about":[{"href":"https:\/\/historiografija.hr\/index.php?rest_route=\/wp\/v2\/types\/post"}],"author":[{"embeddable":true,"href":"https:\/\/historiografija.hr\/index.php?rest_route=\/wp\/v2\/users\/2"}],"replies":[{"embeddable":true,"href":"https:\/\/historiografija.hr\/index.php?rest_route=%2Fwp%2Fv2%2Fcomments&post=48364"}],"version-history":[{"count":1,"href":"https:\/\/historiografija.hr\/index.php?rest_route=\/wp\/v2\/posts\/48364\/revisions"}],"predecessor-version":[{"id":48366,"href":"https:\/\/historiografija.hr\/index.php?rest_route=\/wp\/v2\/posts\/48364\/revisions\/48366"}],"wp:featuredmedia":[{"embeddable":true,"href":"https:\/\/historiografija.hr\/index.php?rest_route=\/wp\/v2\/media\/48365"}],"wp:attachment":[{"href":"https:\/\/historiografija.hr\/index.php?rest_route=%2Fwp%2Fv2%2Fmedia&parent=48364"}],"wp:term":[{"taxonomy":"category","embeddable":true,"href":"https:\/\/historiografija.hr\/index.php?rest_route=%2Fwp%2Fv2%2Fcategories&post=48364"},{"taxonomy":"post_tag","embeddable":true,"href":"https:\/\/historiografija.hr\/index.php?rest_route=%2Fwp%2Fv2%2Ftags&post=48364"}],"curies":[{"name":"wp","href":"https:\/\/api.w.org\/{rel}","templated":true}]}}