{"id":48345,"date":"2025-09-17T21:01:28","date_gmt":"2025-09-17T21:01:28","guid":{"rendered":"https:\/\/historiografija.hr\/?p=48345"},"modified":"2025-09-17T21:01:28","modified_gmt":"2025-09-17T21:01:28","slug":"7-korcula-after-party","status":"publish","type":"post","link":"https:\/\/historiografija.hr\/?p=48345","title":{"rendered":"7. KOR\u010cULA AFTER PARTY"},"content":{"rendered":"\n<p>Sedmi Kor\u010dula after Party \u0107e se odr\u017eati od 19. do 21. rujna 2025. godine.<\/p>\n\n\n\n<hr class=\"wp-block-separator has-alpha-channel-opacity\"\/>\n\n\n\n<p><strong>Svijet na prekretnici: dru\u0161tvo i otpori<\/strong><\/p>\n\n\n\n<p>Ovogodi\u0161nji, sedmi Kor\u010dula after Party do\u010dekujemo u jednoj tmurnoj atmosferi svijeta koji se raspada, potpunog sloma me\u0111unarodnih odnosa, neometanog nasilja ja\u010dih prema slabijima, legitimizacije ideja etni\u010dkog \u010di\u0161\u0107enja, istovremene defanzive ljevice u Europi i regiji, krize stanovanja i perspektive nove generacije koja ne vidi odgovore u onome \u0161to joj nudi ljevica, novog revivala usta\u0161tva te velikih gra\u0111ansko-studentskih demonstracija u Srbiji, koji donekle bude nadu. Da stvar bude gora, sve se to doga\u0111a na 80. godi\u0161njicu pobjede protiv fa\u0161izma, koji se o\u010dito vratio u modu. Ukratko, svijet se nalazi na prekretnici, dru\u0161tvo se svugdje po\u010delo buditi, a politike otpora nisu definirane.<\/p>\n\n\n\n<p>Ovogodi\u0161nji Kor\u010dula after Party imat \u0107e nekoliko tema:<\/p>\n\n\n\n<p>80. godi\u0161njica pobjede nad fa\u0161izmom: odnos prema antifa\u0161izmu u Hrvatskoj danas: <strong>Hrvoje Klasi\u0107, Heni Erceg, Marko Vu\u010deti\u0107, Dragan Markovina, Natka Badurina<\/strong>.<\/p>\n\n\n\n<p>Revizionizam i simboli\u010dko prisvajanje Domovinskog rata i kultura sje\u0107anja: <strong>\u010dlanovi VEDRE, Niko Ivan\u010devi\u0107 i Ranko Britvi\u0107 te Neboj\u0161a Blanu\u0161a i Senna \u0160imek<\/strong>.<\/p>\n\n\n\n<p>Antifa\u0161izam, revizionizam i kultura sje\u0107anja u regiji: <strong>Ana Hofman, Haris Pa\u0161ovi\u0107, Dubravka Stojanovi\u0107, Ivan \u010colovi\u0107, Sla\u0111ana Kavari\u0107 Mandi\u0107<\/strong>.<\/p>\n\n\n\n<p>Nova geopoliti\u010dka situacija u svijetu: raspad poslijeratnog poretka: SAD, Rusija, Ukrajina, Izrael, Palestina: <strong>Dubravka Stojanovi\u0107, Jerko Bakotin, Boris Buden<\/strong>.<\/p>\n\n\n\n<p>Studentsko-gra\u0111anski protesti u Srbiji i uli\u010dno-institucionalni otpor: <strong>Dejan Atanackovi\u0107, Filip Balunovi\u0107, Dubravka Stojanovi\u0107, Ivan \u010colovi\u0107<\/strong>.<\/p>\n\n\n\n<p>Od ulaska u Eurozonu klasno raslojavanje u Hrvatskoj ubrzava se. Dok jedni gomilaju nekretnine i u\u0161te\u0111evinu te rje\u0161avaju svoje zdravstvene i obrazovne potrebe u privatnom sektoru kad im zatreba, drugi pla\u0107aju sve ve\u0107e rente i umiru prerano zbog nemogu\u0107nosti pristupa lije\u010denju ili neadekvatne ishrane. Razgovarat \u0107emo o promjenama nastalim uplivom profitne logike u obrazovanje i zdravstvo te ponuditi uvide u konkretne primjere financiranja stanovanja koje nije motivirano profitnom logikom ve\u0107 izravnim zadovoljenjem stambene potrebe. Kao odgovor na rastu\u0107e nejednakosti, pri\u010dat \u0107emo o povijesnoj dinamici proizvodnje jednakosti kroz javno financiranu proizvodnju bogatstava \u2013 od prostora i stanovanja, preko kulture i sporta, do javnog zdravstva, obrazovanja, skrbi, prehrane i niza razli\u010ditih infrastrukturnih sustava: <strong>Dean Duda, Ivan Vadanjel, Jelena Grobenski, Goran Jeras, Tea Truta, Toni Prug<\/strong>.Program zapo\u010dinje 27.8.2025. uvodnom projekcijom filma <strong>Mirotvorac<\/strong> i razgovorom s autorom Ivanom Ramljakom, dobitnikom Velike zlatne arene za najbolji film na 72. Pulskom filmskom festivalu.<\/p>\n\n\n\n<p>Najavljeni film Igora Bezinovi\u0107a <strong>Fiume o morte!, <\/strong>nagra\u0111en s \u010dak \u0161est Zlatnih arena \u2013 za re\u017eiju, produkciju, casting, scenografiju, kostimografiju i masku, s kojim smo trebali zaklju\u010diti ovogodi\u0161nji KaP, ipak \u0107e biti prikazan u \u010detvrtak u Centru za kulturu Kor\u010dula \u2013 uz razgovor s autorom.<\/p>\n\n\n\n<hr class=\"wp-block-separator has-alpha-channel-opacity\"\/>\n\n\n\n<p><strong>Program:<\/strong><\/p>\n\n\n\n<p>\u010cetvrtak 18.09.<\/p>\n\n\n\n<p>CENTAR ZA KULTURU KOR\u010cULA<\/p>\n\n\n\n<p>18:30<\/p>\n\n\n\n<p><strong>Projekcija flma \u201cFiume o morte\u201d<\/strong>, redatelja Igora Bezinovi\u0107a<\/p>\n\n\n\n<p>Petak 19.09.<\/p>\n\n\n\n<p>Ljetno kino Kor\u010dula<\/p>\n\n\n\n<p>18:00<\/p>\n\n\n\n<p><strong>Revizionizam i simboli\u010dko prisvajanje Domovinskog rata i kultura sje\u0107anja<\/strong>:<br>\u010clanovi VeDRA-e Niko Ivan\u010devi\u0107 i Ranko Britvi\u0107, Neboj\u0161a Blanu\u0161a, Senna \u0160imek<\/p>\n\n\n\n<p>19:30<\/p>\n\n\n\n<p><strong>Nova geopoliti\u010dka situacija u svijetu: raspad poslijeratnog poretka<\/strong>&nbsp;(SAD,<br>Rusija, Ukrajina, Izrael, Palestina): Dubravka Stojanovi\u0107, Jerko Bakotin, Boris Buden<\/p>\n\n\n\n<p>Subota 20.09.<\/p>\n\n\n\n<p>Ljetno kino Kor\u010dula<\/p>\n\n\n\n<p>18:00<\/p>\n\n\n\n<p><strong>Studentsko-gra\u0111anski protesti u Srbiji i uli\u010dno-institucionalni otpor<\/strong>: Dejan<br>Atanackovi\u0107, Filip Balunovi\u0107, Dubravka Stojanovi\u0107, Ivan \u010colovi\u0107<\/p>\n\n\n\n<p>19:30<\/p>\n\n\n\n<p><strong>Antifa\u0161izam, revizionizam i kultura sje\u0107anja u regiji<\/strong>: Ana Hofman, Haris<br>Pa\u0161ovi\u0107, Dubravka Stojanovi\u0107, Ivan \u010colovi\u0107, Sla\u0111ana Kavari\u0107 Mandi\u0107<\/p>\n\n\n\n<p>21:00<\/p>\n\n\n\n<p><strong>80. godi\u0161njica pobjede nad fa\u0161izmom: odnos prema antifa\u0161izmu u Hrvatskoj<\/strong><br><strong>danas<\/strong>: Hrvoje Klasi\u0107, Heni Erceg, Marko Vu\u010deti\u0107, Dragan Markovina, Natka Badurina, Igor<br>Bezinovi\u0107<\/p>\n\n\n\n<p>Nedjelja 21.09.<\/p>\n\n\n\n<p>Ljetno kino Kor\u010dula<\/p>\n\n\n\n<p>18:00<\/p>\n\n\n\n<p><strong>Zadruga za eti\u010dno financiranje (ZEF) i zadru\u017eno stanovanje<\/strong>: Goran Jeras<\/p>\n\n\n\n<p>19:30<\/p>\n\n\n\n<p><strong>Zadru\u017eno stanovanje: planiranje i izvedba<\/strong>: Jelena Grobenski, Ivana Vadanjel<\/p>\n\n\n\n<p>21:00<\/p>\n\n\n\n<p><strong>Proizvodnja, jednakost i solidarnost<\/strong>: Toni Prug<\/p>\n\n\n\n<p>21:45<\/p>\n\n\n\n<p><strong>Mo\u017ee li postojati pravo na stanovanje, mogu\u0107i mehanizmi i prepreke<\/strong>: Goran<br>Jeras, Jelena Grobenski, Ivana Vadanjel, Tea Truta i Toni Prug<\/p>\n\n\n\n<hr class=\"wp-block-separator has-alpha-channel-opacity\"\/>\n\n\n\n<p><strong>Izvor<\/strong>:<\/p>\n\n\n\n<figure class=\"wp-block-embed is-type-wp-embed is-provider-kap wp-block-embed-kap\"><div class=\"wp-block-embed__wrapper\">\n<blockquote class=\"wp-embedded-content\" data-secret=\"uO1FvcOb1P\"><a href=\"https:\/\/kap-korcula.net\/korcula-after-party\/kap-2025\/\">KAP 2025.<\/a><\/blockquote><iframe loading=\"lazy\" class=\"wp-embedded-content\" sandbox=\"allow-scripts\" security=\"restricted\" style=\"position: absolute; visibility: hidden;\" title=\"&#8220;KAP 2025.&#8221; &#8212; KAP\" src=\"https:\/\/kap-korcula.net\/korcula-after-party\/kap-2025\/embed\/#?secret=pr1hsid5NS#?secret=uO1FvcOb1P\" data-secret=\"uO1FvcOb1P\" width=\"600\" height=\"338\" frameborder=\"0\" marginwidth=\"0\" marginheight=\"0\" scrolling=\"no\"><\/iframe>\n<\/div><\/figure>\n\n\n\n<hr class=\"wp-block-separator has-alpha-channel-opacity\"\/>\n\n\n\n<p>Obavijest je objavljena i na portalu <strong>Historiografija.ba<\/strong>:<\/p>\n\n\n\n<p><a href=\"https:\/\/historiografija.ba\/historija-u-javnosti\/naucne-manifestacije\/svijet-na-prekretnici-drustvo-i-otpori\">https:\/\/historiografija.ba\/historija-u-javnosti\/naucne-manifestacije\/svijet-na-prekretnici-drustvo-i-otpori<\/a><\/p>\n\n\n\n<hr class=\"wp-block-separator has-alpha-channel-opacity\"\/>\n","protected":false},"excerpt":{"rendered":"","protected":false},"author":2,"featured_media":48346,"comment_status":"open","ping_status":"open","sticky":false,"template":"","format":"standard","meta":{"_acf_changed":false,"jetpack_post_was_ever_published":false,"_jetpack_newsletter_access":"","_jetpack_dont_email_post_to_subs":false,"_jetpack_newsletter_tier_id":0,"_jetpack_memberships_contains_paywalled_content":false,"_jetpack_memberships_contains_paid_content":false,"footnotes":"","jetpack_publicize_message":"","jetpack_publicize_feature_enabled":true,"jetpack_social_post_already_shared":true,"jetpack_social_options":{"image_generator_settings":{"template":"highway","default_image_id":0,"font":"","enabled":false},"version":2}},"categories":[3],"tags":[],"class_list":["post-48345","post","type-post","status-publish","format-standard","has-post-thumbnail","hentry","category-novosti"],"acf":{"facebook_opis":""},"jetpack_publicize_connections":[],"jetpack_featured_media_url":"https:\/\/i0.wp.com\/historiografija.hr\/wp-content\/uploads\/2025\/09\/7.-korcula-after-party.jpg?fit=2048%2C899&ssl=1","jetpack_sharing_enabled":true,"jetpack-related-posts":[],"_links":{"self":[{"href":"https:\/\/historiografija.hr\/index.php?rest_route=\/wp\/v2\/posts\/48345","targetHints":{"allow":["GET"]}}],"collection":[{"href":"https:\/\/historiografija.hr\/index.php?rest_route=\/wp\/v2\/posts"}],"about":[{"href":"https:\/\/historiografija.hr\/index.php?rest_route=\/wp\/v2\/types\/post"}],"author":[{"embeddable":true,"href":"https:\/\/historiografija.hr\/index.php?rest_route=\/wp\/v2\/users\/2"}],"replies":[{"embeddable":true,"href":"https:\/\/historiografija.hr\/index.php?rest_route=%2Fwp%2Fv2%2Fcomments&post=48345"}],"version-history":[{"count":1,"href":"https:\/\/historiografija.hr\/index.php?rest_route=\/wp\/v2\/posts\/48345\/revisions"}],"predecessor-version":[{"id":48347,"href":"https:\/\/historiografija.hr\/index.php?rest_route=\/wp\/v2\/posts\/48345\/revisions\/48347"}],"wp:featuredmedia":[{"embeddable":true,"href":"https:\/\/historiografija.hr\/index.php?rest_route=\/wp\/v2\/media\/48346"}],"wp:attachment":[{"href":"https:\/\/historiografija.hr\/index.php?rest_route=%2Fwp%2Fv2%2Fmedia&parent=48345"}],"wp:term":[{"taxonomy":"category","embeddable":true,"href":"https:\/\/historiografija.hr\/index.php?rest_route=%2Fwp%2Fv2%2Fcategories&post=48345"},{"taxonomy":"post_tag","embeddable":true,"href":"https:\/\/historiografija.hr\/index.php?rest_route=%2Fwp%2Fv2%2Ftags&post=48345"}],"curies":[{"name":"wp","href":"https:\/\/api.w.org\/{rel}","templated":true}]}}