{"id":48336,"date":"2025-09-17T20:03:41","date_gmt":"2025-09-17T20:03:41","guid":{"rendered":"https:\/\/historiografija.hr\/?p=48336"},"modified":"2025-09-17T20:04:07","modified_gmt":"2025-09-17T20:04:07","slug":"caponeu-third-annual-conference-travelling-knowledge-global-epistemologies-and-the-political-novel-in-europe","status":"publish","type":"post","link":"https:\/\/historiografija.hr\/?p=48336","title":{"rendered":"(CAPONEU) Third Annual Conference \u201eTravelling Knowledge: Global Epistemologies and the Political Novel in Europe\u201d"},"content":{"rendered":"\n<p>Sveu\u010dili\u0161te Cambridge organizator je tre\u0107e godi\u0161nje konferencije me\u0111unarodnog projekta \u201eThe Cartography of the Political Novel in Europe\u201c, koja se odr\u017eava online od 15. do 18. rujna 2025. i na kojoj sudjeluju, me\u0111u ostalim, Eric Bergman i Mirela Daki\u0107, Ivana Perica, Branimir Jankovi\u0107.<\/p>\n\n\n\n<hr class=\"wp-block-separator has-alpha-channel-opacity\"\/>\n\n\n\n<p>CAPONEU Annual Conference<\/p>\n\n\n\n<p>15 Sep 2025 \u2013 18 Sep 2025<\/p>\n\n\n\n<p><strong>Travelling Knowledge: Global Epistemologies and the Political Novel in Europe<\/strong><\/p>\n\n\n\n<p><strong>Venue:<\/strong> online via Zoom<\/p>\n\n\n\n<p><strong>Organized by<\/strong> Tara Talwar Windsor (University of Cambridge)<\/p>\n\n\n\n<p><strong>Contact:<\/strong> ttw24@cam.ac.uk<\/p>\n\n\n\n<p><strong>Research project(s):<\/strong> <a href=\"https:\/\/www.zfl-berlin.org\/project\/the-cartography-of-the-political-novel-in-europe.html\">The Cartography of the Political Novel in Europe<\/a><\/p>\n\n\n\n<p><em>If we ignore what other people are thinking, or have thought in the past, then rational discussion must come to an end, though each of us may go on happily talking to himself (Karl Popper, cited in Jonathan O. Chimakonam: African Philosophy and Global Epistemic Injustice)<\/em><\/p>\n\n\n\n<p>Many scholars have noted what Chimakonam calls the \u201cexclusions and lopsidedness in global epistemic discourses\u201d that privilege Western European and white North American traditions of thought. Significant gaps in knowledge ensue. Gaile Pohlhaus, Jr describes how \u201cdominantly situated knowers refuse to acknowledge epistemic tools developed from the experienced world of those situated marginally.\u201d That refusal has a strategic function, permitting \u201cdominantly situated knowers to misunderstand, misinterpret, and\/or ignore whole parts of the world.\u201d In a Eurocentric arena of knowledge, knowers are too often, in Pohlhaus\u2019s words, \u201ccaptivated by a distorted picture of the world.\u201d Within Europe and globally, epistemic authority is further inflected by geography, class, gender, and many other factors.<\/p>\n\n\n\n<p>The third CAPONEU consortium conference explores perspectives on how cultural and geopolitical knowledge travels in the political novel. Our approaches take in but also go beyond Western European and North American epistemologies; intersectional approaches; and\/or explorations of novels as political in the sense that they have an epistemologically transformative impetus. If knowledge can travel across class barriers, time, space, and communities, how might political fiction be its vehicle? In the European context, how can we better apprehend travelling knowledge, and the political impetus and potential it brings with it?<\/p>\n\n\n\n<p><strong>Keynote speakers<\/strong><\/p>\n\n\n\n<ul class=\"wp-block-list\">\n<li>Day 1: Shambhavi Prakash<\/li>\n\n\n\n<li>Day 2: James Ogone<\/li>\n\n\n\n<li>Day 3: Divya Dwivedi<\/li>\n\n\n\n<li>Day 4: B. Venkat Mani<\/li>\n<\/ul>\n\n\n\n<p><strong>Program<\/strong><\/p>\n\n\n\n<p>All times are given in GMT+1.<\/p>\n\n\n\n<p><strong>Monday, 15 Sep 2025<\/strong><\/p>\n\n\n\n<p><strong>Alternative Epistemologies and the Political Novel<\/strong><\/p>\n\n\n\n<p><strong>9.55<br><\/strong>Welcome<\/p>\n\n\n\n<p><strong>10.00<\/strong><br>Keynote<\/p>\n\n\n\n<ul class=\"wp-block-list\">\n<li>Shambhavi Prakash (Jawaharlal Nehru University): \u201cSchichten statt Geschichten\u201d (Layers instead of Stories): Alternative Epistemologies in Hubert Fichte\u2019s <em>Petersilie<\/em> (Parsley)<\/li>\n<\/ul>\n\n\n\n<p><strong>11.00<\/strong><br><strong>Alternative Epistemologies Panel 1: Resistant Knowledge<\/strong><\/p>\n\n\n\n<ul class=\"wp-block-list\">\n<li>Joanna Kellond (University of Brighton): Gender Politics and Subjugated Knowledge in Tlotlo Tsamaase\u2019s <em>Womb City<\/em><\/li>\n\n\n\n<li>Sarah Colvin (University of Cambridge): Animapoetics: Stories in the Face of Death<\/li>\n<\/ul>\n\n\n\n<p><strong>13.00<\/strong><br><strong>Alternative Epistemologies Panel 2: Ex-centric Knowledge on the Move &nbsp;<\/strong> &nbsp; &nbsp; &nbsp;<\/p>\n\n\n\n<ul class=\"wp-block-list\">\n<li>B\u0142a\u017cej Warkocki (Adam Mickiewicz University Pozna\u0144): Queer Discourse and Theory in Poland \u2013 Travelling Knowledge on the (Semi)Peripheries<\/li>\n\n\n\n<li>Charlotte Woodford (University of Cambridge): Ethnographic Fictions? Travelling Stories and Narrative Voice<\/li>\n<\/ul>\n\n\n\n<p><br><strong>Tuesday, 16 Sep 2025<\/strong><\/p>\n\n\n\n<p><strong>Entangled Knowledges and the Political Novel<\/strong><\/p>\n\n\n\n<p><strong>10.00<\/strong><br>Keynote<\/p>\n\n\n\n<ul class=\"wp-block-list\">\n<li>James Ogone (Jaramogi Oginga Odinga University): Epistemologies on Safari: Mobilities, Contestations, and Politics of Global North-South Knowledge Entanglements<\/li>\n<\/ul>\n\n\n\n<p><strong>11.00<\/strong><br><strong>Entangled Knowledges Panel 1: Translation Politics<\/strong><\/p>\n\n\n\n<ul class=\"wp-block-list\">\n<li>Tara Talwar Windsor (University of Cambridge): Between Recognition and Resistance: Literary Festivals and Prizes in Contemporary Germany<\/li>\n\n\n\n<li>Niki Sioki (University of Nicosia): Publishing the Political Novel: The Role of Material Form and Typographic Design in the Circulation of Translated Literature<\/li>\n<\/ul>\n\n\n\n<p><strong>13.00<\/strong><br><strong>Entangled Knowledges Panel 2: Knowledge across Borders<\/strong><\/p>\n\n\n\n<ul class=\"wp-block-list\">\n<li>Aurore Peyroles (ZfL): Imparting Knowledge: The Ambiguities of the Class Mobility Narrative<\/li>\n\n\n\n<li>Florentia Antoniou (University of Nicosia): Bildungsroman Novels from the European Periphery: Marangou\u2019s <em>From Famagusta to Vienna<\/em> and Savi\u010devi\u0107\u2019s <em>Farewell, Cowboy<\/em><\/li>\n<\/ul>\n\n\n\n<p>\u2003<br><strong>Wednesday, 17 Sep 2025<\/strong><\/p>\n\n\n\n<p><strong>Decolonial Epistemologies and the Political Novel<\/strong><\/p>\n\n\n\n<p><strong>10.00<\/strong><br>Keynote<\/p>\n\n\n\n<ul class=\"wp-block-list\">\n<li>Divya Dwivedi (Indian Institute of Technology): The Anti-decolonial Anti-caste Vision of O. V. Vijayan\u2019s Dharmapuranam<\/li>\n<\/ul>\n\n\n\n<p><strong>11.00<\/strong><br><strong>Decolonial Epistemologies Panel 1: Other Voices<\/strong><\/p>\n\n\n\n<ul class=\"wp-block-list\">\n<li>Shuangzhi Li (Fudan University): From Daoism to Pseudo-Christianism: How German Novels Tell Stories of Chinese Rebellions<\/li>\n\n\n\n<li>Branimir Jankovi\u0107 (University of Zagreb): One Knowledge, Different Uses: Andr\u00e9 Gide\u2019s <em>Travels in the Congo<\/em> in the Two Yugoslavias<\/li>\n<\/ul>\n\n\n\n<p><strong>13.00<\/strong><br><strong>Decolonial Epistemologies Panel 2<\/strong><\/p>\n\n\n\n<ul class=\"wp-block-list\">\n<li>Chalo Waya (University of Cambridge): Negotiating Imbricated Positionalities: Critical Afropolitanism as Epistemic Self-assertion in Djaimilia Pereira de Almeida\u2019s <em>Esse Cabelo<\/em><\/li>\n\n\n\n<li>Mark Devenney (University of Brighton): Ghosts of the Political Novel: Decolonial Haunting in the Languages of Empire<\/li>\n<\/ul>\n\n\n\n<p>\u2003<br><strong>Thursday, 18 Sep 2025<\/strong><\/p>\n\n\n\n<p><strong>The Global Political Novel<\/strong><\/p>\n\n\n\n<p><strong>10.00<\/strong><br>Keynote<\/p>\n\n\n\n<ul class=\"wp-block-list\">\n<li>B. Venkat Mani (University of Wisconsin-Madison): The Global Novel in an Age of Refugees<\/li>\n<\/ul>\n\n\n\n<p><strong>11.00<\/strong><br><strong>The Global Political Novel Panel 1: Reading for the Future<\/strong><\/p>\n\n\n\n<ul class=\"wp-block-list\">\n<li>Eric Bergman &amp; Mirela Daki\u0107 (University of Zagreb): Departures of (Reading) the Political Novel in Post-Yugoslav Literature<\/li>\n\n\n\n<li>Tomasz Mizerkiewicz (Adam Mickiewicz University Pozna\u0144): Political Novels and Travelling Knowledge of Saving a Democratic Future in \u201cStrange Times\u201d<\/li>\n<\/ul>\n\n\n\n<p><strong>13.00<\/strong><br>Book launch<\/p>\n\n\n\n<ul class=\"wp-block-list\">\n<li>Ivana Perica (ZfL): <em>Politics, Literature and Tertium Datur: Socialist Central Europe, 1928\u20131968<\/em> (Bloomsbury 2025)<\/li>\n\n\n\n<li>Aurore Peyroles (ZfL): <em>Voyages au bout de la banlieue<\/em> (De Gruyter 2025)<\/li>\n\n\n\n<li>others tba<\/li>\n<\/ul>\n\n\n\n<hr class=\"wp-block-separator has-alpha-channel-opacity\"\/>\n\n\n\n<p>Izvori:<\/p>\n\n\n\n<p><a href=\"https:\/\/www.zfl-berlin.org\/event\/travelling-knowledge-global-epistemologies-and-the-political-novel-in-europe.html\">https:\/\/www.zfl-berlin.org\/event\/travelling-knowledge-global-epistemologies-and-the-political-novel-in-europe.html<\/a><\/p>\n\n\n\n<p><a href=\"https:\/\/www.caponeu.eu\/news\/travelling-knowledge-global-epistemologies-and-the-political-novel-in-europe\">https:\/\/www.caponeu.eu\/news\/travelling-knowledge-global-epistemologies-and-the-political-novel-in-europe<\/a><\/p>\n\n\n\n<p><a href=\"https:\/\/www.caponeu.eu\/cdp\/events\/travelling-knowledge-global-epistemologies-and-the-political-novel-in-europe\">https:\/\/www.caponeu.eu\/cdp\/events\/travelling-knowledge-global-epistemologies-and-the-political-novel-in-europe<\/a><\/p>\n\n\n\n<hr class=\"wp-block-separator has-alpha-channel-opacity\"\/>\n","protected":false},"excerpt":{"rendered":"","protected":false},"author":2,"featured_media":35439,"comment_status":"open","ping_status":"open","sticky":false,"template":"","format":"standard","meta":{"_acf_changed":false,"jetpack_post_was_ever_published":false,"_jetpack_newsletter_access":"","_jetpack_dont_email_post_to_subs":false,"_jetpack_newsletter_tier_id":0,"_jetpack_memberships_contains_paywalled_content":false,"_jetpack_memberships_contains_paid_content":false,"footnotes":"","jetpack_publicize_message":"","jetpack_publicize_feature_enabled":true,"jetpack_social_post_already_shared":true,"jetpack_social_options":{"image_generator_settings":{"template":"highway","default_image_id":0,"font":"","enabled":false},"version":2}},"categories":[3,9],"tags":[],"class_list":["post-48336","post","type-post","status-publish","format-standard","has-post-thumbnail","hentry","category-novosti","category-skupovi"],"acf":{"facebook_opis":""},"jetpack_publicize_connections":[],"jetpack_featured_media_url":"https:\/\/i0.wp.com\/historiografija.hr\/wp-content\/uploads\/2023\/05\/CAPONEU.jpg?fit=820%2C360&ssl=1","jetpack_sharing_enabled":true,"jetpack-related-posts":[{"id":52622,"url":"https:\/\/historiografija.hr\/?p=52622","url_meta":{"origin":48336,"position":0},"title":"Annual CAPONEU conference: Political Novel in Europe Between Democracy and Authoritarianism","author":"Branimir Jankovi\u0107","date":"23. travnja 2026.","format":false,"excerpt":"Caponeu event 22.04.2026 - 24.04.2026 Location: The Faculty of Polish and Classical Philology AMU (Fredry 10, Pozna\u0144)Organized by: Tomasz Mizerkiewicz, Krystyna Pieni\u0105\u017cek-Markovi\u0107, Anna Gawarecka, Ewa Szperlik, Magda Potok, B\u0142a\u017cej Warkocki, Gerard Ronge (all Adam Mickiewicz University in Pozna\u0144)Contact: gerron@amu.edu.pl The Adam Mickiewicz University team, as part of the international CAPONEU\u2026","rel":"","context":"U &quot;Novosti&quot;","block_context":{"text":"Novosti","link":"https:\/\/historiografija.hr\/?cat=3"},"img":{"alt_text":"","src":"https:\/\/i0.wp.com\/historiografija.hr\/wp-content\/uploads\/2026\/04\/Caponeu-political-novel.jpg?fit=500%2C261&ssl=1&resize=350%2C200","width":350,"height":200},"classes":[]},{"id":52664,"url":"https:\/\/historiografija.hr\/?p=52664","url_meta":{"origin":48336,"position":1},"title":"CfP: CONFERENCE OF THE HISTORY OF CONCEPTS GROUP, HELSINKI, 19TH\u201321ST AUGUST 2026 (DEADLINE: 30TH APRIL 2026)","author":"Branimir Jankovi\u0107","date":"24. travnja 2026.","format":false,"excerpt":"The annual conference of the History of Concepts Group is held at the University of Helsinki, 19-21 August 2026. Conference of the History of Concepts Group Conceptual history studies the use of concepts and tries to understand how historical actors have linguistically articulated views of the world. Studying concepts from\u2026","rel":"","context":"U &quot;Novosti&quot;","block_context":{"text":"Novosti","link":"https:\/\/historiografija.hr\/?cat=3"},"img":{"alt_text":"","src":"https:\/\/i0.wp.com\/historiografija.hr\/wp-content\/uploads\/2017\/10\/hsozkult.png?fit=1006%2C241&ssl=1&resize=350%2C200","width":350,"height":200,"srcset":"https:\/\/i0.wp.com\/historiografija.hr\/wp-content\/uploads\/2017\/10\/hsozkult.png?fit=1006%2C241&ssl=1&resize=350%2C200 1x, https:\/\/i0.wp.com\/historiografija.hr\/wp-content\/uploads\/2017\/10\/hsozkult.png?fit=1006%2C241&ssl=1&resize=525%2C300 1.5x, https:\/\/i0.wp.com\/historiografija.hr\/wp-content\/uploads\/2017\/10\/hsozkult.png?fit=1006%2C241&ssl=1&resize=700%2C400 2x"},"classes":[]},{"id":52148,"url":"https:\/\/historiografija.hr\/?p=52148","url_meta":{"origin":48336,"position":2},"title":"Poziv za prijavu na me\u0111unarodnu znanstvenu konferenciju \u201eGranice (ne)slobode: Zadarski krug 1966. Intelektualna opozicija u totalitarnom dru\u0161tvu\u201c","author":"Branimir Jankovi\u0107","date":"27. o\u017eujka 2026.","format":false,"excerpt":"\u00a0\u00a0\u00a0\u00a0 Povodom \u0161ezdesete obljetnice poku\u0161aja osnivanja \u010dasopisa Slobodan glas u Zadru 1966. godine, pozivamo vas na znanstvenu konferenciju posve\u0107enu istra\u017eivanju disidentstva, intelektualne opozicije i granica divergentnog mi\u0161ljenja nasuprot slu\u017ebenoj ideologiji u komunisti\u010dkoj Jugoslaviji. Ideja konferencije je analizirati konkretan fenomen zadarskog slu\u010daja razloge i okolnosti njegove pojave, ali uz otvaranje komparativnih\u2026","rel":"","context":"U &quot;Novosti&quot;","block_context":{"text":"Novosti","link":"https:\/\/historiografija.hr\/?cat=3"},"img":{"alt_text":"","src":"https:\/\/i0.wp.com\/historiografija.hr\/wp-content\/uploads\/2026\/03\/Poziv-konferencija-Zadar.jpg?fit=1200%2C509&ssl=1&resize=350%2C200","width":350,"height":200,"srcset":"https:\/\/i0.wp.com\/historiografija.hr\/wp-content\/uploads\/2026\/03\/Poziv-konferencija-Zadar.jpg?fit=1200%2C509&ssl=1&resize=350%2C200 1x, https:\/\/i0.wp.com\/historiografija.hr\/wp-content\/uploads\/2026\/03\/Poziv-konferencija-Zadar.jpg?fit=1200%2C509&ssl=1&resize=525%2C300 1.5x, https:\/\/i0.wp.com\/historiografija.hr\/wp-content\/uploads\/2026\/03\/Poziv-konferencija-Zadar.jpg?fit=1200%2C509&ssl=1&resize=700%2C400 2x, https:\/\/i0.wp.com\/historiografija.hr\/wp-content\/uploads\/2026\/03\/Poziv-konferencija-Zadar.jpg?fit=1200%2C509&ssl=1&resize=1050%2C600 3x"},"classes":[]},{"id":52580,"url":"https:\/\/historiografija.hr\/?p=52580","url_meta":{"origin":48336,"position":3},"title":"Conference &#8220;Living in the aftermaths: Trauma, politics and survival in Yugoslavia and successor states, 1945 \u2013 present&#8221;","author":"Branimir Jankovi\u0107","date":"21. travnja 2026.","format":false,"excerpt":"The conference aims to explore how war-related psychological distress was experienced, narrated, debated and reframed in Yugoslavia in the second half of the twentieth century. It asks how the theme of wounded psyche and wartime suffering was addressed and acknowledged in political, psychiatric and broader cultural discourses of socialist Yugoslavia,\u2026","rel":"","context":"U &quot;Novosti&quot;","block_context":{"text":"Novosti","link":"https:\/\/historiografija.hr\/?cat=3"},"img":{"alt_text":"","src":"https:\/\/i0.wp.com\/historiografija.hr\/wp-content\/uploads\/2026\/04\/Battle_of_Neretva_Picasso_poster-Conference-Living-in-the-aftermaths.webp?fit=564%2C954&ssl=1&resize=350%2C200","width":350,"height":200,"srcset":"https:\/\/i0.wp.com\/historiografija.hr\/wp-content\/uploads\/2026\/04\/Battle_of_Neretva_Picasso_poster-Conference-Living-in-the-aftermaths.webp?fit=564%2C954&ssl=1&resize=350%2C200 1x, https:\/\/i0.wp.com\/historiografija.hr\/wp-content\/uploads\/2026\/04\/Battle_of_Neretva_Picasso_poster-Conference-Living-in-the-aftermaths.webp?fit=564%2C954&ssl=1&resize=525%2C300 1.5x"},"classes":[]},{"id":52679,"url":"https:\/\/historiografija.hr\/?p=52679","url_meta":{"origin":48336,"position":4},"title":"CfP: CHOSEN NATION(S): HISTORICAL AND CULTURAL INTERPRETATIONS OF EXCEPTIONALISM, BUDAPEST, 10TH\u201311TH JUNE 2026 (DEADLINE: 1ST MAY 2026)","author":"Branimir Jankovi\u0107","date":"27. travnja 2026.","format":false,"excerpt":"The Ludovika University of Public Service (NKE) and the Jewish Theological Seminary \u2013 University of Jewish Studies (OR-ZSE) are pleased to announce a joint academic conference on \u201cChosen Nation(s): Historical and Cultural Interpretations of Exceptionalism\u201d, to be held in Budapest, Hungary. Chosen Nation(s): Historical and Cultural Interpretations of Exceptionalism Keynote\u2026","rel":"","context":"U &quot;Novosti&quot;","block_context":{"text":"Novosti","link":"https:\/\/historiografija.hr\/?cat=3"},"img":{"alt_text":"","src":"https:\/\/i0.wp.com\/historiografija.hr\/wp-content\/uploads\/2017\/10\/hsozkult.png?fit=1006%2C241&ssl=1&resize=350%2C200","width":350,"height":200,"srcset":"https:\/\/i0.wp.com\/historiografija.hr\/wp-content\/uploads\/2017\/10\/hsozkult.png?fit=1006%2C241&ssl=1&resize=350%2C200 1x, https:\/\/i0.wp.com\/historiografija.hr\/wp-content\/uploads\/2017\/10\/hsozkult.png?fit=1006%2C241&ssl=1&resize=525%2C300 1.5x, https:\/\/i0.wp.com\/historiografija.hr\/wp-content\/uploads\/2017\/10\/hsozkult.png?fit=1006%2C241&ssl=1&resize=700%2C400 2x"},"classes":[]},{"id":52573,"url":"https:\/\/historiografija.hr\/?p=52573","url_meta":{"origin":48336,"position":5},"title":"Znanstvena konferencija &#8220;Filozofija odgoja: povijest, praksa, perspektive&#8221;","author":"Branimir Jankovi\u0107","date":"21. travnja 2026.","format":false,"excerpt":"Znanstvena konferencija \"Filozofija odgoja: povijest, praksa, perspektive\" odr\u017eat \u0107e se 23. i 24. travnja 2026. u Konferencijskoj dvorani Knji\u017enice Filozofskog fakulteta u Zagrebu (2. kat).\u00a0Konferencija je organizirana u okviru projekta\u00a0SUMKOS (voditeljica prof. dr. sc. Ivana Zagorac, financiran\u00a0sredstvima NextGenerationEU), uz potporu Odsjeka za filozofiju.\u00a0 Uz izlaga\u010dki dio, konferencija obuhva\u0107a i izlo\u017ebu\u2026","rel":"","context":"U &quot;Novosti&quot;","block_context":{"text":"Novosti","link":"https:\/\/historiografija.hr\/?cat=3"},"img":{"alt_text":"","src":"","width":0,"height":0},"classes":[]}],"_links":{"self":[{"href":"https:\/\/historiografija.hr\/index.php?rest_route=\/wp\/v2\/posts\/48336","targetHints":{"allow":["GET"]}}],"collection":[{"href":"https:\/\/historiografija.hr\/index.php?rest_route=\/wp\/v2\/posts"}],"about":[{"href":"https:\/\/historiografija.hr\/index.php?rest_route=\/wp\/v2\/types\/post"}],"author":[{"embeddable":true,"href":"https:\/\/historiografija.hr\/index.php?rest_route=\/wp\/v2\/users\/2"}],"replies":[{"embeddable":true,"href":"https:\/\/historiografija.hr\/index.php?rest_route=%2Fwp%2Fv2%2Fcomments&post=48336"}],"version-history":[{"count":2,"href":"https:\/\/historiografija.hr\/index.php?rest_route=\/wp\/v2\/posts\/48336\/revisions"}],"predecessor-version":[{"id":48338,"href":"https:\/\/historiografija.hr\/index.php?rest_route=\/wp\/v2\/posts\/48336\/revisions\/48338"}],"wp:featuredmedia":[{"embeddable":true,"href":"https:\/\/historiografija.hr\/index.php?rest_route=\/wp\/v2\/media\/35439"}],"wp:attachment":[{"href":"https:\/\/historiografija.hr\/index.php?rest_route=%2Fwp%2Fv2%2Fmedia&parent=48336"}],"wp:term":[{"taxonomy":"category","embeddable":true,"href":"https:\/\/historiografija.hr\/index.php?rest_route=%2Fwp%2Fv2%2Fcategories&post=48336"},{"taxonomy":"post_tag","embeddable":true,"href":"https:\/\/historiografija.hr\/index.php?rest_route=%2Fwp%2Fv2%2Ftags&post=48336"}],"curies":[{"name":"wp","href":"https:\/\/api.w.org\/{rel}","templated":true}]}}