{"id":48331,"date":"2025-09-17T19:48:29","date_gmt":"2025-09-17T19:48:29","guid":{"rendered":"https:\/\/historiografija.hr\/?p=48331"},"modified":"2025-09-17T19:51:01","modified_gmt":"2025-09-17T19:51:01","slug":"umro-milivoj-solar","status":"publish","type":"post","link":"https:\/\/historiografija.hr\/?p=48331","title":{"rendered":"Umro Milivoj Solar"},"content":{"rendered":"\n<p>U utorak 16. rujna 2025. u Zagrebu je u 90. godini \u017eivota umro <strong>akademik Milivoj Solar<\/strong>, istaknuti hrvatski knji\u017eevni i kulturni teoreti\u010dar i komparatist, redoviti \u010dlan Hrvatske akademije znanosti i umjetnosti.<\/p>\n\n\n\n<p>Rodio se u Koprivnici 8. travnja 1936. Studij filozofije i jugoslavistike zavr\u0161io je 1959. na Filozofskom fakultetu u Zagrebu, gdje je 1964. doktorirao disertacijom o knji\u017eevnom opusu Frana Galovi\u0107a. Od 1963. radio je kao asistent, zatim kao docent, potom izvanredni, a od 1976. i redoviti profesor teorije i metodologije prou\u010davanja knji\u017eevnosti na Odsjeku za komparativnu knji\u017eevnost Filozofskog fakulteta u Zagrebu. Od 1987. do 1990. bio je ministar prosvjete i kulture SR Hrvatske.<\/p>\n\n\n\n<p>Za redovitog \u010dlana HAZU u Razredu za knji\u017eevnost izabran je 2008. Od 2007. bio je professor emeritus Sveu\u010dili\u0161ta u Zagrebu. Od 2011. bio je dopisni \u010dlan Crnogorske akademije znanosti i umjetnosti.<\/p>\n\n\n\n<p>Gostuju\u0107a predavanja iz podru\u010dja komparativne knji\u017eevnosti, hrvatske knji\u017eevnosti i knji\u017eevne teorije odr\u017eavao je na mnogim inozemnim sveu\u010dili\u0161tima.<\/p>\n\n\n\n<p>Znanstveni rad i interes akademika Milivoja Solara bio je usmjeren na temeljna pitanja knji\u017eevne teorije, posebno na probleme poetike i odnosa knji\u017eevne teorije prema filozofiji. Tako\u0111er su ga zanimale i metodologija knji\u017eevne znanosti, knji\u017eevna analiza te univerzalne kulturolo\u0161ke kategorije poput mita, ali i popularna knji\u017eevnost i kultura.<\/p>\n\n\n\n<p>Najpoznatija knjiga akademika Solara je <em>Teorija knji\u017eevnosti<\/em> iz 1976. koja je do\u017eivjela \u010dak 20 izdanja. Objavio je i sljede\u0107a djela:&nbsp;<em>Pitanja poetike<\/em> (1971.),&nbsp;<em>Ideja i&nbsp;<\/em>p<em>ri\u010da <\/em>(1974.), <em>Knji\u017eevna kritika i filozofija knji\u017eevnosti <\/em>(1976.),&nbsp;<em>Uvod u filozofiju knji\u017eevnosti (<\/em>1978.),&nbsp;<em>Smrt Sancha Panze <\/em>(1981.),&nbsp;<em>Suvremena svjetska knji\u017eevnost <\/em>(1982.), <em>Mit&nbsp;<\/em>o&nbsp;<em>avangardi i mit&nbsp;<\/em>o&nbsp;<em>dekadenciji <\/em>(1985.), <em>Eseji&nbsp;<\/em>o&nbsp;<em>fragmentima <\/em>(1985.), <em>Filozofija knji\u017eevnosti <\/em>(1985.),&nbsp;<em>Roman i mit (<\/em>1988.), <em>Teorija proze <\/em>(1989.),<a href=\"http:\/\/www.matica.hr\/www\/wwwizd2.nsf\/AllWebDocs\/MKMHlaka2\">&nbsp;<em>Laka i te\u0161ka knji\u017eevnost<\/em><\/a> (1995.), <a href=\"http:\/\/www.matica.hr\/www\/wwwizd2.nsf\/AllWebDocs\/MKMHsolarvjezbe2izd\"><em>Vje\u017ebe tuma\u010denja<\/em><\/a> (1997.), <em>Edipova bra\u0107a i sinovi <\/em>(1998.), <em>Granice znanosti&nbsp;<\/em>o&nbsp;<em>knji\u017eevnosti <\/em>(2000.), <em>Povijest svjetske knji\u017eevnosti <\/em>(2003.), <em>Predavanja&nbsp;<\/em>o&nbsp;<em>lo\u0161em ukusu <\/em>(2004.), <em>Ideja i pri\u010da <\/em>(2004.), <em>Uvod u filozofiju knji\u017eevnosti <\/em>(2004.), <a href=\"http:\/\/www.matica.hr\/www\/wwwizd2.nsf\/AllWebDocs\/solarretorika\"><em>Retorika postmoderne<\/em><\/a> (2005.), <em>Rje\u010dnik knji\u017eevnoga nazivlja<\/em> (2006.),<a href=\"http:\/\/www.matica.hr\/www\/wwwizd2.nsf\/AllWebDocs\/solarleksikon\">&nbsp;<em>Knji\u017eevni leksikon<\/em><\/a> (2007.),&nbsp;<em>Nakon smrti Sancha Panze<\/em> (2010.),&nbsp;<em>Ukus, mitovi i poetika<\/em>, (2010.),&nbsp;<a href=\"http:\/\/www.matica.hr\/www\/wwwizd2.nsf\/AllWebDocs\/MKMH101\"><em>Kritika relativizma ukusa<\/em><\/a> (2011.) te <a href=\"http:\/\/www.matica.hr\/www\/wwwizd2.nsf\/AllWebDocs\/BRLsolarleksikon2izd\"><em>Knji\u017eevni leksikon. Drugo, pro\u0161ireno izdanje<\/em><\/a> (2011.).<\/p>\n\n\n\n<p>Bio je dobitnik Nagrade Grada Zagreba 1972, Nagrade&nbsp;<em>Bo\u017eidar Ad\u017eija<\/em>&nbsp;1975,&nbsp; Nagrade&nbsp;<em>Vladimir Nazor<\/em>&nbsp;1977., Nagrade HAZU za knjigu&nbsp;<em>Povijest svjetske knji\u017eevnosti<\/em> i Nagrade Grada Koprivnice za \u017eivotno djelo 2007., Nagrade&nbsp;<em>Vladimir Nazor<\/em>&nbsp;za \u017eivotno djelo 2010. i Dr\u017eavne nagrade za znanost za \u017eivotno djelo 2016.<\/p>\n\n\n\n<hr class=\"wp-block-separator has-alpha-channel-opacity\"\/>\n\n\n\n<p>Izvor:<\/p>\n\n\n\n<figure class=\"wp-block-embed is-type-wp-embed is-provider-hazu wp-block-embed-hazu\"><div class=\"wp-block-embed__wrapper\">\n<blockquote class=\"wp-embedded-content\" data-secret=\"OCyDPHyxCR\"><a href=\"https:\/\/www.info.hazu.hr\/2025\/09\/umro-akademik-milivoj-solar\/\">Umro akademik Milivoj Solar<\/a><\/blockquote><iframe loading=\"lazy\" class=\"wp-embedded-content\" sandbox=\"allow-scripts\" security=\"restricted\" style=\"position: absolute; visibility: hidden;\" title=\"&#8220;Umro akademik Milivoj Solar&#8221; &#8212; HAZU\" src=\"https:\/\/www.info.hazu.hr\/2025\/09\/umro-akademik-milivoj-solar\/embed\/#?secret=OCyDPHyxCR\" data-secret=\"OCyDPHyxCR\" width=\"600\" height=\"338\" frameborder=\"0\" marginwidth=\"0\" marginheight=\"0\" scrolling=\"no\"><\/iframe>\n<\/div><\/figure>\n\n\n\n<hr class=\"wp-block-separator has-alpha-channel-opacity\"\/>\n\n\n\n<p>Dodatne obavijesti:<\/p>\n\n\n\n<figure class=\"wp-block-embed is-type-wp-embed is-provider-filozofski-fakultet-sveu-ili-ta-u-zagrebu wp-block-embed-filozofski-fakultet-sveu-ili-ta-u-zagrebu\"><div class=\"wp-block-embed__wrapper\">\n<blockquote class=\"wp-embedded-content\" data-secret=\"yDndI6SH7i\"><a href=\"https:\/\/web2020.ffzg.unizg.hr\/blog\/2025\/09\/17\/preminuo-istaknuti-akademik-milivoj-solar\/\">Preminuo istaknuti akademik Milivoj Solar<\/a><\/blockquote><iframe loading=\"lazy\" class=\"wp-embedded-content\" sandbox=\"allow-scripts\" security=\"restricted\" style=\"position: absolute; visibility: hidden;\" title=\"&#8220;Preminuo istaknuti akademik Milivoj Solar&#8221; &#8212; Filozofski fakultet Sveu\u010dili\u0161ta u Zagrebu\" src=\"https:\/\/web2020.ffzg.unizg.hr\/blog\/2025\/09\/17\/preminuo-istaknuti-akademik-milivoj-solar\/embed\/#?secret=yDndI6SH7i\" data-secret=\"yDndI6SH7i\" width=\"600\" height=\"338\" frameborder=\"0\" marginwidth=\"0\" marginheight=\"0\" scrolling=\"no\"><\/iframe>\n<\/div><\/figure>\n\n\n\n<p><a href=\"https:\/\/magazin.hrt.hr\/kultura\/akademik-milivoj-solar-autor-teorije-knjizevnosti-preminuo-u-90-godini-12338664\">https:\/\/magazin.hrt.hr\/kultura\/akademik-milivoj-solar-autor-teorije-knjizevnosti-preminuo-u-90-godini-12338664<\/a><\/p>\n\n\n\n<figure class=\"wp-block-embed is-type-wp-embed is-provider-kritika-hdp wp-block-embed-kritika-hdp\"><div class=\"wp-block-embed__wrapper\">\n<blockquote class=\"wp-embedded-content\" data-secret=\"2JqGchRoVE\"><a href=\"https:\/\/kritika-hdp.hr\/milivoj-solar-predavanje-je-zanat-a-ja-sam-samo-obrtnik-predavac\/\">MILIVOJ SOLAR: Predavanje je zanat, a ja sam samo obrtnik predava\u010d<\/a><\/blockquote><iframe loading=\"lazy\" class=\"wp-embedded-content\" sandbox=\"allow-scripts\" security=\"restricted\" style=\"position: absolute; visibility: hidden;\" title=\"&#8220;MILIVOJ SOLAR: Predavanje je zanat, a ja sam samo obrtnik predava\u010d&#8221; &#8212; Kritika HDP\" src=\"https:\/\/kritika-hdp.hr\/milivoj-solar-predavanje-je-zanat-a-ja-sam-samo-obrtnik-predavac\/embed\/#?secret=iDXKFiQkWu#?secret=2JqGchRoVE\" data-secret=\"2JqGchRoVE\" width=\"600\" height=\"338\" frameborder=\"0\" marginwidth=\"0\" marginheight=\"0\" scrolling=\"no\"><\/iframe>\n<\/div><\/figure>\n\n\n\n<hr class=\"wp-block-separator has-alpha-channel-opacity\"\/>\n","protected":false},"excerpt":{"rendered":"","protected":false},"author":2,"featured_media":48332,"comment_status":"open","ping_status":"open","sticky":false,"template":"","format":"standard","meta":{"_acf_changed":false,"jetpack_post_was_ever_published":false,"_jetpack_newsletter_access":"","_jetpack_dont_email_post_to_subs":false,"_jetpack_newsletter_tier_id":0,"_jetpack_memberships_contains_paywalled_content":false,"_jetpack_memberships_contains_paid_content":false,"footnotes":"","jetpack_publicize_message":"","jetpack_publicize_feature_enabled":true,"jetpack_social_post_already_shared":true,"jetpack_social_options":{"image_generator_settings":{"template":"highway","default_image_id":0,"font":"","enabled":false},"version":2}},"categories":[3,20],"tags":[],"class_list":["post-48331","post","type-post","status-publish","format-standard","has-post-thumbnail","hentry","category-novosti","category-obavijesti-o-smrti-i-nekrolozi"],"acf":{"facebook_opis":""},"jetpack_publicize_connections":[],"jetpack_featured_media_url":"https:\/\/i0.wp.com\/historiografija.hr\/wp-content\/uploads\/2025\/09\/Solar.jpg?fit=1500%2C998&ssl=1","jetpack_sharing_enabled":true,"jetpack-related-posts":[],"_links":{"self":[{"href":"https:\/\/historiografija.hr\/index.php?rest_route=\/wp\/v2\/posts\/48331","targetHints":{"allow":["GET"]}}],"collection":[{"href":"https:\/\/historiografija.hr\/index.php?rest_route=\/wp\/v2\/posts"}],"about":[{"href":"https:\/\/historiografija.hr\/index.php?rest_route=\/wp\/v2\/types\/post"}],"author":[{"embeddable":true,"href":"https:\/\/historiografija.hr\/index.php?rest_route=\/wp\/v2\/users\/2"}],"replies":[{"embeddable":true,"href":"https:\/\/historiografija.hr\/index.php?rest_route=%2Fwp%2Fv2%2Fcomments&post=48331"}],"version-history":[{"count":3,"href":"https:\/\/historiografija.hr\/index.php?rest_route=\/wp\/v2\/posts\/48331\/revisions"}],"predecessor-version":[{"id":48335,"href":"https:\/\/historiografija.hr\/index.php?rest_route=\/wp\/v2\/posts\/48331\/revisions\/48335"}],"wp:featuredmedia":[{"embeddable":true,"href":"https:\/\/historiografija.hr\/index.php?rest_route=\/wp\/v2\/media\/48332"}],"wp:attachment":[{"href":"https:\/\/historiografija.hr\/index.php?rest_route=%2Fwp%2Fv2%2Fmedia&parent=48331"}],"wp:term":[{"taxonomy":"category","embeddable":true,"href":"https:\/\/historiografija.hr\/index.php?rest_route=%2Fwp%2Fv2%2Fcategories&post=48331"},{"taxonomy":"post_tag","embeddable":true,"href":"https:\/\/historiografija.hr\/index.php?rest_route=%2Fwp%2Fv2%2Ftags&post=48331"}],"curies":[{"name":"wp","href":"https:\/\/api.w.org\/{rel}","templated":true}]}}