{"id":48295,"date":"2025-09-15T11:18:56","date_gmt":"2025-09-15T11:18:56","guid":{"rendered":"https:\/\/historiografija.hr\/?p=48295"},"modified":"2025-09-15T11:18:56","modified_gmt":"2025-09-15T11:18:56","slug":"znanstveno-strucni-skup-povijesne-jezgre-malih-gradova-revitalizacija-i-lokalne-zajednice","status":"publish","type":"post","link":"https:\/\/historiografija.hr\/?p=48295","title":{"rendered":"Znanstveno-stru\u010dni skup \u201cPovijesne jezgre malih gradova \u2013 revitalizacija i lokalne zajednice\u201d"},"content":{"rendered":"\n<p>Objavljen je program skupa posve\u0107enog povijesnim jezgrama malih gradova, koji se odr\u017eava 19. i 20. rujna 2025. u Samoboru, u organizaciji Hrvatske sekcije ECOVAST-a \u2013 Europskog vije\u0107a za sela i male gradove, OPS \u2013 Udruge O\u017eivljena povijest Samobor, Samoborskog muzeja i Posavskog muzeja Bre\u017eice.<\/p>\n\n\n\n<p>****<\/p>\n\n\n\n<p>Znanstveno-stru\u010dni multidisciplinarni skup<\/p>\n\n\n\n<p><strong>POVIJESNE JEZGRE MALIH GRADOVA \u2013 REVITALIZACIJA I LOKALNE ZAJEDNICE<\/strong><\/p>\n\n\n\n<p>Petak, 19. rujna 2025: izlaganja i diskusije<br>Samobor, Otvorena galerija Samoborskog muzeja (Vila Allnoch), Starogradska ulica 12<\/p>\n\n\n\n<p>Subota, 20. rujna 2025: stru\u010dna ekskurzija<br>Zagreb \u2013 Samobor \u2013 Bre\u017eice \u2013 \u0160enkovec \u2013 Brdovec \u2013 Zapre\u0161i\u0107 \u2013 Zagreb \u2013 Samobor<\/p>\n\n\n\n<p><strong>Tema skupa<\/strong><\/p>\n\n\n\n<p>Mali povijesni gradovi karakteristika su hrvatskog i europskog prostora. Vi\u0161e od 4500 malih povijesnih gradova predstavljaju vitalnu vrijednost u hijerarhiji naselja i odr\u017eavanju poveznica s ruralnim prostorima, u razvoju lokalne, regionalne i nacionalne ekonomije, u stvaranju i o\u010duvanju povijesnog, kulturnog i prostornog identiteta i raznolikosti. Brojne male gradove karakterizira sli\u010dan stoljetni razvoj koji je ostavio bogatu kulturno-povijesnu ba\u0161tinu, slojeve povijesne arhitekture, specifi\u010dne obrte i industriju, multikulturne i multietni\u010dke sredine.<\/p>\n\n\n\n<p>Izazovi malih povijesnih gradova su brojni i raznoliki. Smanjenje broja stanovni\u0161tva, promjena demografskih struktura, migracije i druge dru\u0161tvene pojave zna\u010dajno utje\u010du na povijesne jezgre u smislu kori\u0161tenja, odr\u017eavanja i ulaganja u gra\u0111evine i prostore, posebno povijesnu arhitekturu, zelene povr\u0161ine i infrastrukturu. Nove gospodarske djelatnosti, razvoj turizma, pove\u0107anje prometa i nova izgradnja dovode do promjena prostora i njegovog kori\u0161tenja, zbog \u010dega povijesne jezgre nerijetko postaju nepriu\u0161tive ili nedostupne lokalnim stanovnicima i tradicionalnim djelatnostima, a ote\u017eano je o\u010duvanje lokalnog identiteta i zadovoljavaju\u0107e kvalitete \u017eivota. Istovremeno, mali povijesni gradovi pokazuju odre\u0111ene specifi\u010dnosti i dobre prakse u razli\u010ditim podru\u010djima, izme\u0111u ostalog u integraciji kulturne ba\u0161tine u suvremeni urbanisti\u010dki razvoj i revitalizaciji povijesnih jezgri, u aktivnom uklju\u010divanju lokalnih zajednica u o\u010duvanje i upravljanje ba\u0161tinom, u kori\u0161tenju nacionalnih i europskih fondova i razvijanju odr\u017eivih politika.<\/p>\n\n\n\n<p><strong>Cilj skupa<\/strong><\/p>\n\n\n\n<p>Cilj je skupa potaknuti prijenos znanja i iskustava, umre\u017eavanje i suradnju dionika koji mogu doprinijeti razvoju dobrih praksi i modela u podru\u010dju revitalizacije povijesnih jezgri malih gradova. Na skup su pozvani istra\u017eiva\u010di i stru\u010dnjaci iz Hrvatske i inozemstva, iz razli\u010ditih disciplina i podru\u010dja djelovanja, regionalne i lokalne samouprave, institucija i udruga, konzervatori, majstori, vlasnici i korisnici da predstave svoja iskustva, projekte, inicijative, prakse i primjere djelovanja te odgovore na specifi\u010dne izazove malih povijesnih gradova.<\/p>\n\n\n\n<p><strong>Na primjerima iz Hrvatske i Slovenije na skupu \u0107e se razgovarati o:<\/strong><\/p>\n\n\n\n<ul class=\"wp-block-list\">\n<li>uspje\u0161nim modelima revitalizacije malih gradova koji uklju\u010duju o\u010duvanje ba\u0161tine, ekonomsku odr\u017eivost i dru\u0161tvenu uklju\u010divost;<\/li>\n\n\n\n<li>na\u010dinima financiranja obnove povijesnih gra\u0111evina;<\/li>\n\n\n\n<li>primjerima i praksama uklju\u010divanja lokalne zajednice u o\u010duvanje i upravljanje ba\u0161tinom;<\/li>\n\n\n\n<li>pozitivnim primjerima kori\u0161tenja turizma i kreativnih industrija kao alata za revitalizaciju povijesnih jezgri;<\/li>\n\n\n\n<li>demografskom stanju i trendovima u povijesnim jezgrama;<\/li>\n\n\n\n<li>modelima zadr\u017eavanja i privla\u010denja stanovnika u male gradove.<\/li>\n<\/ul>\n\n\n\n<p><strong>PROGRAM<\/strong><\/p>\n\n\n\n<p><strong>PETAK, 19. RUJNA 2025.<\/strong><\/p>\n\n\n\n<p><strong>Samobor, Otvorena galerija Samoborskog muzeja (Vila Allnoch), Starogradska ulica 12<\/strong><\/p>\n\n\n\n<p>8.30 Okupljanje sudionika<\/p>\n\n\n\n<p>9.00 Otvaranje skupa, pozdravni govori<\/p>\n\n\n\n<p>9.30 Prva grupa izlaganja \/ Moderator: Klementina Batina<\/p>\n\n\n\n<ul class=\"wp-block-list\">\n<li>Tihana Stepinac Fabijani\u0107: Taborec \u2013 najstarija jezgra Samobora<\/li>\n\n\n\n<li>Biserka Dumbovi\u0107 Bilu\u0161i\u0107: Revalorizacija prostornog identiteta Samobora<\/li>\n\n\n\n<li>Ana Mlinar: Obnovljeni tradicijski objekti u okolici Samobora. \u017dumbera\u010dko gorje i njegovo podbre\u017eje. Odabir 12 objekata.<\/li>\n\n\n\n<li>Gordana Remussini: Iz perspektive vlasnika za\u0161ti\u0107ene arhitektonske ba\u0161tine<\/li>\n\n\n\n<li>Jasenka Kranj\u010devi\u0107: Kulturno turisti\u010dki potencijali Samobora \u2013 model za revitalizaciju malog povijesnog grada<\/li>\n<\/ul>\n\n\n\n<p>11.00 Druga grupa izlaganja \/ Moderator: Jasenka Kranj\u010devi\u0107<\/p>\n\n\n\n<ul class=\"wp-block-list\">\n<li>Karlo Lovri\u0107: Demografske promjene u Gradu Skradinu od 1945. do 2021. godine i dru\u0161tveno- gospodarske razvojne prilike<\/li>\n\n\n\n<li>Korana Komar i Karlo Mak: McRegeneracija: nestajanje industrijskog identiteta Zaboka<\/li>\n\n\n\n<li>Ives Vodanovi\u0107 Luki\u0107: Utjecaj umjetni\u010dkih festivala na identitet i vidljivost ruralnih podru\u010dja<\/li>\n\n\n\n<li>Maja Cepeti\u0107 Rogi\u0107, Jadranka Kruljac Sever i Marina Junger Sokolovi\u0107: Kulturno-povijesna cjelina grada \u010cazme \u2013 o\u010duvanje, odr\u017eivost i izazovi<\/li>\n\n\n\n<li>Marin Dui\u0107 i Marko Rukavina: Plemi\u0107ki grad kao poluga identiteta i razvoja: prema integriranom modelu revitalizacije malih povijesnih gradova<\/li>\n<\/ul>\n\n\n\n<p>12.30 Pauza za ru\u010dak \u2013 Samobor, Galerijski prostor Samoborskog muzeja (Vila Allnoch), Starogradska ulica 12<\/p>\n\n\n\n<p>13.15 Kratka \u0161etnja do Trga kralja Tomislava i muzeja uz vodstvo<\/p>\n\n\n\n<p>14.00 Tre\u0107a grupa izlaganja \/ Moderator: Aleksandar Luki\u0107<\/p>\n\n\n\n<ul class=\"wp-block-list\">\n<li>Marko Ercegovi\u0107: Revitalizacija gradskih jezgri kroz primjenu URBACT metodologije<\/li>\n\n\n\n<li>Hrvoje Tomi\u0107, Sanja Lon\u010dar i Goran Andlar: Metodolo\u0161ki aspekti primjene geoinformacijskih tehnologija u dokumentiranju kulturne ba\u0161tine<\/li>\n\n\n\n<li>Kati Sekirnik: Arts and Crafts Centre \u0160kofja Loka \u2013 a vibrant space of craftsmanship safeguarding and development<\/li>\n\n\n\n<li>Antonio Grgi\u0107: Rekonstrukcija dru\u0161tvenog doma i suvremeni formati muzeologije kao poluge revitalizacije ruralne zajednice: primjer sela \u0110elekovec u Hrvatskoj<\/li>\n\n\n\n<li>Du\u0161a \u0160aruni\u0107: Udruga Ku\u0107a Ro\u017eanica \u2013 interpretativni centar za o\u010duvanje slavenske ba\u0161tine i promicanje zavi\u010dajne tradicije u kontekstu revitalizacije lokalnih zajednica: aktivnost, iskustva i budu\u0107nost<\/li>\n\n\n\n<li>Filip Lovri\u0107, Luka Lovri\u0107 i Andreja Koli\u0107: Udruga za za\u0161titu okoli\u0161a EKO-2000 u kontekstu revitalizacije lokalnih zajednica: aktivnost, iskustva i budu\u0107nost<\/li>\n<\/ul>\n\n\n\n<p>16.00 Zaklju\u010dci i kraj radnog dijela skupa<\/p>\n\n\n\n<p>16.30 Vo\u0111ena \u0161etnja Starogradskom ulicom, do Gornjeg Kraja i Taborca<\/p>\n\n\n\n<p>17.00 Okrjepa i okupljanje u podno\u017eju crkvice sv. Mihalja i nekada\u0161nje ku\u0107e Oslakovi\u0107 (\u0161tand licitara) \u2013 po\u010detak doga\u0111anja \u201eDan starog Samobora\u201c u organizaciji udruge OPS \u2013 O\u017eivljena povijest Samobora: kru\u017ena \u0161etnja i vodstvo kroz \u2018Sajam starih obrta\u2019 (u klanjcu), ku\u0107a Skendera Fabkovi\u0107a i pitanje njene obnove i revitalizacije, izlo\u017eba fotografija starog Taborca (in situ).<\/p>\n\n\n\n<p>19.00 \u2018Kotli\u0107 s purgerskim majstorima, kalfama i \u0161egrtima\u2019 \u2013 zakuska uz stare samoborske pjesme i tamburice<\/p>\n\n\n\n<p>****<\/p>\n\n\n\n<p><strong>SUBOTA, 20. RUJNA 2025.<\/strong><\/p>\n\n\n\n<p><strong>STRU\u010cNA EKSKURZIJA<\/strong><br><strong>Zagreb \u2013 Samobor \u2013 Bre\u017eice \u2013 \u0160enkovec \u2013 Brdovec \u2013 Zapre\u0161i\u0107 \u2013 Zagreb \u2013 Samobor<\/strong><\/p>\n\n\n\n<p><strong>08:00 \u2013 Zagreb<\/strong> \u2013 polazak autobusa ispred KD Vatroslava Lisinskog<\/p>\n\n\n\n<p><strong>08:45 \u2013 Samobor<\/strong> \u2013 autobusni kolodvor.<br>Okupljanje samoborskih i ostalih sudionika skupa uz maketu Samobora. Ovu iznimnu maketu izradio je maketar Marijan Majdak prema nacrtu A. P. Praunspergera iz 1764. god. Slijedi kru\u017ena vo\u017enja do centra grada i Samoborskog muzeja, predstavljanje rada muzeja i muzejskih projekata. Info: https:\/\/www.samobor.hr\/muzej;<\/p>\n\n\n\n<p><strong>11:00 \u2013 Bre\u017eice<\/strong> \u2013 Posjet Posavskom muzeju Bre\u017eice smje\u0161tenom u renesansnom dvorcu. Slijedi predstavljanje rada muzeja i muzejskih projekata, razgled muzeja i Vite\u0161ke dvorane s baroknim freskama, vo\u0111ena \u0161etnja povijesnom jezgrom grada. Posjet Vodovodnom tornju, izgra\u0111enom 1914. godine za potrebe gradske vodoopskrbe. Toranj je obnovljen i dostupan posjetiteljima. Na sedam je eta\u017ea predstavljena pri\u010da o tehni\u010dkom napretku i povezanosti prirode i kulture u Posavlju. Na najvi\u0161oj se eta\u017ei nalazi vidikovac koji omogu\u0107ava jedinstven pogled na Bre\u017eice i okolicu. Okrjepa. Posjet Banovoj doma\u010diji u neposrednoj blizini Bre\u017eica gdje su predstavljane obnovljene gra\u0111evine \u2013 ku\u0107a, gospodarske zgrade, vinski podrum s vinogradom, p\u010delinjak, kukuruzi\u0161te, i su\u0161ionica vo\u0107a, vo\u0107njak sa starim sortama vo\u0107a i obnovljeni ribnjak. Info: https:\/\/www.pmb.si\/<\/p>\n\n\n\n<p><strong>14:00 \u2013 polazak prema Hrvatskoj<\/strong><\/p>\n\n\n\n<p><strong>14:30 \u2013 \u0160enkovec<\/strong>. Objed u restoranu Stara Pre\u0161a, razgovor s doma\u0107inima, predstavljanje izleti\u0161ta. Restoran se nalazi u povijesnoj gra\u0111evini, nekada\u0161njem ljetnikovcu. Okru\u017een je zelenilom, omogu\u0107uje \u0161etnju pored povrtnjaka, kroz vinograd i unutar manjeg vo\u0107njaka, odmor na terasama i sjenicama. Info: https:\/\/starapresa.com\/<\/p>\n\n\n\n<p><strong>16:15 \u2013 Brdovec<\/strong> \u2013 Posjet Muzeju Brdovec (u obnovi), predstavljanje rada muzeja i muzejskih projekata.<br>Info: https:\/\/muzejbrdovec.hr\/<\/p>\n\n\n\n<p><strong>17:45 \u2013 Zapre\u0161i\u0107<\/strong> \u2013 Kra\u0107i posjet Novim dvorima Jela\u010di\u0107evim (u obnovi) i Muzeju Matije Skurjenija. Info: https:\/\/muzej-matija-skurjeni.hr\/<\/p>\n\n\n\n<p>18:30 \u2013 polazak za Zagreb i Samobor<\/p>\n\n\n\n<p>****<\/p>\n\n\n\n<p>ZNANSTVENI ODBOR<br>Dr. sc. Klementina Batina (Hrvatska akademija znanosti i umjetnosti), doc. dr. sc. Jasenka Kranj\u010devi\u0107 (Institut za turizam, Zagreb), izv. dr. sc. Sanja Lon\u010dar (Filozofski fakultet, Zagreb), prof. dr. sc. Aleksandar Luki\u0107 (Prirodoslovno-matemati\u010dki fakultet, Zagreb)<\/p>\n\n\n\n<p><br>ORGANIZACIJSKI ODBOR<br>Klementina Batina, Nik\u0161a Bo\u017ei\u0107, Alenka \u010cerneli\u010d Kro\u0161elj, Valerija Kelemen Pepeonik, Bo\u0161tjan Kolar, Jasenka Kranj\u010devi\u0107, Sanja Lon\u010dar, Aleksandar Luki\u0107, Tihana Stepinac Fabijani\u0107, Silvija Pranji\u0107, Ives Vodanovi\u0107 Luki\u0107, Nikolina Pulji\u0107 Glasnovi\u0107, Ivica \u0160inti\u0107<\/p>\n\n\n\n<p>****<\/p>\n\n\n\n<p><strong>Organizatori skupa<\/strong><\/p>\n\n\n\n<p>Hrvatska sekcija ECOVAST-a \u2013 Europskog vije\u0107a za sela i male gradove<br>Froudeova 78, 10020 Zagreb<br>OIB: 36183614872<br>Internetska stranica: <a href=\"https:\/\/ecovast.hr\/\">https:\/\/ecovast.hr\/<\/a><br>E-mail: <a href=\"mailto:info@ecovast.hr\">info@ecovast.hr<\/a><\/p>\n\n\n\n<p>OPS \u2013 Udruga O\u017eivljena povijest Samobor<br>\u0160etali\u0161te dr. Franje Tu\u0111mana 9, 10430 Samobor<br>OIB: 58530039892<br>E-mail: <a href=\"mailto:ivica.sintic@gmail.com\">ivica.sintic@gmail.com<\/a><\/p>\n\n\n\n<p>SAMOBORSKI MUZEJ<br>Ferde Livadi\u0107a 7, 10430 Samobor<br>OIB: 40913091389<br>Internetska stranica: <a href=\"https:\/\/www.samobor.hr\/muzej\">https:\/\/www.samobor.hr\/muzej<\/a><br>E-mail: <a href=\"mailto:muzej@samobor.hr\">muzej@samobor.hr<\/a><\/p>\n\n\n\n<p>POSAVSKI MUZEJ BRE\u017dICE<br>Cesta prvih borcev 1, 8250 Bre\u017eice, Slovenija<br>Internetska stranica: https:\/\/www.pmb.si\/<br>E-mail: vodnik@pmb.si<\/p>\n\n\n\n<p>****<\/p>\n\n\n\n<p>Skup se odr\u017eava pod pokroviteljstvom Grada Samobora.<\/p>\n\n\n\n<hr class=\"wp-block-separator has-alpha-channel-opacity\"\/>\n\n\n\n<p>Izvor:<\/p>\n\n\n\n<figure class=\"wp-block-embed is-type-wp-embed is-provider-hrvatska-sekcija-ecovast-a wp-block-embed-hrvatska-sekcija-ecovast-a\"><div class=\"wp-block-embed__wrapper\">\n<blockquote class=\"wp-embedded-content\" data-secret=\"Y1AGUiVid9\"><a href=\"https:\/\/www.ecovast.hr\/prvi-poziv-skup-povijesne-jezgre-malih-gradova-revitalizacija-i-lokalne-zajednice-samobor-rujan-2025-2\/\">Program &#8211; skup &#8220;Povijesne jezgre malih gradova &#8211; revitalizacija i lokalne zajednice&#8221;, Samobor, 19.-20. rujan 2025.<\/a><\/blockquote><iframe loading=\"lazy\" class=\"wp-embedded-content\" sandbox=\"allow-scripts\" security=\"restricted\" style=\"position: absolute; visibility: hidden;\" title=\"&#8220;Program &#8211; skup &#8220;Povijesne jezgre malih gradova &#8211; revitalizacija i lokalne zajednice&#8221;, Samobor, 19.-20. rujan 2025.&#8221; &#8212; Hrvatska sekcija ECOVAST-a\" src=\"https:\/\/www.ecovast.hr\/prvi-poziv-skup-povijesne-jezgre-malih-gradova-revitalizacija-i-lokalne-zajednice-samobor-rujan-2025-2\/embed\/#?secret=HZY08fGoyy#?secret=Y1AGUiVid9\" data-secret=\"Y1AGUiVid9\" width=\"600\" height=\"338\" frameborder=\"0\" marginwidth=\"0\" marginheight=\"0\" scrolling=\"no\"><\/iframe>\n<\/div><\/figure>\n\n\n\n<hr class=\"wp-block-separator has-alpha-channel-opacity\"\/>\n","protected":false},"excerpt":{"rendered":"","protected":false},"author":2,"featured_media":48296,"comment_status":"open","ping_status":"open","sticky":false,"template":"","format":"standard","meta":{"_acf_changed":false,"jetpack_post_was_ever_published":false,"_jetpack_newsletter_access":"","_jetpack_dont_email_post_to_subs":false,"_jetpack_newsletter_tier_id":0,"_jetpack_memberships_contains_paywalled_content":false,"_jetpack_memberships_contains_paid_content":false,"footnotes":"","jetpack_publicize_message":"","jetpack_publicize_feature_enabled":true,"jetpack_social_post_already_shared":true,"jetpack_social_options":{"image_generator_settings":{"template":"highway","default_image_id":0,"font":"","enabled":false},"version":2}},"categories":[3,9],"tags":[],"class_list":["post-48295","post","type-post","status-publish","format-standard","has-post-thumbnail","hentry","category-novosti","category-skupovi"],"acf":{"facebook_opis":""},"jetpack_publicize_connections":[],"jetpack_featured_media_url":"https:\/\/i0.wp.com\/historiografija.hr\/wp-content\/uploads\/2025\/09\/villa-taborec.jpg?fit=768%2C512&ssl=1","jetpack_sharing_enabled":true,"jetpack-related-posts":[{"id":52543,"url":"https:\/\/historiografija.hr\/?p=52543","url_meta":{"origin":48295,"position":0},"title":"Znanstveno-stru\u010dni skup \u201eOto\u010dne pu\u010dke pobo\u017enosti: kontinuiteti i transformacije\u201c","author":"Branimir Jankovi\u0107","date":"20. travnja 2026.","format":false,"excerpt":"Najavljujemo\u00a0znanstveno-stru\u010dni skup \u201eOto\u010dne pu\u010dke pobo\u017enosti: kontinuiteti i transformacije\u201c,\u00a0koji \u0107e se odr\u017eati\u00a0u Rabu od 24. do 26. travnja 2026.,\u00a0u organizaciji i uz potporu\u00a0Instituta za etnologiju i folkloristiku, Zagreb, \u00a0Grada Raba, Pu\u010dkog otvorenog u\u010dili\u0161ta Rab i Centra za istra\u017eivanje srednjovjekovne ba\u0161tine Jadrana RIMAH. Skup okuplja vode\u0107e doma\u0107e stru\u010dnjake koji \u0107e kroz niz\u2026","rel":"","context":"U &quot;Novosti&quot;","block_context":{"text":"Novosti","link":"https:\/\/historiografija.hr\/?cat=3"},"img":{"alt_text":"","src":"https:\/\/i0.wp.com\/historiografija.hr\/wp-content\/uploads\/2026\/04\/Skup_Rab.jpg?fit=848%2C1200&ssl=1&resize=350%2C200","width":350,"height":200,"srcset":"https:\/\/i0.wp.com\/historiografija.hr\/wp-content\/uploads\/2026\/04\/Skup_Rab.jpg?fit=848%2C1200&ssl=1&resize=350%2C200 1x, https:\/\/i0.wp.com\/historiografija.hr\/wp-content\/uploads\/2026\/04\/Skup_Rab.jpg?fit=848%2C1200&ssl=1&resize=525%2C300 1.5x, https:\/\/i0.wp.com\/historiografija.hr\/wp-content\/uploads\/2026\/04\/Skup_Rab.jpg?fit=848%2C1200&ssl=1&resize=700%2C400 2x"},"classes":[]},{"id":52578,"url":"https:\/\/historiografija.hr\/?p=52578","url_meta":{"origin":48295,"position":1},"title":"Poziv za sudjelovanje: XXII. Dani Julija Bene\u0161i\u0107a u Iloku","author":"Branimir Jankovi\u0107","date":"21. travnja 2026.","format":false,"excerpt":"Zavod za lingvisti\u010dka istra\u017eivanja Hrvatske akademije znanosti i umjetnosti, zajedno s Muzejom grada Iloka, organizira XXII. Dane Julija Bene\u0161i\u0107a, koji \u0107e se odr\u017eati od 28. do 30. listopada 2026. u Iloku.\u00a0Teme ovogodi\u0161njih Dana podijeljene su u dvije cjeline: Knji\u017eevno-jezikoslovni d\u00ecv\u0101n s Bene\u0161i\u0107em te Ilok i Srijem u povijesnim stalnicama i\u2026","rel":"","context":"U &quot;Novosti&quot;","block_context":{"text":"Novosti","link":"https:\/\/historiografija.hr\/?cat=3"},"img":{"alt_text":"","src":"https:\/\/i0.wp.com\/historiografija.hr\/wp-content\/uploads\/2019\/10\/HE2_Benesic.jpg?fit=413%2C591&ssl=1&resize=350%2C200","width":350,"height":200},"classes":[]},{"id":52666,"url":"https:\/\/historiografija.hr\/?p=52666","url_meta":{"origin":48295,"position":2},"title":"Najava programa Festivala povijesti Kliofest (5-8. V. 2026)","author":"Branimir Jankovi\u0107","date":"24. travnja 2026.","format":false,"excerpt":"Po trinaesti put odr\u017eava se Festival povijesti Kliofest! Do petka \u0107emo odr\u017eati osam okruglih stolova i dva kolokvija te niz predstavljanja knjiga i projekata razli\u010dite tematike, od antike do suvremenosti. Bit \u0107e predstavljeno i nekoliko izlo\u017ebi te odr\u017ean jedan povijesni kviz. Prikazat \u0107emo i jedan film \u2013 o generalu Boroevi\u0107u.\u2026","rel":"","context":"U &quot;Novosti&quot;","block_context":{"text":"Novosti","link":"https:\/\/historiografija.hr\/?cat=3"},"img":{"alt_text":"","src":"https:\/\/i0.wp.com\/historiografija.hr\/wp-content\/uploads\/2026\/04\/Kliofest-2026.jpg?fit=526%2C526&ssl=1&resize=350%2C200","width":350,"height":200,"srcset":"https:\/\/i0.wp.com\/historiografija.hr\/wp-content\/uploads\/2026\/04\/Kliofest-2026.jpg?fit=526%2C526&ssl=1&resize=350%2C200 1x, https:\/\/i0.wp.com\/historiografija.hr\/wp-content\/uploads\/2026\/04\/Kliofest-2026.jpg?fit=526%2C526&ssl=1&resize=525%2C300 1.5x"},"classes":[]},{"id":52646,"url":"https:\/\/historiografija.hr\/?p=52646","url_meta":{"origin":48295,"position":3},"title":"5. MALI FESTIVAL POVIJESTI U LASTOVU","author":"Branimir Jankovi\u0107","date":"24. travnja 2026.","format":false,"excerpt":"Peti Mali festival povijesti odr\u017eava se od 25. do 27. travnja 2026. na Lastovu, u suradnji Zavoda za povijesne znanosti HAZU u Dubrovniku, Op\u0107ine Lastovo i Turisti\u010dke zajednice te uz potporu Dubrova\u010dko-neretvanske \u017eupanije. Predavanja: Dr. sc. Jasna \u010capo \u201eKu\u0107a kao zalog budu\u0107nosti i most izme\u0111u iseljenika i domovine\u201c Dr. sc.\u2026","rel":"","context":"U &quot;Novosti&quot;","block_context":{"text":"Novosti","link":"https:\/\/historiografija.hr\/?cat=3"},"img":{"alt_text":"","src":"https:\/\/i0.wp.com\/historiografija.hr\/wp-content\/uploads\/2026\/04\/Lastovo.jpg?fit=1200%2C700&ssl=1&resize=350%2C200","width":350,"height":200,"srcset":"https:\/\/i0.wp.com\/historiografija.hr\/wp-content\/uploads\/2026\/04\/Lastovo.jpg?fit=1200%2C700&ssl=1&resize=350%2C200 1x, https:\/\/i0.wp.com\/historiografija.hr\/wp-content\/uploads\/2026\/04\/Lastovo.jpg?fit=1200%2C700&ssl=1&resize=525%2C300 1.5x, https:\/\/i0.wp.com\/historiografija.hr\/wp-content\/uploads\/2026\/04\/Lastovo.jpg?fit=1200%2C700&ssl=1&resize=700%2C400 2x, https:\/\/i0.wp.com\/historiografija.hr\/wp-content\/uploads\/2026\/04\/Lastovo.jpg?fit=1200%2C700&ssl=1&resize=1050%2C600 3x"},"classes":[]},{"id":52633,"url":"https:\/\/historiografija.hr\/?p=52633","url_meta":{"origin":48295,"position":4},"title":"POVIJEST TRE\u0160NJEVA\u010cKE GLAZBE: prikupljanje virtualnog fundusa Muzeja susjedstva Tre\u0161njevka","author":"Branimir Jankovi\u0107","date":"23. travnja 2026.","format":false,"excerpt":"utorak 28. 4. 2026. 14 - 18 h Nova BAZA, Nova cesta 66, Zagreb Prvi su dani ljeta 1957. godine. Bo\u017eica Kalafati\u0107 poha\u0111a drugi razred Osnovne \u0161kole Bratstvo i jedinstvo, danas kralja Tomislava, a ide i na muzi\u010dke satove u Mo\u0161\u0107eni\u010dkoj ulici. Na fotografiji s harmonikom u rukama stoji u\u2026","rel":"","context":"U &quot;Novosti&quot;","block_context":{"text":"Novosti","link":"https:\/\/historiografija.hr\/?cat=3"},"img":{"alt_text":"","src":"https:\/\/i0.wp.com\/historiografija.hr\/wp-content\/uploads\/2026\/04\/MST_prikupljanje.jpg?fit=380%2C475&ssl=1&resize=350%2C200","width":350,"height":200},"classes":[]},{"id":52511,"url":"https:\/\/historiografija.hr\/?p=52511","url_meta":{"origin":48295,"position":5},"title":"Izlo\u017eba &#8220;Lica Sljemena&#8221;","author":"Branimir Jankovi\u0107","date":"17. travnja 2026.","format":false,"excerpt":"Srda\u010dno vas pozivamo na otvorenje izlo\u017ebe Lica Sljemena koje \u0107e se odr\u017eati u srijedu 22. travnja 2026. u 18 h ispred Muzeja Prigorja (Trg Dragutina Domjani\u0107a 5, Sesvete). Izlo\u017eba proizlazi iz istra\u017eivanja Nevene \u0160krbi\u0107 Alempijevi\u0107, Petre Kelemen i Sanje Potkonjak te intervjua sa Sljemena\u0161icama i Sljemena\u0161ima, koji su provedeni u\u2026","rel":"","context":"U &quot;Izlo\u017ebe&quot;","block_context":{"text":"Izlo\u017ebe","link":"https:\/\/historiografija.hr\/?cat=10"},"img":{"alt_text":"","src":"https:\/\/i0.wp.com\/historiografija.hr\/wp-content\/uploads\/2026\/04\/Izlozba-Lica-Sljemena.png?fit=1080%2C686&ssl=1&resize=350%2C200","width":350,"height":200,"srcset":"https:\/\/i0.wp.com\/historiografija.hr\/wp-content\/uploads\/2026\/04\/Izlozba-Lica-Sljemena.png?fit=1080%2C686&ssl=1&resize=350%2C200 1x, https:\/\/i0.wp.com\/historiografija.hr\/wp-content\/uploads\/2026\/04\/Izlozba-Lica-Sljemena.png?fit=1080%2C686&ssl=1&resize=525%2C300 1.5x, https:\/\/i0.wp.com\/historiografija.hr\/wp-content\/uploads\/2026\/04\/Izlozba-Lica-Sljemena.png?fit=1080%2C686&ssl=1&resize=700%2C400 2x, https:\/\/i0.wp.com\/historiografija.hr\/wp-content\/uploads\/2026\/04\/Izlozba-Lica-Sljemena.png?fit=1080%2C686&ssl=1&resize=1050%2C600 3x"},"classes":[]}],"_links":{"self":[{"href":"https:\/\/historiografija.hr\/index.php?rest_route=\/wp\/v2\/posts\/48295","targetHints":{"allow":["GET"]}}],"collection":[{"href":"https:\/\/historiografija.hr\/index.php?rest_route=\/wp\/v2\/posts"}],"about":[{"href":"https:\/\/historiografija.hr\/index.php?rest_route=\/wp\/v2\/types\/post"}],"author":[{"embeddable":true,"href":"https:\/\/historiografija.hr\/index.php?rest_route=\/wp\/v2\/users\/2"}],"replies":[{"embeddable":true,"href":"https:\/\/historiografija.hr\/index.php?rest_route=%2Fwp%2Fv2%2Fcomments&post=48295"}],"version-history":[{"count":1,"href":"https:\/\/historiografija.hr\/index.php?rest_route=\/wp\/v2\/posts\/48295\/revisions"}],"predecessor-version":[{"id":48297,"href":"https:\/\/historiografija.hr\/index.php?rest_route=\/wp\/v2\/posts\/48295\/revisions\/48297"}],"wp:featuredmedia":[{"embeddable":true,"href":"https:\/\/historiografija.hr\/index.php?rest_route=\/wp\/v2\/media\/48296"}],"wp:attachment":[{"href":"https:\/\/historiografija.hr\/index.php?rest_route=%2Fwp%2Fv2%2Fmedia&parent=48295"}],"wp:term":[{"taxonomy":"category","embeddable":true,"href":"https:\/\/historiografija.hr\/index.php?rest_route=%2Fwp%2Fv2%2Fcategories&post=48295"},{"taxonomy":"post_tag","embeddable":true,"href":"https:\/\/historiografija.hr\/index.php?rest_route=%2Fwp%2Fv2%2Ftags&post=48295"}],"curies":[{"name":"wp","href":"https:\/\/api.w.org\/{rel}","templated":true}]}}