{"id":48275,"date":"2025-09-12T22:22:16","date_gmt":"2025-09-12T22:22:16","guid":{"rendered":"https:\/\/historiografija.hr\/?p=48275"},"modified":"2025-09-12T22:22:16","modified_gmt":"2025-09-12T22:22:16","slug":"umro-njemacki-kroatist-komparatist-i-slavist-reinhard-lauer","status":"publish","type":"post","link":"https:\/\/historiografija.hr\/?p=48275","title":{"rendered":"Umro njema\u010dki kroatist, komparatist i slavist Reinhard Lauer"},"content":{"rendered":"\n<p>U utorak 9. rujna 2025. u 91. godini \u017eivota umro je istaknuti njema\u010dki kroatist, komparatist i slavist svjetskog glasa <strong>Reinhard Lauer<\/strong>, dopisni \u010dlan Hrvatske akademije znanosti i umjetnosti.<\/p>\n\n\n\n<p>Rodio 15. o\u017eujka 1935. u Bad Frankenhausenu u Tiringiji. Studirao je slavistiku i germanistiku u Marburgu, Berlinu, Beogradu i Frankfurtu na Majni, a potom radio kao lektor za njema\u010dki jezik u Zagrebu (1960.\u20131962.). Nakon habilitacije postao je redovni profesor na Katedri za slavensku filologiju u G\u00f6tingenu (1969.), gdje je do 2003. obna\u0161ao i du\u017enost pro\u010delnika.<\/p>\n\n\n\n<p>Od 1980. bio je redoviti \u010dlan Akademije znanosti u G\u00f6ttingenu i od 1987. predsjednik Akademijine Komisije za interdisciplinarno istra\u017eivanje jugoisto\u010dne Europe. Za dopisnog \u010dlana HAZU u Razredu za knji\u017eevnost izabran je 1990., a bio je dopisni \u010dlan i austrijske, srpske i slovenske akademije.<\/p>\n\n\n\n<p>Te\u017ei\u0161ta znanstvenog rada Reihharda Lauera bile su ruska knji\u017eevnost i ju\u017enoslavenske knji\u017eevnosti, posebno poetika, metrika i komparatistika, intertekstualnost i intermedijalnost. Bio je jedan je od najva\u017enijih i najupornijih promotora hrvatske knji\u017eevnosti u inozemstvu te pobornik samostalnosti i samobitnosti hrvatskog jezika.<\/p>\n\n\n\n<p>Na hrvatskom jeziku objavio je knjige <em>Miroslav Krle\u017ea i njema\u010dki ekspresionizam<\/em> (1990.), <em>Studije i rasprave <\/em>(2002.), <em>Okviri hrvatske knji\u017eevnosti<\/em> (2006.), <em>Povijest ruske knji\u017eevnosti<\/em>&nbsp;(2009.), Nove studije i rasprave (2011.) te <em>Miroslav Krle\u017ea \u2013 hrvatski klasik<\/em> (2013.). Na njema\u010dkom je 2008. objavio pregled hrvatske knji\u017eevnosti&nbsp;<em>Wie viele Blumen<\/em>, a 2010. monografiju o Miroslavu Krle\u017ei&nbsp;<em>Wer ist Miroslav K.? Leben und Werk des kroatischen Klassikers<\/em>.<\/p>\n\n\n\n<p>Lauerova studija o Krle\u017ei i njema\u010dkom ekspresionizmu (<em>Miroslav Krle\u017ea und der deutsche Expressionismus<\/em>) iz 1984. jedna je od najtemeljitijih monografija o europskim korijenima Krle\u017eine ekspresionisti\u010dke lirike. Tako\u0111er, organizirao je me\u0111unarodni znanstveni simpozij o Krle\u017ei (Das Werk Miroslav Krle\u017eas in literaturwissen-schaftlicher Sicht) u G\u00f6ttingenu 1983. &nbsp;te 1987. uredio njema\u010dko izdanje Krle\u017einih eseja <em>Essays \u00fcber Literatur<\/em> kod izdava\u010da Athen\u00e4um. Za ostala izdanja Krle\u017einih djela kod tog izdava\u010da napisao je opse\u017ene predgovore i komentare koji na temelju analiza Krle\u017eina stila i jezika pru\u017eaju cjelovitu sliku o poeti\u010dkim, estetskim i kulturolo\u0161kim zna\u010dajkama Krle\u017eina djela i o njihovu europskom kontekstu.<\/p>\n\n\n\n<p>Osim o Krle\u017ei, pisao je i studije o Ivanu Gunduli\u0107u, Ivanu Ma\u017eurani\u0107u, Stanku Vrazu, A. G. Mato\u0161u, \u0110uri Arnoldu i Janku Ibleru.<\/p>\n\n\n\n<hr class=\"wp-block-separator has-alpha-channel-opacity\"\/>\n\n\n\n<p>Izvor:<\/p>\n\n\n\n<figure class=\"wp-block-embed is-type-wp-embed is-provider-hazu wp-block-embed-hazu\"><div class=\"wp-block-embed__wrapper\">\n<blockquote class=\"wp-embedded-content\" data-secret=\"nOOAFR30j6\"><a href=\"https:\/\/www.info.hazu.hr\/2025\/09\/umro-reinhard-lauer-dopisni-clan-hrvatske-akademije-znanosti-i-umjetnosti\/\">Umro Reinhard Lauer, dopisni \u010dlan Hrvatske akademije znanosti i umjetnosti<\/a><\/blockquote><iframe loading=\"lazy\" class=\"wp-embedded-content\" sandbox=\"allow-scripts\" security=\"restricted\" style=\"position: absolute; visibility: hidden;\" title=\"&#8220;Umro Reinhard Lauer, dopisni \u010dlan Hrvatske akademije znanosti i umjetnosti&#8221; &#8212; HAZU\" src=\"https:\/\/www.info.hazu.hr\/2025\/09\/umro-reinhard-lauer-dopisni-clan-hrvatske-akademije-znanosti-i-umjetnosti\/embed\/#?secret=nOOAFR30j6\" data-secret=\"nOOAFR30j6\" width=\"600\" height=\"338\" frameborder=\"0\" marginwidth=\"0\" marginheight=\"0\" scrolling=\"no\"><\/iframe>\n<\/div><\/figure>\n\n\n\n<hr class=\"wp-block-separator has-alpha-channel-opacity\"\/>\n","protected":false},"excerpt":{"rendered":"","protected":false},"author":2,"featured_media":48276,"comment_status":"open","ping_status":"open","sticky":false,"template":"","format":"standard","meta":{"_acf_changed":false,"jetpack_post_was_ever_published":false,"_jetpack_newsletter_access":"","_jetpack_dont_email_post_to_subs":false,"_jetpack_newsletter_tier_id":0,"_jetpack_memberships_contains_paywalled_content":false,"_jetpack_memberships_contains_paid_content":false,"footnotes":"","jetpack_publicize_message":"","jetpack_publicize_feature_enabled":true,"jetpack_social_post_already_shared":true,"jetpack_social_options":{"image_generator_settings":{"template":"highway","default_image_id":0,"font":"","enabled":false},"version":2}},"categories":[3,20],"tags":[],"class_list":["post-48275","post","type-post","status-publish","format-standard","has-post-thumbnail","hentry","category-novosti","category-obavijesti-o-smrti-i-nekrolozi"],"acf":{"facebook_opis":""},"jetpack_publicize_connections":[],"jetpack_featured_media_url":"https:\/\/i0.wp.com\/historiografija.hr\/wp-content\/uploads\/2025\/09\/Lauer.webp?fit=1200%2C639&ssl=1","jetpack_sharing_enabled":true,"jetpack-related-posts":[],"_links":{"self":[{"href":"https:\/\/historiografija.hr\/index.php?rest_route=\/wp\/v2\/posts\/48275","targetHints":{"allow":["GET"]}}],"collection":[{"href":"https:\/\/historiografija.hr\/index.php?rest_route=\/wp\/v2\/posts"}],"about":[{"href":"https:\/\/historiografija.hr\/index.php?rest_route=\/wp\/v2\/types\/post"}],"author":[{"embeddable":true,"href":"https:\/\/historiografija.hr\/index.php?rest_route=\/wp\/v2\/users\/2"}],"replies":[{"embeddable":true,"href":"https:\/\/historiografija.hr\/index.php?rest_route=%2Fwp%2Fv2%2Fcomments&post=48275"}],"version-history":[{"count":1,"href":"https:\/\/historiografija.hr\/index.php?rest_route=\/wp\/v2\/posts\/48275\/revisions"}],"predecessor-version":[{"id":48277,"href":"https:\/\/historiografija.hr\/index.php?rest_route=\/wp\/v2\/posts\/48275\/revisions\/48277"}],"wp:featuredmedia":[{"embeddable":true,"href":"https:\/\/historiografija.hr\/index.php?rest_route=\/wp\/v2\/media\/48276"}],"wp:attachment":[{"href":"https:\/\/historiografija.hr\/index.php?rest_route=%2Fwp%2Fv2%2Fmedia&parent=48275"}],"wp:term":[{"taxonomy":"category","embeddable":true,"href":"https:\/\/historiografija.hr\/index.php?rest_route=%2Fwp%2Fv2%2Fcategories&post=48275"},{"taxonomy":"post_tag","embeddable":true,"href":"https:\/\/historiografija.hr\/index.php?rest_route=%2Fwp%2Fv2%2Ftags&post=48275"}],"curies":[{"name":"wp","href":"https:\/\/api.w.org\/{rel}","templated":true}]}}